{"id":125933,"date":"2026-01-01T02:33:15","date_gmt":"2026-01-01T02:33:15","guid":{"rendered":"https:\/\/www.europesays.com\/no\/125933\/"},"modified":"2026-01-01T02:33:15","modified_gmt":"2026-01-01T02:33:15","slug":"usa-tror-ikke-pa-putin","status":"publish","type":"post","link":"https:\/\/www.europesays.com\/no\/125933\/","title":{"rendered":"USA tror ikke p\u00e5 Putin"},"content":{"rendered":"<p class=\"kicker \" style=\"\">Donald Trump:<\/p>\n<p>  F\u00f8rst framsto det som at Trump trodde p\u00e5 Putins angrepsp\u00e5stand. N\u00e5 har pipa tilsynelatende f\u00e5tt en annen lyd.<\/p>\n<p>\n    HAR TILSYNELATENDE SNUDD: Donald Trump virket f\u00f8rst \u00e5 tro p\u00e5 Putins p\u00e5stander om et ukrainsk angrep mot hans residens. Skal vi legge hans siste uttalelse p\u00e5 Truth Social til grunn, stemmer ikke det lenger. Her er de to avbildet i Anchrage, Alaska under Vladimir Putins bes\u00f8k her 15. august 2025. Foto: Julia Demaree Nikhinson \/ AP\n  <\/p>\n<p class=\"italic m-italic\" data-lab-italic=\"italic\">SISTE: USAs funn tyder p\u00e5 at Ukraina ikke gjennomf\u00f8rte et angrep mot Putins bolig i Novgorod-distriktet, sier en h\u00f8ytst\u00e5ende kilde med kjennskap til en etterretningsrapport fra CIA til storavisa Wall Street Journal.<\/p>\n<p>Da Russland mandag anklaget Ukraina for \u00e5 ha st\u00e5tt bak et angrep p\u00e5 Vladimir Putins residens ved Valdaj-sj\u00f8en i Novgorod fylke, framsto det f\u00f8rst som at Donald Trump trodde p\u00e5 p\u00e5standen.<\/p>\n<p>Han hadde selv f\u00e5tt den servert av Vladimir Putin per telefon, omtrent samtidig som at Kreml via utenriksminister Sergej Lavrov presenterte den offentlig.<\/p>\n<p>&#8211; Dette er ikke riktig tidspunkt. Jeg ble veldig sint, sa Trump til pressen mandag kveld norsk tid.<\/p>\n<p>    <a itemprop=\"url\" href=\"https:\/\/www.dagbladet.no\/nyheter\/hele-byen-ville-snakket-om-det\/84042012\" rel=\"nofollow noopener\" target=\"_blank\"><\/p>\n<p>        <img loading=\"lazy\" decoding=\"async\" src=\"https:\/\/www.europesays.com\/no\/wp-content\/uploads\/2026\/01\/84042083.webp.webp\" width=\"980\" height=\"441\" title=\"- Hele byen ville snakket om det\" alt=\"\" class=\"lazyload\" style=\"--aspect-ratio-image: 2.22; \"\/><\/p>\n<p>        &#8211; Hele byen ville snakket om det<\/p>\n<p>    <\/a><\/p>\n<p>Onsdag kveld norsk tid framst\u00e5r det som at Donald Trump har en annen mening.<\/p>\n<p>Hardt ut\t<\/p>\n<p>P\u00e5 sitt sosiale medie Truth Social delte Trump ved 20-tida norsk tid en meningsartikkel fra den h\u00f8yreorienterte avisa New York Post.<\/p>\n<p>&#8211; Putins \u00abangreps\u00bb-skryt viser at det er Russland som st\u00e5r i veien for fred, er tittelen, som Trump ogs\u00e5 gjengir i sin post.<\/p>\n<p>I artikkelen g\u00e5s det enda lengre:<\/p>\n<p data-lab-italic=\"italic\" class=\"italic m-italic\">\u00abStemningen var forsiktig optimistisk etter at Ukrainas president Volodymyr Zelensky kom ut fra m\u00f8tet sitt i Mar-a-Lago p\u00e5 s\u00f8ndag. Zelensky inngikk kompromisser p\u00e5 mange punkter i en fredsplan, og president Trump sa at han var villig til \u00e5 bes\u00f8ke Ukraina for \u00e5 p\u00e5virke parlamentet til \u00e5 g\u00e5 med p\u00e5 territorielle innr\u00f8mmelser.<\/p>\n<p data-lab-italic=\"italic\" class=\"italic m-italic\">En slutt p\u00e5 den \u00f8deleggende krigen var \u00abn\u00e6rmere enn noen gang f\u00f8r\u00bb, sa Trump.<\/p>\n<p data-lab-italic=\"italic\" class=\"italic m-italic\">S\u00e5, p\u00e5 bestilling, valgte Russlands diktator Vladimir Putin i stedet l\u00f8gn, hat og d\u00f8d.\u00bb<\/p>\n<p>    <a itemprop=\"url\" href=\"https:\/\/www.dagbladet.no\/nyheter\/kan-angripe-zelenskyj-residens\/84040598\" rel=\"nofollow noopener\" target=\"_blank\"><\/p>\n<p>        <img loading=\"lazy\" decoding=\"async\" src=\"https:\/\/www.europesays.com\/no\/wp-content\/uploads\/2026\/01\/84040882.webp.webp\" width=\"980\" height=\"441\" title=\"- Kan angripe Zelenskyj-residens\" alt=\"\" class=\"lazyload\" style=\"--aspect-ratio-image: 2.22; \"\/><\/p>\n<p>        &#8211; Kan angripe Zelenskyj-residens<\/p>\n<p>    <\/a><\/p>\n<p>Jobbes intenst\t<\/p>\n<p>Det arbeides ved \u00e5rsskiftet intenst fra b\u00e5de ukrainsk og europeisk hold for \u00e5 sikre tilstrekkelige sikkerhetsgarantier for Ukraina i en eventuell fredsplan framforhandlet av USA og Trump.<\/p>\n<p>Russland har benyttet det p\u00e5st\u00e5tte ukrainske angrepet, som det ikke er funnet uavhengig verifiserbare beviser for at fant sted, til \u00e5 hevde at de vil hardne sin forhandlingsposisjon rundt en eventuell fred.<\/p>\n<p>Nytt\u00e5rsaften uttaler Frankrikes president Emmanuel Macron at en rekke europeiske statsledere skal m\u00f8tes i Paris 6. januar for \u00e5 forplikte seg til konkrete tiltak overfor Ukraina, i tilfelle en fredsavtale finner sted.<\/p>\n","protected":false},"excerpt":{"rendered":"Donald Trump: F\u00f8rst framsto det som at Trump trodde p\u00e5 Putins angrepsp\u00e5stand. N\u00e5 har pipa tilsynelatende f\u00e5tt en&hellip;\n","protected":false},"author":2,"featured_media":125790,"comment_status":"","ping_status":"","sticky":false,"template":"","format":"standard","meta":{"footnotes":""},"categories":[5],"tags":[20,21,55,24,25,15,19,179,22,23,17,18,13,30,28,29,14,16,188,26,27,489,412,186],"class_list":{"0":"post-125933","1":"post","2":"type-post","3":"status-publish","4":"format-standard","5":"has-post-thumbnail","7":"category-overskrifter","8":"tag-breaking-news","9":"tag-breakingnews","10":"tag-donald-trump","11":"tag-featured-news","12":"tag-featurednews","13":"tag-headlines","14":"tag-hovedoppslag","15":"tag-krigen-i-ukraina","16":"tag-latest-news","17":"tag-latestnews","18":"tag-main-news","19":"tag-mainnews","20":"tag-news","21":"tag-no","22":"tag-norge","23":"tag-norway","24":"tag-nyheter","25":"tag-overskrifter","26":"tag-russland","27":"tag-top-stories","28":"tag-topstories","29":"tag-ukraina","30":"tag-utenriks","31":"tag-vladimir-putin"},"share_on_mastodon":{"url":"https:\/\/pubeurope.com\/@no\/115817506613252226","error":""},"_links":{"self":[{"href":"https:\/\/www.europesays.com\/no\/wp-json\/wp\/v2\/posts\/125933","targetHints":{"allow":["GET"]}}],"collection":[{"href":"https:\/\/www.europesays.com\/no\/wp-json\/wp\/v2\/posts"}],"about":[{"href":"https:\/\/www.europesays.com\/no\/wp-json\/wp\/v2\/types\/post"}],"author":[{"embeddable":true,"href":"https:\/\/www.europesays.com\/no\/wp-json\/wp\/v2\/users\/2"}],"replies":[{"embeddable":true,"href":"https:\/\/www.europesays.com\/no\/wp-json\/wp\/v2\/comments?post=125933"}],"version-history":[{"count":0,"href":"https:\/\/www.europesays.com\/no\/wp-json\/wp\/v2\/posts\/125933\/revisions"}],"wp:featuredmedia":[{"embeddable":true,"href":"https:\/\/www.europesays.com\/no\/wp-json\/wp\/v2\/media\/125790"}],"wp:attachment":[{"href":"https:\/\/www.europesays.com\/no\/wp-json\/wp\/v2\/media?parent=125933"}],"wp:term":[{"taxonomy":"category","embeddable":true,"href":"https:\/\/www.europesays.com\/no\/wp-json\/wp\/v2\/categories?post=125933"},{"taxonomy":"post_tag","embeddable":true,"href":"https:\/\/www.europesays.com\/no\/wp-json\/wp\/v2\/tags?post=125933"}],"curies":[{"name":"wp","href":"https:\/\/api.w.org\/{rel}","templated":true}]}}