{"id":125940,"date":"2026-01-01T03:28:08","date_gmt":"2026-01-01T03:28:08","guid":{"rendered":"https:\/\/www.europesays.com\/no\/125940\/"},"modified":"2026-01-01T03:28:08","modified_gmt":"2026-01-01T03:28:08","slug":"to-tenaringer-dode-i-fyrverkeriulykker-i-tyskland","status":"publish","type":"post","link":"https:\/\/www.europesays.com\/no\/125940\/","title":{"rendered":"To ten\u00e5ringer d\u00f8de i fyrverkeriulykker i Tyskland"},"content":{"rendered":"\n<p class=\"_lead_o9xde_2 _lead_xtcu6_50 layout-component text-serif-m layout-normal text-serif-l layout-component layout-wide layout-padded _wide_17hqh_1 layout-padded\">To 18 \u00e5r gamle menn mistet livet i ulykker med hjemmelaget fyrverkeri i den tyske byen Bielefeld p\u00e5 nytt\u00e5rsaften, opplyser politiet.<\/p>\n<p><img alt=\"I Berlin ble fem personer innlagt p\u00e5 sykehus med skader for\u00e5rsaket av fyrverkeri. To av dem er alvorlig skadet. Her eksploderer fyrverkeri over Brandenburger Tor under nytt\u00e5rsarrangementet \u00abYeah 26\u00bb.  Foto: Britta Pedersen DPA \/ AP \/ NTB\" class=\"_image_qp4xg_65 layout-component layout-wide\" data-fullscreen- data-track-element-type=\"Article image fullscreen\" data-track-name=\"ImageFullscreen\" fetchpriority=\"high\" decoding=\"sync\" loading=\"eager\" height=\"3938\" itemprop=\"image\"  src=\"https:\/\/www.europesays.com\/no\/wp-content\/uploads\/2026\/01\/e8db006e-1f2e-4669-90d2-0323e1446754.jpeg\"  style=\"object-position:0% 0%\" width=\"6000\"\/>I Berlin ble fem personer innlagt p\u00e5 sykehus med skader for\u00e5rsaket av fyrverkeri. To av dem er alvorlig skadet. Her eksploderer fyrverkeri over Brandenburger Tor under nytt\u00e5rsarrangementet \u00abYeah 26\u00bb.  Foto: Britta Pedersen DPA \/ AP \/ NTB<\/p>\n<ul aria-hidden=\"true\" class=\"_images_ntbth_112\">\n<li><a class=\"_link_ntbth_117\" href=\"https:\/\/www.vg.no\/forfatter\/ntb\" style=\"z-index:1\" title=\"NTB\" rel=\"nofollow noopener\" target=\"_blank\"><img alt=\"Bilde av NTB\" class=\"_image_ntbth_93\" fetchpriority=\"low\" loading=\"lazy\" decoding=\"async\" itemprop=\"image\"  src=\"https:\/\/www.europesays.com\/no\/wp-content\/uploads\/2026\/01\/1767238088_493_c33980b0-5d07-4027-84a1-813f90a7c8d6.png\"  width=\"480\"\/><\/a><\/li>\n<\/ul>\n<p> Oppdatert torsdag 1. januar kl. 03:46     <\/p>\n<p class=\"_paragraph_o9xde_4 _paragraph_xtcu6_10 layout-component text-serif-m layout-normal text-serif-m layout-padded\">Ulykkene skjedde p\u00e5 to ulike steder i Bielefeld i den vesttyske delstaten Nordrhein-Westfalen.<\/p>\n<p class=\"_paragraph_o9xde_4 _paragraph_xtcu6_10 layout-component text-serif-m layout-normal text-serif-m layout-padded\">I Leipzig ble en 16 \u00e5r gammel jente alvorlig skadet i h\u00e5nden da hun fors\u00f8kte \u00e5 tenne ulovlig fyrverkeri, opplyste politiet. Ten\u00e5ringen mistet lillefingeren og deler av ringfingeren.<\/p>\n<p class=\"_paragraph_o9xde_4 _paragraph_xtcu6_10 layout-component text-serif-m layout-normal text-serif-m layout-padded\">Under den forrige nytt\u00e5rsfeiringen ved inngangen til 2025, mistet fem menn livet i fyrverkeriulykker i <a href=\"https:\/\/www.vg.no\/tag\/tyskland?utm_source=vg-article&amp;utm_medium=auto-tagger&amp;utm_campaign=Okp2eA\" class=\"_link_o9xde_39\" rel=\"nofollow noopener\" target=\"_blank\">Tyskland<\/a>.<\/p>\n","protected":false},"excerpt":{"rendered":"To 18 \u00e5r gamle menn mistet livet i ulykker med hjemmelaget fyrverkeri i den tyske byen Bielefeld p\u00e5&hellip;\n","protected":false},"author":2,"featured_media":125941,"comment_status":"","ping_status":"","sticky":false,"template":"","format":"standard","meta":{"footnotes":""},"categories":[10],"tags":[20,21,24,25,10497,15,22,23,13,30,28,29,14,16,26,27,175],"class_list":{"0":"post-125940","1":"post","2":"type-post","3":"status-publish","4":"format-standard","5":"has-post-thumbnail","7":"category-norge","8":"tag-breaking-news","9":"tag-breakingnews","10":"tag-featured-news","11":"tag-featurednews","12":"tag-fyrverkeri","13":"tag-headlines","14":"tag-latest-news","15":"tag-latestnews","16":"tag-news","17":"tag-no","18":"tag-norge","19":"tag-norway","20":"tag-nyheter","21":"tag-overskrifter","22":"tag-top-stories","23":"tag-topstories","24":"tag-tyskland"},"share_on_mastodon":{"url":"https:\/\/pubeurope.com\/@no\/115817722881524227","error":""},"_links":{"self":[{"href":"https:\/\/www.europesays.com\/no\/wp-json\/wp\/v2\/posts\/125940","targetHints":{"allow":["GET"]}}],"collection":[{"href":"https:\/\/www.europesays.com\/no\/wp-json\/wp\/v2\/posts"}],"about":[{"href":"https:\/\/www.europesays.com\/no\/wp-json\/wp\/v2\/types\/post"}],"author":[{"embeddable":true,"href":"https:\/\/www.europesays.com\/no\/wp-json\/wp\/v2\/users\/2"}],"replies":[{"embeddable":true,"href":"https:\/\/www.europesays.com\/no\/wp-json\/wp\/v2\/comments?post=125940"}],"version-history":[{"count":0,"href":"https:\/\/www.europesays.com\/no\/wp-json\/wp\/v2\/posts\/125940\/revisions"}],"wp:featuredmedia":[{"embeddable":true,"href":"https:\/\/www.europesays.com\/no\/wp-json\/wp\/v2\/media\/125941"}],"wp:attachment":[{"href":"https:\/\/www.europesays.com\/no\/wp-json\/wp\/v2\/media?parent=125940"}],"wp:term":[{"taxonomy":"category","embeddable":true,"href":"https:\/\/www.europesays.com\/no\/wp-json\/wp\/v2\/categories?post=125940"},{"taxonomy":"post_tag","embeddable":true,"href":"https:\/\/www.europesays.com\/no\/wp-json\/wp\/v2\/tags?post=125940"}],"curies":[{"name":"wp","href":"https:\/\/api.w.org\/{rel}","templated":true}]}}