{"id":125945,"date":"2026-01-01T03:49:09","date_gmt":"2026-01-01T03:49:09","guid":{"rendered":"https:\/\/www.europesays.com\/no\/125945\/"},"modified":"2026-01-01T03:49:09","modified_gmt":"2026-01-01T03:49:09","slug":"knivstikking-oslo-mann-knivstukket-i-oslo","status":"publish","type":"post","link":"https:\/\/www.europesays.com\/no\/125945\/","title":{"rendered":"Knivstikking, Oslo | Mann knivstukket i Oslo"},"content":{"rendered":"\n<p>Mannen tok selv kontakt med politiet ved 01.37-tiden. Han er n\u00e5 innlagt p\u00e5 sykehus etter at han ble knivstukket i Oslo sentrum.<\/p>\n<p>Politiet melder at de leter etter gjerningspersoner.<\/p>\n<p>\u2013 Politiet er i Youngs gate hvor en person er p\u00e5f\u00f8rt skader som kan samsvare med knivstikking. Flere m\u00f8rkkledde personer sett l\u00f8pende fra stedet, trolig i retning Youngstorget, sier operasjonsleder Bjarne Pedersen i Oslo politidistrikt like etter klokken 2.<\/p>\n<p>  <a href=\"https:\/\/www.nettavisen.no\/5-95-2803530\" class=\"related-teaser has-image nettavisen-story-teaser article--c-eRUmMG article--c-eRUmMG-fZoQSp-design-nettavisen article--c-eRUmMG-eTlODu-cv\" rel=\"nofollow noopener\" target=\"_blank\"><\/p>\n<p>    <img decoding=\"async\" loading=\"lazy\"  src=\"https:\/\/www.europesays.com\/no\/wp-content\/uploads\/2026\/01\/cueres_scp-mangler_navn_aCJZFZO-2Pc.jpg\" alt=\"\" class=\"brick-c-cFOWSL\" style=\"\"\/><\/p>\n<p>\n            Les ogs\u00e5<\/p>\n<p>              Skj\u00f8t mot andre med raketter\n        <\/p>\n<p>  <\/a><br \/>\n  Tok kontakt<\/p>\n<p>Han forteller at mannen selv tok kontakt med politiet og fortalte hva som hadde skjedd.<\/p>\n<p>\u2013 Han opplyste at han var knivstukket i magen og ble transportert til sykehus av politiet, sier Pedersen.<\/p>\n<p>Politiet vet ikke hvor alvorlige skader han er p\u00e5f\u00f8rt. Ved 2-tiden var ingen p\u00e5grepet i saken.<\/p>\n<p>&#8211; Uviss skadegrad pr n\u00e5, opplyser Pedersen.<\/p>\n<p>To forn\u00e6rmede<\/p>\n<p>Politiet opplyser at det er to forn\u00e6rmede i saken.<\/p>\n<p>&#8211; En person skal ha blitt knivstukket og en annen skal ha blitt fors\u00f8kt knivstukket. Politiet har anholdt en person som er mistenkt for hendelsen, forklarer Pedersen.<\/p>\n<p>Det er totalt anholdt fem personer i saken.<\/p>\n<p>  <a href=\"https:\/\/www.nettavisen.no\/5-95-2803509\" class=\"related-teaser has-image nettavisen-story-teaser article--c-eRUmMG article--c-eRUmMG-fZoQSp-design-nettavisen article--c-eRUmMG-eTlODu-cv\" rel=\"nofollow noopener\" target=\"_blank\"><\/p>\n<p>    <img decoding=\"async\" loading=\"lazy\"  src=\"https:\/\/www.europesays.com\/no\/wp-content\/uploads\/2026\/01\/cueres_scp-mangler_navn_dKPh4Mhf5j4.jpg\" alt=\"\" class=\"brick-c-cFOWSL\" style=\"\"\/><\/p>\n<p>\n            Les ogs\u00e5<\/p>\n<p>              Brannmeldingene tikker inn\n        <\/p>\n<p>  <\/a><\/p>\n","protected":false},"excerpt":{"rendered":"Mannen tok selv kontakt med politiet ved 01.37-tiden. Han er n\u00e5 innlagt p\u00e5 sykehus etter at han ble&hellip;\n","protected":false},"author":2,"featured_media":125946,"comment_status":"","ping_status":"","sticky":false,"template":"","format":"standard","meta":{"footnotes":""},"categories":[10],"tags":[20,21,24,25,15,22,23,13,30,28,29,14,16,26,27],"class_list":{"0":"post-125945","1":"post","2":"type-post","3":"status-publish","4":"format-standard","5":"has-post-thumbnail","7":"category-norge","8":"tag-breaking-news","9":"tag-breakingnews","10":"tag-featured-news","11":"tag-featurednews","12":"tag-headlines","13":"tag-latest-news","14":"tag-latestnews","15":"tag-news","16":"tag-no","17":"tag-norge","18":"tag-norway","19":"tag-nyheter","20":"tag-overskrifter","21":"tag-top-stories","22":"tag-topstories"},"share_on_mastodon":{"url":"https:\/\/pubeurope.com\/@no\/115817805413265395","error":""},"_links":{"self":[{"href":"https:\/\/www.europesays.com\/no\/wp-json\/wp\/v2\/posts\/125945","targetHints":{"allow":["GET"]}}],"collection":[{"href":"https:\/\/www.europesays.com\/no\/wp-json\/wp\/v2\/posts"}],"about":[{"href":"https:\/\/www.europesays.com\/no\/wp-json\/wp\/v2\/types\/post"}],"author":[{"embeddable":true,"href":"https:\/\/www.europesays.com\/no\/wp-json\/wp\/v2\/users\/2"}],"replies":[{"embeddable":true,"href":"https:\/\/www.europesays.com\/no\/wp-json\/wp\/v2\/comments?post=125945"}],"version-history":[{"count":0,"href":"https:\/\/www.europesays.com\/no\/wp-json\/wp\/v2\/posts\/125945\/revisions"}],"wp:featuredmedia":[{"embeddable":true,"href":"https:\/\/www.europesays.com\/no\/wp-json\/wp\/v2\/media\/125946"}],"wp:attachment":[{"href":"https:\/\/www.europesays.com\/no\/wp-json\/wp\/v2\/media?parent=125945"}],"wp:term":[{"taxonomy":"category","embeddable":true,"href":"https:\/\/www.europesays.com\/no\/wp-json\/wp\/v2\/categories?post=125945"},{"taxonomy":"post_tag","embeddable":true,"href":"https:\/\/www.europesays.com\/no\/wp-json\/wp\/v2\/tags?post=125945"}],"curies":[{"name":"wp","href":"https:\/\/api.w.org\/{rel}","templated":true}]}}