{"id":125947,"date":"2026-01-01T04:17:11","date_gmt":"2026-01-01T04:17:11","guid":{"rendered":"https:\/\/www.europesays.com\/no\/125947\/"},"modified":"2026-01-01T04:17:11","modified_gmt":"2026-01-01T04:17:11","slug":"kabelbrudd-i-ostersjoen-er-politisk-provokasjon","status":"publish","type":"post","link":"https:\/\/www.europesays.com\/no\/125947\/","title":{"rendered":"Kabelbrudd i \u00d8stersj\u00f8en er politisk provokasjon"},"content":{"rendered":"\n<p class=\"_lead_o9xde_2 _lead_xtcu6_50 layout-component text-serif-m layout-normal text-serif-l layout-component layout-wide layout-padded _wide_17hqh_1 layout-padded\">Forsvarsanalytiker mener skader p\u00e5 undersj\u00f8kabler kan v\u00e6re \u00e5penlyse demonstrasjoner av makt. <\/p>\n<p><img alt=\"Det beslaglagte fart\u00f8yet Fitburg ligger i havn i Kirkkonummi i Finland, 31. desember Foto: Roni Rekomaa \/ Reuters \/ NTB\" class=\"_image_qp4xg_65 layout-component layout-wide\" data-fullscreen- data-track-element-type=\"Article image fullscreen\" data-track-name=\"ImageFullscreen\" fetchpriority=\"high\" decoding=\"sync\" loading=\"eager\" height=\"4096\" itemprop=\"image\"  src=\"https:\/\/www.europesays.com\/no\/wp-content\/uploads\/2026\/01\/d12c2400-9981-4156-9d3b-f7c178d4591b.png\"  style=\"object-position:0% 0%\" width=\"6144\"\/>Det beslaglagte fart\u00f8yet Fitburg ligger i havn i Kirkkonummi i Finland, 31. desember Foto: Roni Rekomaa \/ Reuters \/ NTB<\/p>\n<ul aria-hidden=\"true\" class=\"_images_ntbth_112\">\n<li><a class=\"_link_ntbth_117\" href=\"https:\/\/www.vg.no\/forfatter\/nora-thorp-bjoernstad\" style=\"z-index:1\" title=\"Nora Thorp Bj\u00f8rnstad\" rel=\"nofollow noopener\" target=\"_blank\"><img alt=\"Bilde av Nora Thorp Bj\u00f8rnstad\" class=\"_image_ntbth_93\" fetchpriority=\"low\" loading=\"lazy\" decoding=\"async\" itemprop=\"image\"  src=\"https:\/\/www.europesays.com\/no\/wp-content\/uploads\/2026\/01\/507e86a9-02c6-4090-b6ec-87788a71b40e.jpeg\"  width=\"480\"\/><\/a><\/li>\n<\/ul>\n<p> Oppdatert torsdag 1. januar kl. 04:11    <\/p>\n<ul class=\"_list_o9xde_3 _list_64s2r_85 _unordered_o9xde_106 text-sans-m\">\n<li class=\"_item_o9xde_30\">Forskeren Per Erik Solli mener kabelskader i \u00d8stersj\u00f8en kan v\u00e6re politiske provokasjoner.<\/li>\n<li class=\"_item_o9xde_30\">Finsk politi har p\u00e5grepet 14 sj\u00f8folk etter brudd p\u00e5 sj\u00f8kabler mellom Finland og Estland.<\/li>\n<li class=\"_item_o9xde_30\">Forskerne ser \u00f8kende frekvens av sabotasje, spesielt etter Krim-annekteringen i 2014.<\/li>\n<li class=\"_item_o9xde_30\">80 % av kabelbrudd skyldes vanligvis tr\u00e5ling og ankring.<\/li>\n<li class=\"_item_o9xde_30\">Det jobbes systematisk for \u00e5 forbedre sikkerheten rundt viktig infrastruktur.<\/li>\n<\/ul>\n<p>Vis mer <\/p>\n<p class=\"_paragraph_o9xde_4 _paragraph_xtcu6_10 layout-component text-serif-m layout-normal text-serif-m layout-padded\">Finske myndigheter har p\u00e5grepet 14 sj\u00f8folk etter at undersj\u00f8iske kabler mellom <a href=\"https:\/\/www.vg.no\/tag\/finland?utm_source=vg-article&amp;utm_medium=auto-tagger&amp;utm_campaign=wrPJWL\" class=\"_link_o9xde_39\" rel=\"nofollow noopener\" target=\"_blank\">Finland<\/a> og Estland <a href=\"https:\/\/www.vg.no\/nyheter\/i\/K83Kee\/stubb-fartoey-inspisert-etter-kabelskade-i-finskebukta\" data-track-element-type=\"Link\" data-track-id=\"link:K83Kee\" class=\"_link_o9xde_39\" rel=\"nofollow noopener\" target=\"_blank\">ble skadet<\/a> p\u00e5 morgenen 31. desember.<\/p>\n<p class=\"_paragraph_o9xde_4 _paragraph_xtcu6_10 layout-component text-serif-m layout-normal text-serif-m layout-padded\">Skipet \u00abFitburg\u00bb, som seiler under flagg fra Saint Vincent og Grenadinene, ble stoppet med slep ankerkjetting i sj\u00f8en.<\/p>\n<p class=\"_paragraph_o9xde_4 _paragraph_xtcu6_10 layout-component text-serif-m layout-normal text-serif-m layout-padded\">\u2013 Det f\u00f8rste jeg tenkte, var at dette ligner en politisk provokasjon, rett og slett, sier Per Erik Solli, forsker ved Norsk utenrikspolitisk institutt (NUPINUPIEn norsk forskningsinstitusjon som fokuserer p\u00e5 internasjonale sp\u00f8rsm\u00e5l og norsk utenrikspolitikk.).<\/p>\n<p><img decoding=\"async\" alt=\"Bilde av Senior forsvarsanalytiker, Forskningsgruppen for sikkerhet og forsvar p\u00e5 NUPI\" class=\"_image_ygndg_42\" height=\"56\" itemprop=\"image\" loading=\"lazy\"  src=\"https:\/\/www.europesays.com\/no\/wp-content\/uploads\/2026\/01\/8b67538d-32f3-4941-b548-2158ef85a8df.jpeg\"  width=\"40\"\/><strong class=\"_name_ygndg_51 title-serif-xs\">Senior forsvarsanalytiker, Forskningsgruppen for sikkerhet og forsvar p\u00e5 NUPI<\/strong><\/p>\n<p class=\"_paragraph_o9xde_4 text-sans-m _description_ygndg_56\">Per Erik Solli<\/p>\n<p class=\"_paragraph_o9xde_4 _paragraph_xtcu6_10 layout-component text-serif-m layout-normal text-serif-m layout-padded\">Finlands president Alexander Stubb sier situasjonen overv\u00e5kes i tett samarbeid med andre myndigheter, men understreker at det forel\u00f8pig ikke er fastsl\u00e5tt hva som har for\u00e5rsaket skadene. Ogs\u00e5 Estlands president Alar Karis sier etterforskningen vil avgj\u00f8re om skadene skyldes en bevisst handling eller et uhell. <\/p>\n<p class=\"_paragraph_o9xde_4 _paragraph_xtcu6_10 layout-component text-serif-m layout-normal text-serif-m layout-padded\">Sp\u00f8rsm\u00e5lene er mange etter kabelbruddet. VG har bedt forsvarsanalytiker forsvarsanalytiker En ekspert som analyserer og gir r\u00e5d om milit\u00e6re og sikkerhetsrelaterte sp\u00f8rsm\u00e5l.Per Erik Solli om \u00e5 svare p\u00e5 noen. <\/p>\n<p> 1 Hvorfor vekker kabelbruddet s\u00e5 stor bekymring? <\/p>\n<p class=\"_paragraph_o9xde_4 _paragraph_xtcu6_10 layout-component text-serif-m layout-normal text-serif-m layout-padded\">\u2013 Vi er veldig avhengige av den infrastrukturen som er p\u00e5 havbunnen. Vi har b\u00e5de kommunikasjonskabler, vi har gassledninger og str\u00f8mkabler ogs\u00e5. Det kan f\u00e5 store konsekvenser for samfunn hvis man mister str\u00f8mmen, eller hvis kommunikasjonen blir brutt, men ogs\u00e5 for \u00f8konomien, sier forsvarsanalytiker Solli til VG. <\/p>\n<p><img alt=\"EU-kommisjonens president Ursula von der Leyen og Finlands statsminister Petteri Orpo om bord p\u00e5 den finske grensevaktens skip Turva.   Foto: Antti Aimo-Koivisto \/ AP \/ NTB\" class=\"_image_qp4xg_65 layout-component layout-normal\" data-fullscreen- data-track-element-type=\"Article image fullscreen\" data-track-name=\"ImageFullscreen\" decoding=\"async\" loading=\"lazy\" height=\"3413\" itemprop=\"image\"  src=\"https:\/\/www.europesays.com\/no\/wp-content\/uploads\/2026\/01\/91f16364-0d94-4439-9e3b-a5df0f285410.png\"  style=\"object-position:0% 0%\" width=\"5120\"\/>EU-kommisjonens president Ursula von der Leyen og Finlands statsminister Petteri Orpo om bord p\u00e5 den finske grensevaktens skip Turva.   Foto: Antti Aimo-Koivisto \/ AP \/ NTB  2 Hva kan v\u00e6re motivasjonen dersom dette er sabotasje? <\/p>\n<p class=\"_paragraph_o9xde_4 _paragraph_xtcu6_10 layout-component text-serif-m layout-normal text-serif-m layout-padded\">Forskeren forklarer at angrep p\u00e5 undersj\u00f8kabler er det som kalles gr\u00e5soneoperasjonergr\u00e5soneoperasjonerHandlinger som ligger mellom fred og krig, ofte brukt for \u00e5 skape forstyrrelser uten \u00e5 starte en full konflikt..<\/p>\n<p class=\"_paragraph_o9xde_4 _paragraph_xtcu6_10 layout-component text-serif-m layout-normal text-serif-m layout-padded\">\u2013 Hvor man ikke er i fred og heller ikke i krig. Men at man rett og slett bare driver og forstyrrer og terroriserer hverandre, sier Solli.<\/p>\n<p class=\"_paragraph_o9xde_4 _paragraph_xtcu6_10 layout-component text-serif-m layout-normal text-serif-m layout-padded\">\u2013 Hvorfor kan noen \u00f8nske \u00e5 utf\u00f8re sabotasje? <\/p>\n<p class=\"_paragraph_o9xde_4 _paragraph_xtcu6_10 layout-component text-serif-m layout-normal text-serif-m layout-padded\">\u2013 Det kan v\u00e6re for \u00e5 skape frykt og usikkerhet. Men det kan ogs\u00e5 v\u00e6re for \u00e5 sette myndighetene i forlegenhet, fordi de kan ikke gj\u00f8re noe med dette.<\/p>\n<p class=\"_paragraph_o9xde_4 _paragraph_xtcu6_10 layout-component text-serif-m layout-normal text-serif-m layout-padded\">Forskeren minner om at det er 8000 km med kabler som ligger p\u00e5 den norske havbunnen i v\u00e5r \u00f8konomiske sone\u00f8konomiske soneEt havomr\u00e5de hvor en stat har spesielle rettigheter til \u00e5 utnytte marine ressurser, som fisk og olje.. <\/p>\n<p class=\"_paragraph_o9xde_4 _paragraph_xtcu6_10 layout-component text-serif-m layout-normal text-serif-m layout-padded\"><strong class=\"_strong_o9xde_25\">\u2013 Det er jo helt umulig \u00e5 ha 24 timers overv\u00e5kning. Med v\u00e5r infrastruktur er det en uoverkommelig oppgave. Derfor er det ganske lett \u00e5 sette myndighetene i forlegenhet ved \u00e5 \u00f8delegge noe av den infrastrukturen, sier Solli.<\/strong><\/p>\n<p><img alt=\"Mannskap fra den franske marinen, p\u00e5 patrulje over \u00d8stersj\u00f8en for \u00e5 beskytte undersj\u00f8iske kabler og r\u00f8rledninger mot sabotasje, i januar 2025.  Foto: John Leicester \/ AP \/ NTB\" class=\"_image_qp4xg_65 layout-component layout-normal\" data-fullscreen- data-track-element-type=\"Article image fullscreen\" data-track-name=\"ImageFullscreen\" decoding=\"async\" loading=\"lazy\" height=\"5760\" itemprop=\"image\"  src=\"https:\/\/www.europesays.com\/no\/wp-content\/uploads\/2026\/01\/6e78c7c4-2ee1-4b4f-986b-a14fb37fc31b.jpeg\"  style=\"object-position:0% 0%\" width=\"8640\"\/>Mannskap fra den franske marinen, p\u00e5 patrulje over \u00d8stersj\u00f8en for \u00e5 beskytte undersj\u00f8iske kabler og r\u00f8rledninger mot sabotasje, i januar 2025.  Foto: John Leicester \/ AP \/ NTB  3 Hvorfor er det vanskelig \u00e5 bevise en eventuell sabotasje? <\/p>\n<p class=\"_paragraph_o9xde_4 _paragraph_xtcu6_10 layout-component text-serif-m layout-normal text-serif-m layout-padded\">I oktober avviste en finsk domstol <a href=\"https:\/\/www.vg.no\/nyheter\/i\/bmpQEl\/finlands-riksadvokat-kaptein-og-to-offiserer-tiltalt-etter-kabelbrudd-i-oestersjoeen-i-2024\" data-track-element-type=\"Link\" data-track-id=\"link:bmpQEl\" class=\"_link_o9xde_39\" rel=\"nofollow noopener\" target=\"_blank\">saken mot tre sj\u00f8menn<\/a> fra tankskipet Eagle S som for\u00e5rsaket brudd p\u00e5 fem sj\u00f8kabler mellom Finland og Estland. Dette er fordi tingretten i Helsingfors mente at de ikke har myndighet til \u00e5 d\u00f8mme de tre, skriver <a href=\"https:\/\/nyheter.ntb.no\/ntbWeb\/r?service=news&amp;article=19466834\" class=\"_link_o9xde_39\" rel=\"nofollow noopener\" target=\"_blank\">NTB<\/a>. <\/p>\n<p class=\"_paragraph_o9xde_4 _paragraph_xtcu6_10 layout-component text-serif-m layout-normal text-serif-m layout-padded\">Forsvarsanalytiker Solli forklarer at det er vanskelig \u00e5 bevise undersj\u00f8isk sabotasje.<\/p>\n<p class=\"_paragraph_o9xde_4 _paragraph_xtcu6_10 layout-component text-serif-m layout-normal text-serif-m layout-padded\">\u2013 For eksempel for Norge ligger det jo en utfordring i at norsk territorialfarvannterritorialfarvannHavomr\u00e5der som strekker seg opptil 12 nautiske mil fra en stats kystlinje, hvor staten har suverenitet. g\u00e5r bare 12 nautiske mil ut fra grunnlinjen. Utenfor det er det internasjonalt farvanninternasjonalt farvann Havomr\u00e5der som ikke tilh\u00f8rer noen enkelt nasjon og hvor alle land har rett til \u00e5 navigere.. Og da er det jo juridisk litt annerledes og mer komplisert, sier han.<\/p>\n<p>  4 Har det blitt stadig flere kabelbrudd de siste \u00e5rene? <\/p>\n<p class=\"_paragraph_o9xde_4 _paragraph_xtcu6_10 layout-component text-serif-m layout-normal text-serif-m layout-padded\">Flere har anklaget Russland for \u00e5 drive hybrid krigf\u00f8ringhybrid krigf\u00f8ringEn strategi som kombinerer konvensjonell krigf\u00f8ring med andre metoder som cyberangrep og desinformasjon for \u00e5 destabilisere en motstander., men if\u00f8lge FN-organisasjonen International Telecommunications Union (ITUITUEn FN-organisasjon som jobber med internasjonale standarder for telekommunikasjon.), skyldes hele 80 prosent av alle registrerte kabelbrudd tr\u00e5ling og ankring.<\/p>\n<p class=\"_paragraph_o9xde_4 _paragraph_xtcu6_10 layout-component text-serif-m layout-normal text-serif-m layout-padded\">I januar 2025 hadde det v\u00e6rt minst 11 brudd p\u00e5 kabler i Baltikum i l\u00f8pet av 15 m\u00e5neder, skriver <a href=\"https:\/\/apnews.com\/article\/nato-france-russia-baltic-cables-ships-damage-764964a275530915c2cc5af1125ec125\" class=\"_link_o9xde_39\" rel=\"nofollow noopener\" target=\"_blank\">AP<\/a>. <\/p>\n<p class=\"_paragraph_o9xde_4 _paragraph_xtcu6_10 layout-component text-serif-m layout-normal text-serif-m layout-padded\">NUPI-forsker Solli mener tilfellene av \u00f8deleggelser har \u00f8kt gradvis over lengre tid.<\/p>\n<p class=\"_paragraph_o9xde_4 _paragraph_xtcu6_10 layout-component text-serif-m layout-normal text-serif-m layout-padded\">\u2013 Det startet vel egentlig for 15 \u00e5r siden, og blir gradvis blitt verre. I takt med at vi ser en \u00f8kt spenning mellom Russland, Kina og vestlige land. Etter annekteringen av Krim-halv\u00f8yaannekteringen av Krim-halv\u00f8yaDa Russland tok kontroll over Krimhalv\u00f8ya fra Ukraina i 2014, noe som f\u00f8rte til internasjonal ford\u00f8mmelse. i 2014 har vi sett en \u00f8kt frekvens av denne type hendelser, sier Solli.<\/p>\n<p class=\"_paragraph_o9xde_4 _paragraph_xtcu6_10 layout-component text-serif-m layout-normal layout-padded\"><strong class=\"_strong_o9xde_25\">Les ogs\u00e5:<\/strong> <a href=\"https:\/\/www.vg.no\/i\/K83Kee\" data-track-element-type=\"Link\" data-track-id=\"link:K83Kee\" class=\"_link_o9xde_39\" rel=\"nofollow noopener\" target=\"_blank\">Finland etterforsker skade p\u00e5 under\u00adsj\u00f8isk kabel \u2013 flere p\u00e5grepet<\/a><\/p>\n<p>  5 M\u00e5 vi regne med mer av dette fremover? <\/p>\n<p class=\"_paragraph_o9xde_4 _paragraph_xtcu6_10 layout-component text-serif-m layout-normal text-serif-m layout-padded\">Forsvarsanalytiker Solli forteller at det n\u00e5 jobbes systematisk for \u00e5 bedre sikkerheten for de undersj\u00f8iske kablene. <\/p>\n<p class=\"_paragraph_o9xde_4 _paragraph_xtcu6_10 layout-component text-serif-m layout-normal text-serif-m layout-padded\">\u2013 I 2025 har myndighetene og det private n\u00e6ringsliv begynt \u00e5 se p\u00e5 en del tiltak. Det er ikke bare fysisk overv\u00e5kning av infrastrukturen, men ogs\u00e5 de skipene som passerer over infrastrukturen. <\/p>\n<p class=\"_paragraph_o9xde_4 _paragraph_xtcu6_10 layout-component text-serif-m layout-normal text-serif-m layout-padded\">M\u00e5let er \u00e5 gj\u00f8re oss mer robuste og bedre i stand til \u00e5 kunne oppdage sabotasje, men ogs\u00e5 h\u00e5ndtere det i etterkant, sier forskeren.<\/p>\n<p class=\"_paragraph_o9xde_4 _paragraph_xtcu6_10 layout-component text-serif-m layout-normal text-serif-m layout-padded\">Han mener at det som kreves n\u00e5, er et systematisk arbeid over tid. <\/p>\n<p class=\"_paragraph_o9xde_4 _paragraph_xtcu6_10 layout-component text-serif-m layout-normal text-serif-m layout-padded\">\u2013 Det vil gj\u00f8re oss bedre i stand til \u00e5 forebygge skader mot infrastrukturen, men ogs\u00e5 h\u00e5ndtere skader n\u00e5r de oppst\u00e5r. Ikke minst vil det gj\u00f8re noe med de som gj\u00f8r det til bevisst, sier han.<\/p>\n<p>     <img decoding=\"async\" alt=\"Tips oss illustrasjon\" src=\"https:\/\/www.europesays.com\/no\/wp-content\/uploads\/2025\/10\/pssst-small.webp.webp\"\/>    <\/p>\n<p class=\"title-serif-s\">Har du tips?<\/p>\n<p class=\"text-sans-m\">Send oss informasjon, bilder eller video.<\/p>\n<p>  <a href=\"https:\/\/www.vg.no\/tips-oss\" rel=\"nofollow noopener\" target=\"_blank\"> Tips oss <\/a>      <\/p>\n","protected":false},"excerpt":{"rendered":"Forsvarsanalytiker mener skader p\u00e5 undersj\u00f8kabler kan v\u00e6re \u00e5penlyse demonstrasjoner av makt. Det beslaglagte fart\u00f8yet Fitburg ligger i havn&hellip;\n","protected":false},"author":2,"featured_media":125948,"comment_status":"","ping_status":"","sticky":false,"template":"","format":"standard","meta":{"footnotes":""},"categories":[12],"tags":[20,21,24,25,1255,8350,15,14826,5871,22,23,13,30,28,29,14,16,1537,26,27,42,46,43,44,45],"class_list":{"0":"post-125947","1":"post","2":"type-post","3":"status-publish","4":"format-standard","5":"has-post-thumbnail","7":"category-verden","8":"tag-breaking-news","9":"tag-breakingnews","10":"tag-featured-news","11":"tag-featurednews","12":"tag-finland","13":"tag-forsker","14":"tag-headlines","15":"tag-hybrid-krigforing","16":"tag-kabler","17":"tag-latest-news","18":"tag-latestnews","19":"tag-news","20":"tag-no","21":"tag-norge","22":"tag-norway","23":"tag-nyheter","24":"tag-overskrifter","25":"tag-sabotasje","26":"tag-top-stories","27":"tag-topstories","28":"tag-verden","29":"tag-vgai","30":"tag-world","31":"tag-world-news","32":"tag-worldnews"},"share_on_mastodon":{"url":"https:\/\/pubeurope.com\/@no\/115817915611253655","error":""},"_links":{"self":[{"href":"https:\/\/www.europesays.com\/no\/wp-json\/wp\/v2\/posts\/125947","targetHints":{"allow":["GET"]}}],"collection":[{"href":"https:\/\/www.europesays.com\/no\/wp-json\/wp\/v2\/posts"}],"about":[{"href":"https:\/\/www.europesays.com\/no\/wp-json\/wp\/v2\/types\/post"}],"author":[{"embeddable":true,"href":"https:\/\/www.europesays.com\/no\/wp-json\/wp\/v2\/users\/2"}],"replies":[{"embeddable":true,"href":"https:\/\/www.europesays.com\/no\/wp-json\/wp\/v2\/comments?post=125947"}],"version-history":[{"count":0,"href":"https:\/\/www.europesays.com\/no\/wp-json\/wp\/v2\/posts\/125947\/revisions"}],"wp:featuredmedia":[{"embeddable":true,"href":"https:\/\/www.europesays.com\/no\/wp-json\/wp\/v2\/media\/125948"}],"wp:attachment":[{"href":"https:\/\/www.europesays.com\/no\/wp-json\/wp\/v2\/media?parent=125947"}],"wp:term":[{"taxonomy":"category","embeddable":true,"href":"https:\/\/www.europesays.com\/no\/wp-json\/wp\/v2\/categories?post=125947"},{"taxonomy":"post_tag","embeddable":true,"href":"https:\/\/www.europesays.com\/no\/wp-json\/wp\/v2\/tags?post=125947"}],"curies":[{"name":"wp","href":"https:\/\/api.w.org\/{rel}","templated":true}]}}