{"id":125952,"date":"2026-01-01T05:32:08","date_gmt":"2026-01-01T05:32:08","guid":{"rendered":"https:\/\/www.europesays.com\/no\/125952\/"},"modified":"2026-01-01T05:32:08","modified_gmt":"2026-01-01T05:32:08","slug":"langrennseksperter-mener-ol-troppen-bor-tas-ut-rett-etter-tour-de-ski-utovere-trygler-om-tidlig-ol-beskjed","status":"publish","type":"post","link":"https:\/\/www.europesays.com\/no\/125952\/","title":{"rendered":"Langrennseksperter mener OL-troppen b\u00f8r tas ut rett etter Tour de Ski \u2013 ut\u00f8vere trygler om tidlig OL-beskjed"},"content":{"rendered":"\n<ul class=\"_list_o9xde_3 _list_64s2r_85 _unordered_o9xde_106 text-sans-m\">\n<li class=\"_item_o9xde_30\">Emil Iversen og Mattis Stenshagen \u00f8nsker OL-uttak rett etter Tour de Ski for bedre forberedelser.<\/li>\n<li class=\"_item_o9xde_30\">De f\u00e5r st\u00f8tte av langrennseksperter. <\/li>\n<li class=\"_item_o9xde_30\">Landslagsledelsen har allerede tatt ut fem l\u00f8pere, men to-tre plasser er fortsatt \u00e5pne.<\/li>\n<\/ul>\n<p>Vis mer <\/p>\n<p class=\"_paragraph_o9xde_4 _paragraph_xtcu6_10 layout-component text-serif-m layout-normal text-serif-m layout-padded\">\u2013 Jeg h\u00e5per vi f\u00e5r samme forutsetninger som de andre til \u00e5 lade opp. Ikke bare lade opp til konkurranser, men lade opp til OL, sier Stenshagen.<\/p>\n<p class=\"_paragraph_o9xde_4 _paragraph_xtcu6_10 layout-component text-serif-m layout-normal text-serif-m layout-padded\">Iversen sier f\u00f8lgende:<\/p>\n<p class=\"_paragraph_o9xde_4 _paragraph_xtcu6_10 layout-component text-serif-m layout-normal text-serif-m layout-padded\">\u2013 Jeg har hatt kniven p\u00e5 strupen siden 18. november. Hver eneste dag. Den streken m\u00e5 slutte et sted, sier Iversen.<\/p>\n<p class=\"_paragraph_o9xde_4 _paragraph_xtcu6_10 layout-component text-serif-m layout-normal text-serif-m layout-padded\">Duoen \u2013 som har satset privat utenfor landslaget denne sesongenhar satset privat utenfor landslaget denne sesongenStenshagen g\u00e5r for Team Swix Hofseth, mens Iversen satser helt p\u00e5 egenh\u00e5nd. \u2013 har helg etter helg levert toppresultater i enten nasjonale eller internasjonale renn \u2013 ogs\u00e5 i Tour de Ski som p\u00e5g\u00e5r i Italia i disse dager.<\/p>\n<p class=\"_paragraph_o9xde_4 _paragraph_xtcu6_10 layout-component text-serif-m layout-normal text-serif-m layout-padded\">Det som de to sp\u00f8r seg er hvor lenge de skal holdes p\u00e5 pinebenken.<\/p>\n<p class=\"_paragraph_o9xde_4 _paragraph_xtcu6_10 layout-component text-serif-m layout-normal text-serif-m layout-padded\">For landslagsledelsen har allerede tatt ut fem herrel\u00f8pere til OL i Italia har allerede tatt ut fem herrel\u00f8pere til OL i ItaliaErik Valnes, Johannes H\u00f8sflot Kl\u00e6bo, Harald \u00d8stberg Amundsen, Martin L\u00f8wstr\u00f8m Nyenget og Einar Hedegart er OL-uttatt..<\/p>\n<p class=\"_paragraph_o9xde_4 _paragraph_xtcu6_10 layout-component text-serif-m layout-normal text-serif-m layout-padded\">Tre til skal komplettere troppen: \u00c9n sprinter og to distansel\u00f8pere.<\/p>\n<p class=\"_paragraph_o9xde_4 _paragraph_xtcu6_10 layout-component text-serif-m layout-normal text-serif-m layout-padded\">\u2013 G\u00e5r man fort nok over tid, s\u00e5 fortjener man OL. Skal man dit, er det fint \u00e5 forberede seg godt. Det \u00e5 ha tid til \u00e5 forberede seg, det er en viktig fordel for dem som blir tatt ut tidlig, sier Iversen.<\/p>\n<p class=\"_paragraph_o9xde_4 _paragraph_xtcu6_10 layout-component text-serif-m layout-normal text-serif-m layout-padded\">\u2013 Det koster mye fysisk og mentalt \u00e5 forberede seg til konkurranse og prestere p\u00e5 dette niv\u00e5et her. Jeg kjenner jeg trenger litt trening snart, sier tr\u00f8nderen.<\/p>\n<p class=\"_paragraph_o9xde_4 _paragraph_xtcu6_10 layout-component text-serif-m layout-normal text-serif-m layout-padded\">De to som eventuelt kan utfordre Iversen og Stenshagen, er Andreas Fjorden Ree og Simen Hegstad Kr\u00fcger, men de to sistnevnte har ikke prestert spesielt godt den siste m\u00e5neden.<\/p>\n<p>Individuelle verdenscupresultater p\u00e5 distanse for ikke-uttatte OL-kandidater:Mattis Stenshagen:<\/p>\n<p class=\"_paragraph_o9xde_4 _paragraph_xtcu6_10 _paragraph_16v91_10 layout-component text-serif-m layout-normal text-sans-m layout-padded\" itemprop=\"text\"><strong class=\"_strong_o9xde_25\">Ruka:<\/strong><\/p>\n<p class=\"_paragraph_o9xde_4 _paragraph_xtcu6_10 _paragraph_16v91_10 layout-component text-serif-m layout-normal text-sans-m layout-padded\" itemprop=\"text\">10 kilometer klassisk: Nummer syv.<\/p>\n<p class=\"_paragraph_o9xde_4 _paragraph_xtcu6_10 _paragraph_16v91_10 layout-component text-serif-m layout-normal text-sans-m layout-padded\" itemprop=\"text\">20 kilometer fellesstart i fristil: Nummer syv.<\/p>\n<p class=\"_paragraph_o9xde_4 _paragraph_xtcu6_10 _paragraph_16v91_10 layout-component text-serif-m layout-normal text-sans-m layout-padded\" itemprop=\"text\"><strong class=\"_strong_o9xde_25\">Trondheim:<\/strong><\/p>\n<p class=\"_paragraph_o9xde_4 _paragraph_xtcu6_10 _paragraph_16v91_10 layout-component text-serif-m layout-normal text-sans-m layout-padded\" itemprop=\"text\">20 kilometer med skibytte: Nummer fire.<\/p>\n<p class=\"_paragraph_o9xde_4 _paragraph_xtcu6_10 _paragraph_16v91_10 layout-component text-serif-m layout-normal text-sans-m layout-padded\" itemprop=\"text\">10 kilometer fristil individuell start: Nummer 12.<\/p>\n<p class=\"_paragraph_o9xde_4 _paragraph_xtcu6_10 _paragraph_16v91_10 layout-component text-serif-m layout-normal text-sans-m layout-padded\" itemprop=\"text\"><strong class=\"_strong_o9xde_25\">Davos:<\/strong><\/p>\n<p class=\"_paragraph_o9xde_4 _paragraph_xtcu6_10 _paragraph_16v91_10 layout-component text-serif-m layout-normal text-sans-m layout-padded\" itemprop=\"text\">10 kilometer fristil individuell start: Tredjeplass.<\/p>\n<p class=\"_paragraph_o9xde_4 _paragraph_xtcu6_10 _paragraph_16v91_10 layout-component text-serif-m layout-normal text-sans-m layout-padded\" itemprop=\"text\"><strong class=\"_strong_o9xde_25\">Toblach (Tour de Ski):<\/strong><\/p>\n<p class=\"_paragraph_o9xde_4 _paragraph_xtcu6_10 _paragraph_16v91_10 layout-component text-serif-m layout-normal text-sans-m layout-padded\" itemprop=\"text\">10 kilometer individuell start i klassisk: Seier.<\/p>\n<p class=\"_paragraph_o9xde_4 _paragraph_xtcu6_10 _paragraph_16v91_10 layout-component text-serif-m layout-normal text-sans-m layout-padded\" itemprop=\"text\">5 kilometer fristil heat-start: Nummer 15.<\/p>\n<p>Andreas Fjorden Ree:<\/p>\n<p class=\"_paragraph_o9xde_4 _paragraph_xtcu6_10 _paragraph_16v91_10 layout-component text-serif-m layout-normal text-sans-m layout-padded\" itemprop=\"text\"><strong class=\"_strong_o9xde_25\">Ruka:<\/strong><\/p>\n<p class=\"_paragraph_o9xde_4 _paragraph_xtcu6_10 _paragraph_16v91_10 layout-component text-serif-m layout-normal text-sans-m layout-padded\" itemprop=\"text\">10 kilometer klassisk individuell start: Nummer fire.<\/p>\n<p class=\"_paragraph_o9xde_4 _paragraph_xtcu6_10 _paragraph_16v91_10 layout-component text-serif-m layout-normal text-sans-m layout-padded\" itemprop=\"text\">20 kilometer fellesstart i fristil: Nummer 17.<\/p>\n<p class=\"_paragraph_o9xde_4 _paragraph_xtcu6_10 _paragraph_16v91_10 layout-component text-serif-m layout-normal text-sans-m layout-padded\" itemprop=\"text\"><strong class=\"_strong_o9xde_25\">Trondheim:<\/strong><\/p>\n<p class=\"_paragraph_o9xde_4 _paragraph_xtcu6_10 _paragraph_16v91_10 layout-component text-serif-m layout-normal text-sans-m layout-padded\" itemprop=\"text\">20 kilometer fellesstart med skibytte: Nummer \u00e5tte.<\/p>\n<p class=\"_paragraph_o9xde_4 _paragraph_xtcu6_10 _paragraph_16v91_10 layout-component text-serif-m layout-normal text-sans-m layout-padded\" itemprop=\"text\">10 kilometer fristil individuell start: Annenplass.<\/p>\n<p class=\"_paragraph_o9xde_4 _paragraph_xtcu6_10 _paragraph_16v91_10 layout-component text-serif-m layout-normal text-sans-m layout-padded\" itemprop=\"text\"><strong class=\"_strong_o9xde_25\">Davos:<\/strong><\/p>\n<p class=\"_paragraph_o9xde_4 _paragraph_xtcu6_10 _paragraph_16v91_10 layout-component text-serif-m layout-normal text-sans-m layout-padded\" itemprop=\"text\">10 kilometer fristil individuell start: Nummer 8.<\/p>\n<p class=\"_paragraph_o9xde_4 _paragraph_xtcu6_10 _paragraph_16v91_10 layout-component text-serif-m layout-normal text-sans-m layout-padded\" itemprop=\"text\"><strong class=\"_strong_o9xde_25\">Toblach (Tour de Ski):<\/strong><\/p>\n<p class=\"_paragraph_o9xde_4 _paragraph_xtcu6_10 _paragraph_16v91_10 layout-component text-serif-m layout-normal text-sans-m layout-padded\" itemprop=\"text\">10 kilometer klassisk individuell start: Nummer 27.<\/p>\n<p class=\"_paragraph_o9xde_4 _paragraph_xtcu6_10 _paragraph_16v91_10 layout-component text-serif-m layout-normal text-sans-m layout-padded\" itemprop=\"text\">5 kilometer fristil heat-start: Nummer 9.<\/p>\n<p>Simen Hegstad Kr\u00fcger:<\/p>\n<p class=\"_paragraph_o9xde_4 _paragraph_xtcu6_10 _paragraph_16v91_10 layout-component text-serif-m layout-normal text-sans-m layout-padded\" itemprop=\"text\"><strong class=\"_strong_o9xde_25\">Trondheim:<\/strong><\/p>\n<p class=\"_paragraph_o9xde_4 _paragraph_xtcu6_10 _paragraph_16v91_10 layout-component text-serif-m layout-normal text-sans-m layout-padded\" itemprop=\"text\">20 kilometer med skibytte: Nummer ti.<\/p>\n<p class=\"_paragraph_o9xde_4 _paragraph_xtcu6_10 _paragraph_16v91_10 layout-component text-serif-m layout-normal text-sans-m layout-padded\" itemprop=\"text\">10 kilometer fristil individuell start: Nummer 17.<\/p>\n<p class=\"_paragraph_o9xde_4 _paragraph_xtcu6_10 _paragraph_16v91_10 layout-component text-serif-m layout-normal text-sans-m layout-padded\" itemprop=\"text\"><strong class=\"_strong_o9xde_25\">Toblach (Tour de Ski):<\/strong><\/p>\n<p class=\"_paragraph_o9xde_4 _paragraph_xtcu6_10 _paragraph_16v91_10 layout-component text-serif-m layout-normal text-sans-m layout-padded\" itemprop=\"text\">10 kilometer klassisk individuell start: Nummer 31.<\/p>\n<p class=\"_paragraph_o9xde_4 _paragraph_xtcu6_10 _paragraph_16v91_10 layout-component text-serif-m layout-normal text-sans-m layout-padded\" itemprop=\"text\">5 kilometer fristil heat-start: Nummer 24.<\/p>\n<p class=\"_paragraph_o9xde_4 _paragraph_xtcu6_10 _paragraph_16v91_10 layout-component text-serif-m layout-normal text-sans-m layout-padded\" itemprop=\"text\">PS: Kr\u00fcger var syk under verdenscup\u00e5pningen i Ruka. Til rennet i Davos ble han vraket.<\/p>\n<p class=\"_paragraph_o9xde_4 _paragraph_xtcu6_10 layout-component text-serif-m layout-normal text-serif-m layout-padded\">Etter Tour de Ski er det NM p\u00e5 Steinkjer. Der skal det g\u00e5s nye uttaksrenn til OL.<\/p>\n<ul class=\"_list_o9xde_3 _list_xtcu6_9 _unordered_o9xde_106 layout-component text-serif-m layout-normal text-serif-m layout-padded\">\n<li class=\"_item_o9xde_30\">Bare ti dager etter ut\u00f8verne kommer hjem fra Tour de Ski, er det 10 kilometer fristil.<\/li>\n<li class=\"_item_o9xde_30\">L\u00f8rdag 17. januar er det 20 kilometer med skibytte.<\/li>\n<li class=\"_item_o9xde_30\">Den 26. januar skal den endelige norske herretroppen til OL bli tatt ut.<\/li>\n<li class=\"_item_o9xde_30\">S\u00f8ndag 8. februar g\u00e5r den f\u00f8rste OL-\u00f8velsen, 20 kilometer med skibytte.<\/li>\n<\/ul>\n<p class=\"_paragraph_o9xde_4 _paragraph_xtcu6_10 layout-component text-serif-m layout-normal text-serif-m layout-padded\">Det er en kjensgjerning at langrennsl\u00f8perne liker \u00e5 legge inn en lengre treningsperiode for \u00e5 v\u00e6re best mulig rustet til mesterskap.<\/p>\n<p class=\"_paragraph_o9xde_4 _paragraph_xtcu6_10 layout-component text-serif-m layout-normal text-serif-m layout-padded\"><strong class=\"_strong_o9xde_25\">\u2013 Synes du NM b\u00f8r v\u00e6re s\u00e5 viktig?<\/strong><\/p>\n<p class=\"_paragraph_o9xde_4 _paragraph_xtcu6_10 layout-component text-serif-m layout-normal text-serif-m layout-padded\">\u2013 Personlig f\u00f8ler jeg ikke det, sier Stenshagen.<\/p>\n<p class=\"_paragraph_o9xde_4 _paragraph_xtcu6_10 layout-component text-serif-m layout-normal text-serif-m layout-padded\">En helt ny \u00f8velse ble introdusert i Tour de Ski. Det var ikke alle like glad for:<\/p>\n<p class=\"_paragraph_o9xde_4 _paragraph_xtcu6_10 layout-component text-serif-m layout-normal text-serif-m layout-padded\">To som vet alt om \u00e5 toppe formen til mesterskap, er Martin Johnsrud Sundby og <a href=\"https:\/\/www.vg.no\/tag\/hans-christer-holund?utm_source=vg-article&amp;utm_medium=auto-tagger&amp;utm_campaign=JOowm6\" class=\"_link_o9xde_39\" rel=\"nofollow noopener\" target=\"_blank\">Hans Christer Holund<\/a>.<\/p>\n<p class=\"_paragraph_o9xde_4 _paragraph_xtcu6_10 layout-component text-serif-m layout-normal text-serif-m layout-padded\">\u2013 F\u00f8r jul skal man ha overskudd og konkurrere mye, det er begrenset hvor mye volum man f\u00e5r trent i den perioden. Men det er viktig \u00e5 f\u00e5 lagt inn mer trening, for p\u00e5 et eller annet tidspunkt vil formen starte \u00e5 dale fordi treningsgrunnlaget blir for d\u00e5rlig.<\/p>\n<p class=\"_paragraph_o9xde_4 _paragraph_xtcu6_10 layout-component text-serif-m layout-normal text-serif-m layout-padded\">\u2013 S\u00e5 jeg mener at jo tidligere de kan ta ut laget, jo st\u00f8rre sjanse er det for at de som er tatt ut for \u00e5 ta ut sitt potensial i OL. Det m\u00e5 v\u00e6re m\u00e5let. Mattis og Emil har vist at de er godt trent, i god form, og har alt som skal til for \u00e5 ta pallplasser i OL.<\/p>\n<p><img decoding=\"async\" alt=\"Bilde av Hans Christer Holund\" class=\"_image_ygndg_42\" height=\"27\" itemprop=\"image\" loading=\"lazy\"  src=\"https:\/\/www.europesays.com\/no\/wp-content\/uploads\/2026\/01\/b0c3ae2e-9f2f-4a2c-902d-2e84d7b766b8.png\"  width=\"40\"\/><strong class=\"_name_ygndg_51 title-serif-xs\">Hans Christer Holund<\/strong><\/p>\n<p class=\"_paragraph_o9xde_4 text-sans-m _description_ygndg_56\">Eks langrennsl\u00f8per<\/p>\n<p class=\"_paragraph_o9xde_4 _paragraph_xtcu6_10 layout-component text-serif-m layout-normal text-serif-m layout-padded\">Holund mener uttaksrennene i NM kommer for sent.<\/p>\n<p class=\"_paragraph_o9xde_4 _paragraph_xtcu6_10 layout-component text-serif-m layout-normal text-serif-m layout-padded\">\u2013 Man skal ikke tenke p\u00e5 \u00e5 kvalifisere seg i den perioden, men forberede seg til OL. De som blir tatt ut sist, er p\u00e5 papiret v\u00e5re svakeste kort, men hvis de skal bruke den neste m\u00e5neden til \u00e5 komme seg inn i en OL-tropp, s\u00e5 stiller ikke den personen topp forberedt til mesterskapet.<\/p>\n<p class=\"_paragraph_o9xde_4 _paragraph_xtcu6_10 layout-component text-serif-m layout-normal text-serif-m layout-padded\">Det er Sundby \u2013 Discoverys langrennsekspert \u2013 helt enig i.<\/p>\n<p class=\"_paragraph_o9xde_4 _paragraph_xtcu6_10 layout-component text-serif-m layout-normal text-serif-m layout-padded\">\u2013 Det er kl\u00f8nete at NM skal ha noe \u00e5 si for OL-uttaket. Pallplass i verdenscup b\u00f8r uansett telle mer enn et NM-gull. Og Stenshagen og Iversen hadde med landslagsplass f\u00f8r sesongen allerede hatt OL-billett. S\u00e5 sp\u00f8rs det hvor mange muligheter Kr\u00fcger eller noen andre skal f\u00e5 til \u00e5 vise at de kan sl\u00e5 dem, sier Sundby.<\/p>\n<p><img decoding=\"async\" alt=\"Bilde av Martin Johnsrud Sundby\" class=\"_image_ygndg_42\" height=\"27\" itemprop=\"image\" loading=\"lazy\"  src=\"https:\/\/www.europesays.com\/no\/wp-content\/uploads\/2026\/01\/e5a6d66a-1b4d-485e-8f68-3d288873c3c0.jpeg\"  width=\"40\"\/><strong class=\"_name_ygndg_51 title-serif-xs\">Martin Johnsrud Sundby<\/strong><\/p>\n<p class=\"_paragraph_o9xde_4 text-sans-m _description_ygndg_56\">Langrennsekspert i Discovery<\/p>\n<p class=\"_paragraph_o9xde_4 _paragraph_xtcu6_10 layout-component text-serif-m layout-normal text-serif-m layout-padded\">Han fortsetter:<\/p>\n<p class=\"_paragraph_o9xde_4 _paragraph_xtcu6_10 layout-component text-serif-m layout-normal text-serif-m layout-padded\">\u2013 De vil uansett ikke sl\u00e5 dem flere ganger enn Iversen og Stenshagen har sl\u00e5tt dem. S\u00e5 ja, Iversen og Stenshagen b\u00f8r v\u00e6re klare n\u00e5, men f\u00e5r nok ikke beskjed f\u00f8r etter NM.<\/p>\n<p class=\"_paragraph_o9xde_4 _paragraph_xtcu6_10 layout-component text-serif-m layout-normal text-serif-m layout-padded\">Holund er klar p\u00e5 at selv om Tour de Ski-programmet er litt enklere enn tidligere \u00e5r, s\u00e5 er det tross alt mye reising og en mental belastning \u00e5 g\u00e5 \u00e5rets Tour de Ski ogs\u00e5, mener han.<\/p>\n<p class=\"_paragraph_o9xde_4 _paragraph_xtcu6_10 layout-component text-serif-m layout-normal text-serif-m layout-padded\">\u2013 Det er ikke s\u00e5nn at du kan g\u00e5 rett p\u00e5 \u00e5 trene masse volum etter Tour de Ski. Man m\u00e5 hente seg litt igjen, og tiden g\u00e5r fort til OL.<\/p>\n<p class=\"_paragraph_o9xde_4 _paragraph_xtcu6_10 layout-component text-serif-m layout-normal text-serif-m layout-padded\">\u00abJa\u00bb, svarer ogs\u00e5 Holund p\u00e5 sp\u00f8rsm\u00e5l om ledelsen b\u00f8r ta ut en endelig OL-tropp rett etter Tour de Ski:<\/p>\n<p class=\"_paragraph_o9xde_4 _paragraph_xtcu6_10 layout-component text-serif-m layout-normal text-serif-m layout-padded\">\u2013 Ja, de har faktisk g\u00e5tt ganske mange skirenn i \u00e5r. De som er aktuelle for OL har f\u00e5tt sine sjanser. Hvor mange renn m\u00e5 ledelsen ha for \u00e5 ta en beslutning? sp\u00f8r han.<\/p>\n<p class=\"_paragraph_o9xde_4 _paragraph_xtcu6_10 layout-component text-serif-m layout-normal text-serif-m layout-padded\">Landslagstrener Eirik Myhr Nossum svarer slik p\u00e5 Iversens utspill om OL-uttak:<\/p>\n<p class=\"_paragraph_o9xde_4 _paragraph_xtcu6_10 layout-component text-serif-m layout-normal text-serif-m layout-padded\">\u2013 De skal f\u00e5 mene det de vil. Men det er bedre \u00e5 g\u00e5 gode skirenn enn d\u00e5rlige skirenn, sier han til VG.<\/p>\n<p class=\"_paragraph_o9xde_4 _paragraph_xtcu6_10 layout-component text-serif-m layout-normal text-serif-m layout-padded\"><strong class=\"_strong_o9xde_25\">\u2013 Det er kort tid til OL etter NM, blir NM viktig da?<\/strong><\/p>\n<p class=\"_paragraph_o9xde_4 _paragraph_xtcu6_10 layout-component text-serif-m layout-normal text-serif-m layout-padded\">\u2013 Per dags dato forholder vi oss til de beskjedene vi har gitt til ut\u00f8verne tidlig denne sesongen om at NM ogs\u00e5 er viktig del av uttaksprosessen til OL.<\/p>\n<p><img decoding=\"async\" alt=\"Bilde av Eirik Myhr Nossum\" class=\"_image_ygndg_42\" height=\"27\" itemprop=\"image\" loading=\"lazy\"  src=\"https:\/\/www.europesays.com\/no\/wp-content\/uploads\/2026\/01\/aae65cbd-5a17-4414-95cc-773460062c40.png\"  width=\"40\"\/><strong class=\"_name_ygndg_51 title-serif-xs\">Eirik Myhr Nossum<\/strong><\/p>\n<p class=\"_paragraph_o9xde_4 text-sans-m _description_ygndg_56\">Landslagstrener Norge<\/p>\n<p class=\"_paragraph_o9xde_4 _paragraph_xtcu6_10 layout-component text-serif-m layout-normal text-serif-m layout-padded\"><strong class=\"_strong_o9xde_25\">\u2013 S\u00e5 alle de beste m\u00e5 stille der?<\/strong><\/p>\n<p class=\"_paragraph_o9xde_4 _paragraph_xtcu6_10 layout-component text-serif-m layout-normal text-serif-m layout-padded\">\u2013 Ikke alle m\u00e5 stille i NM, men det er en diskusjon vi skal ha med ut\u00f8vere gjennom Tour de Ski.<\/p>\n<p class=\"_paragraph_o9xde_4 _paragraph_xtcu6_10 layout-component text-serif-m layout-normal text-serif-m layout-padded\"><strong class=\"_strong_o9xde_25\">\u2013 Er Stenshagen inne i OL-troppen n\u00e5 i ditt hode?<\/strong><\/p>\n<p class=\"_paragraph_o9xde_4 _paragraph_xtcu6_10 layout-component text-serif-m layout-normal text-serif-m layout-padded\">\u2013 Det er mye rart i mitt hode. Vi forholder oss til det vi har sagt p\u00e5 forh\u00e5nd. Vi lever med masse navn i hodet til enhver tid.<\/p>\n<p class=\"_paragraph_o9xde_4 _paragraph_xtcu6_10 layout-component text-serif-m layout-normal text-serif-m layout-padded\"><strong class=\"_strong_o9xde_25\">\u2013 Vurderer dere for eksempel amerikansk uttak i NM amerikansk uttak i NM Kan bety at man bruker en enkelt konkurranse til \u00e5 avgj\u00f8re hvem som er kvalifisert.med Iversen, Ree og Kr\u00fcger?<\/strong><\/p>\n<p class=\"_paragraph_o9xde_4 _paragraph_xtcu6_10 layout-component text-serif-m layout-normal text-serif-m layout-padded\">\u2013 Vi har aldri sagt noe om amerikansk uttak, men forholder oss til at vi teller opp gode skirenn til slutt.<\/p>\n<p class=\"_paragraph_o9xde_4 _paragraph_xtcu6_10 layout-component text-serif-m layout-normal text-serif-m layout-padded\"><strong class=\"_strong_o9xde_25\">\u2013 Hva veier tyngst for landslagsledelsen, verdenscupresultater eller NM-resultater?<\/strong><\/p>\n<p class=\"_paragraph_o9xde_4 _paragraph_xtcu6_10 layout-component text-serif-m layout-normal text-serif-m layout-padded\">\u2013 Gode skirenn, svarer Nossum.<\/p>\n<p class=\"_paragraph_o9xde_4 _paragraph_xtcu6_10 layout-component text-serif-m layout-normal text-serif-m layout-padded\"><strong class=\"_strong_o9xde_25\">\u2013 Men noe teller mer enn andre skirenn?<\/strong><\/p>\n<p class=\"_paragraph_o9xde_4 _paragraph_xtcu6_10 layout-component text-serif-m layout-normal text-serif-m layout-padded\">\u2013 Ja, gode skirenn teller veldig bra.<\/p>\n<p class=\"_paragraph_o9xde_4 _paragraph_xtcu6_10 layout-component text-serif-m layout-normal text-serif-m layout-padded\"><strong class=\"_strong_o9xde_25\">\u2013 Hva er et godt skirenn?<\/strong><\/p>\n<p class=\"_paragraph_o9xde_4 _paragraph_xtcu6_10 layout-component text-serif-m layout-normal text-serif-m layout-padded\">\u2013 Mye av det for eksempel Emil har levert her er gode skirenn. \u00c5 v\u00e6re helt i toppen er et godt skirenn \u2013 p\u00e5 norsk og internasjonal jord.<\/p>\n<p class=\"_paragraph_o9xde_4 _paragraph_xtcu6_10 layout-component text-serif-m layout-normal text-serif-m layout-padded\"><strong class=\"_strong_o9xde_25\">\u2013 Hva tenker du om OL-s\u00f8knadene til Ree og Kr\u00fcger basert p\u00e5 det de har gjort denne sesongen i Tour de Ski?<\/strong><\/p>\n<p class=\"_paragraph_o9xde_4 _paragraph_xtcu6_10 layout-component text-serif-m layout-normal text-serif-m layout-padded\">\u2013 Det er spesielt det skirennet for et par dager siden skulle nok begge de to \u00f8nsket \u00e5 g\u00e5 forteredet skirennet for et par dager siden skulle nok begge de to \u00f8nsket \u00e5 g\u00e5 fortereNossum sikter til 10 kilometer klassisk individuell start i Toblach i Tour de Ski, der hverken Ree eller Kr\u00fcger fikk det til.. Men \u00e9n av dem har g\u00e5tt fort i noen skirenn tidligere i \u00e5r\u00e9n av dem har g\u00e5tt fort i noen skirenn tidligere i \u00e5rLandslagstrener Nossum sikter her til Andreas Fjorden Ree, som leverte godt i b\u00e5de Ruka og Trondheim (se faktaboks over).. Vi skal sette oss ned l\u00f8rdagen i NMl\u00f8rdagen i NML\u00f8rdagen i NM er dagen det skal g\u00e5s 20 kilometer med skibytte, en \u00f8velse som er p\u00e5 OL-programmet. og sette oss ned med kulerammen, sier Nossum.<\/p>\n<p class=\"_paragraph_o9xde_4 _paragraph_xtcu6_10 layout-component text-serif-m layout-normal text-serif-m layout-padded\">PS: Tour de Ski fortsetter 1. nytt\u00e5rsdag med 20 kilometer klassisk jaktstart for b\u00e5de kvinner og menn. Se sendeskjemaet <a href=\"https:\/\/www.vg.no\/sport\/i\/GyoXol\/program-og-sendeskjema-for-vintersport-2025-26-her-ser-du-langrenn-skiskyting-alpint-kombinert-skoeyter-og-hopp-paa-tv\" data-track-element-type=\"Link\" data-track-id=\"link:GyoXol\" class=\"_link_o9xde_39\" rel=\"nofollow noopener\" target=\"_blank\">her<\/a>.<\/p>\n","protected":false},"excerpt":{"rendered":"Emil Iversen og Mattis Stenshagen \u00f8nsker OL-uttak rett etter Tour de Ski for bedre forberedelser. De f\u00e5r st\u00f8tte&hellip;\n","protected":false},"author":2,"featured_media":125953,"comment_status":"","ping_status":"","sticky":false,"template":"","format":"standard","meta":{"footnotes":""},"categories":[59],"tags":[12802,3647,13622,398,30,28,29,11960,83,82,12662,399],"class_list":{"0":"post-125952","1":"post","2":"type-post","3":"status-publish","4":"format-standard","5":"has-post-thumbnail","7":"category-sport","8":"tag-andreas-fjorden-ree","9":"tag-emil-iversen","10":"tag-hans-christer-holund","11":"tag-langrenn","12":"tag-no","13":"tag-norge","14":"tag-norway","15":"tag-simen-hegstad-kruger","16":"tag-sport","17":"tag-sports","18":"tag-tour-de-ski","19":"tag-vintersport"},"share_on_mastodon":{"url":"https:\/\/pubeurope.com\/@no\/115818210755274072","error":""},"_links":{"self":[{"href":"https:\/\/www.europesays.com\/no\/wp-json\/wp\/v2\/posts\/125952","targetHints":{"allow":["GET"]}}],"collection":[{"href":"https:\/\/www.europesays.com\/no\/wp-json\/wp\/v2\/posts"}],"about":[{"href":"https:\/\/www.europesays.com\/no\/wp-json\/wp\/v2\/types\/post"}],"author":[{"embeddable":true,"href":"https:\/\/www.europesays.com\/no\/wp-json\/wp\/v2\/users\/2"}],"replies":[{"embeddable":true,"href":"https:\/\/www.europesays.com\/no\/wp-json\/wp\/v2\/comments?post=125952"}],"version-history":[{"count":0,"href":"https:\/\/www.europesays.com\/no\/wp-json\/wp\/v2\/posts\/125952\/revisions"}],"wp:featuredmedia":[{"embeddable":true,"href":"https:\/\/www.europesays.com\/no\/wp-json\/wp\/v2\/media\/125953"}],"wp:attachment":[{"href":"https:\/\/www.europesays.com\/no\/wp-json\/wp\/v2\/media?parent=125952"}],"wp:term":[{"taxonomy":"category","embeddable":true,"href":"https:\/\/www.europesays.com\/no\/wp-json\/wp\/v2\/categories?post=125952"},{"taxonomy":"post_tag","embeddable":true,"href":"https:\/\/www.europesays.com\/no\/wp-json\/wp\/v2\/tags?post=125952"}],"curies":[{"name":"wp","href":"https:\/\/api.w.org\/{rel}","templated":true}]}}