{"id":125956,"date":"2026-01-01T05:37:10","date_gmt":"2026-01-01T05:37:10","guid":{"rendered":"https:\/\/www.europesays.com\/no\/125956\/"},"modified":"2026-01-01T05:37:10","modified_gmt":"2026-01-01T05:37:10","slug":"voldshendelse-lillestrom-funnet-ille-tilredt","status":"publish","type":"post","link":"https:\/\/www.europesays.com\/no\/125956\/","title":{"rendered":"Voldshendelse, Lillestr\u00f8m | Funnet ille tilredt"},"content":{"rendered":"\n<p>Politiet kom ved 03.35-tiden i kontakt med en skadet mann som l\u00e5 nede ved jernbaneundergangen i S\u00f8rumsgata etter melding om slagsm\u00e5l.<\/p>\n<p>  <a href=\"https:\/\/www.nettavisen.no\/5-95-2803573\" class=\"related-teaser has-image nettavisen-story-teaser article--c-eRUmMG article--c-eRUmMG-fZoQSp-design-nettavisen article--c-eRUmMG-eTlODu-cv\" rel=\"nofollow noopener\" target=\"_blank\"><\/p>\n<p>    <img decoding=\"async\" loading=\"lazy\"  src=\"https:\/\/www.europesays.com\/no\/wp-content\/uploads\/2026\/01\/1767245829_549_cueres_scp-icroltqvo_IcRoL-TQ6Vo_1.jpg\" alt=\"\" class=\"brick-c-cFOWSL\" style=\"\"\/><\/p>\n<p>\n            Les ogs\u00e5<\/p>\n<p>              Mann knivstukket i Oslo\n        <\/p>\n<p>  <\/a><\/p>\n<p>Mannen hadde flere kutt i ansiktet, mulig skade p\u00e5 \u00f8ye og flere knuste tenner.<\/p>\n<p>&#8211; Vi har kontroll p\u00e5 flere som settes i forbindelse med saken og gj\u00f8r unders\u00f8kelser p\u00e5 stedet, opplyser Ronny Mangseth ved \u00d8st Politidistrikt.<\/p>\n<p>  <a href=\"https:\/\/www.nettavisen.no\/5-95-2803530\" class=\"related-teaser has-image nettavisen-story-teaser article--c-eRUmMG article--c-eRUmMG-fZoQSp-design-nettavisen article--c-eRUmMG-eTlODu-cv\" rel=\"nofollow noopener\" target=\"_blank\"><\/p>\n<p>    <img decoding=\"async\" loading=\"lazy\"  src=\"https:\/\/www.europesays.com\/no\/wp-content\/uploads\/2026\/01\/cueres_scp-mangler_navn_aCJZFZO-2Pc.jpg\" alt=\"\" class=\"brick-c-cFOWSL\" style=\"\"\/><\/p>\n<p>\n            Les ogs\u00e5<\/p>\n<p>              Skj\u00f8t mot andre med raketter\n        <\/p>\n<p>  <\/a><\/p>\n<p>Politiet har p\u00e5grepet to personer i saken.<\/p>\n<p>&#8211; De p\u00e5grepne er begge menn i begynnelsen av 20-\u00e5rene fra Oslo og Lillestr\u00f8m. De er siktet for kroppsskade. Forn\u00e6rmede er en lokal mann i slutten av 20-\u00e5rene, opplyser politiet.<\/p>\n","protected":false},"excerpt":{"rendered":"Politiet kom ved 03.35-tiden i kontakt med en skadet mann som l\u00e5 nede ved jernbaneundergangen i S\u00f8rumsgata etter&hellip;\n","protected":false},"author":2,"featured_media":3844,"comment_status":"","ping_status":"","sticky":false,"template":"","format":"standard","meta":{"footnotes":""},"categories":[10],"tags":[20,21,24,25,15,22,23,13,30,28,29,14,16,26,27],"class_list":{"0":"post-125956","1":"post","2":"type-post","3":"status-publish","4":"format-standard","5":"has-post-thumbnail","7":"category-norge","8":"tag-breaking-news","9":"tag-breakingnews","10":"tag-featured-news","11":"tag-featurednews","12":"tag-headlines","13":"tag-latest-news","14":"tag-latestnews","15":"tag-news","16":"tag-no","17":"tag-norge","18":"tag-norway","19":"tag-nyheter","20":"tag-overskrifter","21":"tag-top-stories","22":"tag-topstories"},"share_on_mastodon":{"url":"https:\/\/pubeurope.com\/@no\/115818230120057077","error":""},"_links":{"self":[{"href":"https:\/\/www.europesays.com\/no\/wp-json\/wp\/v2\/posts\/125956","targetHints":{"allow":["GET"]}}],"collection":[{"href":"https:\/\/www.europesays.com\/no\/wp-json\/wp\/v2\/posts"}],"about":[{"href":"https:\/\/www.europesays.com\/no\/wp-json\/wp\/v2\/types\/post"}],"author":[{"embeddable":true,"href":"https:\/\/www.europesays.com\/no\/wp-json\/wp\/v2\/users\/2"}],"replies":[{"embeddable":true,"href":"https:\/\/www.europesays.com\/no\/wp-json\/wp\/v2\/comments?post=125956"}],"version-history":[{"count":0,"href":"https:\/\/www.europesays.com\/no\/wp-json\/wp\/v2\/posts\/125956\/revisions"}],"wp:featuredmedia":[{"embeddable":true,"href":"https:\/\/www.europesays.com\/no\/wp-json\/wp\/v2\/media\/3844"}],"wp:attachment":[{"href":"https:\/\/www.europesays.com\/no\/wp-json\/wp\/v2\/media?parent=125956"}],"wp:term":[{"taxonomy":"category","embeddable":true,"href":"https:\/\/www.europesays.com\/no\/wp-json\/wp\/v2\/categories?post=125956"},{"taxonomy":"post_tag","embeddable":true,"href":"https:\/\/www.europesays.com\/no\/wp-json\/wp\/v2\/tags?post=125956"}],"curies":[{"name":"wp","href":"https:\/\/api.w.org\/{rel}","templated":true}]}}