{"id":125957,"date":"2026-01-01T05:39:09","date_gmt":"2026-01-01T05:39:09","guid":{"rendered":"https:\/\/www.europesays.com\/no\/125957\/"},"modified":"2026-01-01T05:39:09","modified_gmt":"2026-01-01T05:39:09","slug":"handball-nyheter-morks-graviditet-bidro-til-millionunderskudd","status":"publish","type":"post","link":"https:\/\/www.europesays.com\/no\/125957\/","title":{"rendered":"H\u00e5ndball, Nyheter | M\u00f8rks graviditet bidro til millionunderskudd"},"content":{"rendered":"\n<p>Esbjerg, som ogs\u00e5 har Henny Reistad og flere andre norske stjerner i sine rekker, opplyser om regnskapstallene p\u00e5 egne nettsider.<\/p>\n<p><b>Der heter det at fire graviditeter og en korsb\u00e5ndskade bidro til et underskudd p\u00e5 3,25 millioner danske kroner i 2024\/25. Oppdateringen har f\u00e5tt overskriften \u00abLykkelige omstendigheter ga veer p\u00e5 bunnlinjen\u00bb.<\/b><\/p>\n<p>I Norge er det slik at Nav utbetaler svangerskapspenger til idrettsut\u00f8vere som av hensyn til fosteret ikke kan fortsette med idretten, slik som kontaktidretter som h\u00e5ndball.<\/p>\n<p>Denne ordningen finnes ikke p\u00e5 samme m\u00e5te i Danmark, der m\u00e5 klubbene mange ganger fortsette \u00e5 betale ut l\u00f8nn, selv om ut\u00f8veren ikke kan spille. I flere europeiske land har norske spillere ogs\u00e5 opplevd at klubbene har kuttet i l\u00f8nnsutbetalingen. <\/p>\n<p>I 2023\/2024 var Esbjergs underskudd atskillig mindre: Litt over en halv million danske kroner.<\/p>\n<p>Det betydelig st\u00f8rre underskuddet forrige sesong skyldes at klubben i fire tilfeller m\u00e5tte bruke ekstra l\u00f8nnsmidler for \u00e5 finne en erstatter for en gravid spiller.<\/p>\n<p><b>\u2013 Det lavere resultatet skyldes delvis \u00f8kende utgifter i form av pris\u00f8kninger p\u00e5 de fleste produktgrupper og ytelser, delvis at fire av Team Esbjergs spillere ikke var i stand til \u00e5 spille p\u00e5 grunn av graviditeter, og en femte spiller ble rammet av en korsb\u00e5ndskade. Frav\u00e6ret av fem spillere medf\u00f8rte at klubben m\u00e5tte supplere troppen med fem nye spillere tidlig i 2025, skriver klubben.<\/b><\/p>\n<p>Nora M\u00f8rk var blant spillerne som ikke var tilgjengelig. Hun ble mamma for f\u00f8rste gang i mai.<\/p>\n<p>Personalkostnadene til Esbjerg \u00f8kte fra 16,8 millioner danske kroner til 19 millioner.<\/p>\n<p>Styreleder Bjarne Pedersen sier at klubben har \u00f8kt prisene p\u00e5 en rekke sponsorprodukter for \u00e5 sikre h\u00f8yere inntekter i fremtiden.<\/p>\n<p>I tillegg har klubbens aksjon\u00e6rer bidratt med tre millioner kroner til selskapet.<\/p>\n<p>I 2024\/25-sesongen, som regnskapsperioden dekker, kom Esbjerg p\u00e5 andreplass i den danske ligaen, men vant cupen. Klubben endte p\u00e5 tredjeplass i Champions League.<\/p>\n","protected":false},"excerpt":{"rendered":"Esbjerg, som ogs\u00e5 har Henny Reistad og flere andre norske stjerner i sine rekker, opplyser om regnskapstallene p\u00e5&hellip;\n","protected":false},"author":2,"featured_media":125958,"comment_status":"","ping_status":"","sticky":false,"template":"","format":"standard","meta":{"footnotes":""},"categories":[59],"tags":[36,105,30,28,29,14,83,82,1510],"class_list":{"0":"post-125957","1":"post","2":"type-post","3":"status-publish","4":"format-standard","5":"has-post-thumbnail","7":"category-sport","8":"tag-art","9":"tag-handball","10":"tag-no","11":"tag-norge","12":"tag-norway","13":"tag-nyheter","14":"tag-sport","15":"tag-sports","16":"tag-story"},"share_on_mastodon":{"url":"https:\/\/pubeurope.com\/@no\/115818237939392205","error":""},"_links":{"self":[{"href":"https:\/\/www.europesays.com\/no\/wp-json\/wp\/v2\/posts\/125957","targetHints":{"allow":["GET"]}}],"collection":[{"href":"https:\/\/www.europesays.com\/no\/wp-json\/wp\/v2\/posts"}],"about":[{"href":"https:\/\/www.europesays.com\/no\/wp-json\/wp\/v2\/types\/post"}],"author":[{"embeddable":true,"href":"https:\/\/www.europesays.com\/no\/wp-json\/wp\/v2\/users\/2"}],"replies":[{"embeddable":true,"href":"https:\/\/www.europesays.com\/no\/wp-json\/wp\/v2\/comments?post=125957"}],"version-history":[{"count":0,"href":"https:\/\/www.europesays.com\/no\/wp-json\/wp\/v2\/posts\/125957\/revisions"}],"wp:featuredmedia":[{"embeddable":true,"href":"https:\/\/www.europesays.com\/no\/wp-json\/wp\/v2\/media\/125958"}],"wp:attachment":[{"href":"https:\/\/www.europesays.com\/no\/wp-json\/wp\/v2\/media?parent=125957"}],"wp:term":[{"taxonomy":"category","embeddable":true,"href":"https:\/\/www.europesays.com\/no\/wp-json\/wp\/v2\/categories?post=125957"},{"taxonomy":"post_tag","embeddable":true,"href":"https:\/\/www.europesays.com\/no\/wp-json\/wp\/v2\/tags?post=125957"}],"curies":[{"name":"wp","href":"https:\/\/api.w.org\/{rel}","templated":true}]}}