{"id":125961,"date":"2026-01-01T05:44:07","date_gmt":"2026-01-01T05:44:07","guid":{"rendered":"https:\/\/www.europesays.com\/no\/125961\/"},"modified":"2026-01-01T05:44:07","modified_gmt":"2026-01-01T05:44:07","slug":"bragernes-uteliv-dette-gikk-du-glipp-av-jaevlig-bra-drammens-tidende","status":"publish","type":"post","link":"https:\/\/www.europesays.com\/no\/125961\/","title":{"rendered":"Bragernes, Uteliv | Dette gikk du glipp av: \u2013 J\u00e6vlig bra! &#8211; Drammens Tidende"},"content":{"rendered":"<ol>\n<li><a href=\"https:\/\/news.google.com\/rss\/articles\/CBMidEFVX3lxTE9GYTk4MWp0MmF1TUFGOUdPY1phanRsTEY5aURkdVF6dkhFQWplYno0QnY1LTdBcHV6TDhPX284TmpYSDJMaWZQMExmNXlJOTdOdHpNbURoUFYxbnlXR0YtaUYtUERTeWQwYnhXdXMzZEtaeGNq?oc=5\" target=\"_blank\" rel=\"nofollow noopener\">Bragernes, Uteliv | Dette gikk du glipp av: \u2013 J\u00e6vlig bra!<\/a>&nbsp;&nbsp;Drammens Tidende<\/li>\n<li><a href=\"https:\/\/news.google.com\/rss\/articles\/CBMiogFBVV95cUxPUHl1eERlaXNBMGdKZ01WYUlBZXdFX0h4VDk1Zm9hTDFsVmZuSTBMMGNIT3Q3SEtFZG1iZ05wcXRUNlhkMi1WZkxNWWhyUnN2YTJaT2Z6TFFMSWt2Z0dBZFAyVS1MdEJVVElBZ3ZJbzREM1Z1VnUzdTc4NDRyMFhVYUg0aTVJS2QxOGkyX0swcXBqb0MwTVNLMmliSGRBOEdGY3c?oc=5\" target=\"_blank\" rel=\"nofollow noopener\">Her holder de \u00e5pent nytt\u00e5rsaften: \u2013 Vi har sett et tomrom i utelivet<\/a>&nbsp;&nbsp;Hamar Arbeiderblad<\/li>\n<li><a href=\"https:\/\/news.google.com\/rss\/articles\/CBMihgFBVV95cUxOMGtVdG1BOThFODJUZ0U4OWJWczl4WkptWU9NVjZBWFp0anpPUWxNalVTTFBJa1AyUUJRQ0NyRTZ3YmpQOFJUeHNoUXY3ZXMzVFczNk01RkhXMlI2UTZ0UVVBSHZ0U3puelJfUUFuT0pUMVdDNVdOZW1jN19GcXZzWVlBX3dSdw?oc=5\" target=\"_blank\" rel=\"nofollow noopener\">Mange gjorde som dem: \u2013 Deilig \u00e5 slippe matlaginga<\/a>&nbsp;&nbsp;varden.no<\/li>\n<li><a href=\"https:\/\/news.google.com\/rss\/articles\/CBMingFBVV95cUxPdmRvVFZRcE41d2RVbFU4cGl0WVRJNUQyUllyNTdRUzFxazJwUGRoR3V0Zl9lX2o4Q0tiU0ZfWXl0UUhuYzlPUTJzbFBhTzMzYjQ1R3ZBZmNRWS1UMmlDS1BLOXV3WTQxUHdYLTJUUXRzUkRBMm8xQy1mdE9WTTNQQW1adWU3Q0xMSFZmY0tCelo2WVBmTzBMd2V0dFRjdw?oc=5\" target=\"_blank\" rel=\"nofollow noopener\">Disse stedene har ledig plass p\u00e5 nytt\u00e5rsaften: \u2013 Vi ringer ventelisten n\u00e5<\/a>&nbsp;&nbsp;Bergens Tidende<\/li>\n<li><a href=\"https:\/\/news.google.com\/rss\/articles\/CBMigwFBVV95cUxPTVNoeEpaNU1tZGVoOXp3aS0xLUhaM09kcUVWTnBsLTFXbGUxa0tHZ29iZTRZNHc4dnNjMG1uRDFNQUpoQWpyWWJRWU53MTNHV3hiY3BsRTdnSVhqNEg3NGV3Ri14RWEtME5manlMS3BIVG41SHlPbUZkODY4Umd3R09aYw?oc=5\" target=\"_blank\" rel=\"nofollow noopener\">Nyheter, MittLillestr\u00f8m | Disse utestedene holder \u00e5pent: \u2013 Blir bra tr\u00f8kk<\/a>&nbsp;&nbsp;Romerikes Blad<\/li>\n<\/ol>\n","protected":false},"excerpt":{"rendered":"Bragernes, Uteliv | Dette gikk du glipp av: \u2013 J\u00e6vlig bra!&nbsp;&nbsp;Drammens Tidende Her holder de \u00e5pent nytt\u00e5rsaften: \u2013&hellip;\n","protected":false},"author":2,"featured_media":125962,"comment_status":"","ping_status":"","sticky":false,"template":"","format":"standard","meta":{"footnotes":""},"categories":[10],"tags":[20,21,24,25,15,22,23,13,30,28,29,14,16,26,27],"class_list":{"0":"post-125961","1":"post","2":"type-post","3":"status-publish","4":"format-standard","5":"has-post-thumbnail","7":"category-norge","8":"tag-breaking-news","9":"tag-breakingnews","10":"tag-featured-news","11":"tag-featurednews","12":"tag-headlines","13":"tag-latest-news","14":"tag-latestnews","15":"tag-news","16":"tag-no","17":"tag-norge","18":"tag-norway","19":"tag-nyheter","20":"tag-overskrifter","21":"tag-top-stories","22":"tag-topstories"},"share_on_mastodon":{"url":"https:\/\/pubeurope.com\/@no\/115818257599227347","error":""},"_links":{"self":[{"href":"https:\/\/www.europesays.com\/no\/wp-json\/wp\/v2\/posts\/125961","targetHints":{"allow":["GET"]}}],"collection":[{"href":"https:\/\/www.europesays.com\/no\/wp-json\/wp\/v2\/posts"}],"about":[{"href":"https:\/\/www.europesays.com\/no\/wp-json\/wp\/v2\/types\/post"}],"author":[{"embeddable":true,"href":"https:\/\/www.europesays.com\/no\/wp-json\/wp\/v2\/users\/2"}],"replies":[{"embeddable":true,"href":"https:\/\/www.europesays.com\/no\/wp-json\/wp\/v2\/comments?post=125961"}],"version-history":[{"count":0,"href":"https:\/\/www.europesays.com\/no\/wp-json\/wp\/v2\/posts\/125961\/revisions"}],"wp:featuredmedia":[{"embeddable":true,"href":"https:\/\/www.europesays.com\/no\/wp-json\/wp\/v2\/media\/125962"}],"wp:attachment":[{"href":"https:\/\/www.europesays.com\/no\/wp-json\/wp\/v2\/media?parent=125961"}],"wp:term":[{"taxonomy":"category","embeddable":true,"href":"https:\/\/www.europesays.com\/no\/wp-json\/wp\/v2\/categories?post=125961"},{"taxonomy":"post_tag","embeddable":true,"href":"https:\/\/www.europesays.com\/no\/wp-json\/wp\/v2\/tags?post=125961"}],"curies":[{"name":"wp","href":"https:\/\/api.w.org\/{rel}","templated":true}]}}