{"id":125982,"date":"2026-01-01T06:26:11","date_gmt":"2026-01-01T06:26:11","guid":{"rendered":"https:\/\/www.europesays.com\/no\/125982\/"},"modified":"2026-01-01T06:26:11","modified_gmt":"2026-01-01T06:26:11","slug":"nyttarsaften-fyrvekeri-en-stralende-nyttarsaften-del-minnene-med-oss","status":"publish","type":"post","link":"https:\/\/www.europesays.com\/no\/125982\/","title":{"rendered":"Nytt\u00e5rsaften, Fyrvekeri | En str\u00e5lende nytt\u00e5rsaften \u2013 del minnene med oss"},"content":{"rendered":"\n<p>Klarv\u00e6r noen f\u00e5 plussgrader. V\u00e6ret er omtrent s\u00e5 fint som det kan bli om du \u00f8nsker best mulig utsikt til fyrverkeriet som sendes opp ved midnatt onsdag.<\/p>\n<p>Sitter du med noen bilde fra din egen feiring eller noe annet fra nytt\u00e5rsaften som du \u00f8nsker \u00e5 dele med alle v\u00e5re lesere?<\/p>\n<p>Send bilde eller video til: red@glomdalen.no<\/p>\n<p>   <img decoding=\"async\" width=\"1613\" height=\"1235\" fetchpriority=\"low\"  loading=\"lazy\"  src=\"https:\/\/www.europesays.com\/no\/wp-content\/uploads\/2026\/01\/fyrverkeri.jpg\" alt=\"\" class=\"brick-c-cFOWSL\" style=\"--brick-image-ratio: 1613 \/ 1235;\"\/><\/p>\n<p>      Fra balkongen p\u00e5 Langeland.<br \/>\n      Foto: Adriana Sand\n    <\/p>\n<p>   <img decoding=\"async\" width=\"4032\" height=\"2268\" fetchpriority=\"low\"  loading=\"lazy\"  src=\"https:\/\/www.europesays.com\/no\/wp-content\/uploads\/2026\/01\/3.jpeg\" alt=\"\" class=\"brick-c-cFOWSL\" style=\"--brick-image-ratio: 4032 \/ 2268;\"\/><\/p>\n<p>      Nytt\u00e5raften i Kongsvinger.<\/p>\n<p>   <img decoding=\"async\" width=\"4032\" height=\"2268\" fetchpriority=\"low\"  loading=\"lazy\"  src=\"https:\/\/www.europesays.com\/no\/wp-content\/uploads\/2026\/01\/1.jpeg\" alt=\"\" class=\"brick-c-cFOWSL\" style=\"--brick-image-ratio: 4032 \/ 2268;\"\/><\/p>\n<p>      Nytt\u00e5raften i Kongsvinger.<br \/>\n      Foto:<br \/>\nEspen Kirkedelen\n    <\/p>\n<p>    Vil du se neste video?<\/p>\n<p>    <a href=\"https:\/\/www.glomdalen.no\/kvinne-funnet-dod-i-grue\/v\/80-19-182745\" class=\"recommend-poster\" data-adp-clicklabel=\"video-recommend\" data-adp-clickvalue=\"poster\" rel=\"nofollow noopener\" target=\"_blank\"><\/p>\n<p>Kvinne funnet d\u00f8d i Grue0:14<\/p>\n<p>    <\/a><\/p>\n<p>        Erdvile har sendt denne videoen fra Langerudberget.<\/p>\n<p>    Vil du se neste video?<\/p>\n<p>    <a href=\"https:\/\/www.glomdalen.no\/kvinne-funnet-dod-i-grue\/v\/80-19-182745\" class=\"recommend-poster\" data-adp-clicklabel=\"video-recommend\" data-adp-clickvalue=\"poster\" rel=\"nofollow noopener\" target=\"_blank\"><\/p>\n<p>Kvinne funnet d\u00f8d i Grue0:14<\/p>\n<p>    <\/a><\/p>\n<p>        Tiril Brandett, 5 \u00e5r, med stjerneskudd. Videoen er sendt inn av Liv Myrheim.<\/p>\n","protected":false},"excerpt":{"rendered":"Klarv\u00e6r noen f\u00e5 plussgrader. V\u00e6ret er omtrent s\u00e5 fint som det kan bli om du \u00f8nsker best mulig&hellip;\n","protected":false},"author":2,"featured_media":125983,"comment_status":"","ping_status":"","sticky":false,"template":"","format":"standard","meta":{"footnotes":""},"categories":[12],"tags":[36,1969,20,21,24,25,14827,15,22,23,13,30,28,29,14,13381,16,1510,26,27,42,43,44,45],"class_list":{"0":"post-125982","1":"post","2":"type-post","3":"status-publish","4":"format-standard","5":"has-post-thumbnail","7":"category-verden","8":"tag-art","9":"tag-bilder","10":"tag-breaking-news","11":"tag-breakingnews","12":"tag-featured-news","13":"tag-featurednews","14":"tag-fyrvekeri","15":"tag-headlines","16":"tag-latest-news","17":"tag-latestnews","18":"tag-news","19":"tag-no","20":"tag-norge","21":"tag-norway","22":"tag-nyheter","23":"tag-nyttarsaften","24":"tag-overskrifter","25":"tag-story","26":"tag-top-stories","27":"tag-topstories","28":"tag-verden","29":"tag-world","30":"tag-world-news","31":"tag-worldnews"},"share_on_mastodon":{"url":"https:\/\/pubeurope.com\/@no\/115818422806053658","error":""},"_links":{"self":[{"href":"https:\/\/www.europesays.com\/no\/wp-json\/wp\/v2\/posts\/125982","targetHints":{"allow":["GET"]}}],"collection":[{"href":"https:\/\/www.europesays.com\/no\/wp-json\/wp\/v2\/posts"}],"about":[{"href":"https:\/\/www.europesays.com\/no\/wp-json\/wp\/v2\/types\/post"}],"author":[{"embeddable":true,"href":"https:\/\/www.europesays.com\/no\/wp-json\/wp\/v2\/users\/2"}],"replies":[{"embeddable":true,"href":"https:\/\/www.europesays.com\/no\/wp-json\/wp\/v2\/comments?post=125982"}],"version-history":[{"count":0,"href":"https:\/\/www.europesays.com\/no\/wp-json\/wp\/v2\/posts\/125982\/revisions"}],"wp:featuredmedia":[{"embeddable":true,"href":"https:\/\/www.europesays.com\/no\/wp-json\/wp\/v2\/media\/125983"}],"wp:attachment":[{"href":"https:\/\/www.europesays.com\/no\/wp-json\/wp\/v2\/media?parent=125982"}],"wp:term":[{"taxonomy":"category","embeddable":true,"href":"https:\/\/www.europesays.com\/no\/wp-json\/wp\/v2\/categories?post=125982"},{"taxonomy":"post_tag","embeddable":true,"href":"https:\/\/www.europesays.com\/no\/wp-json\/wp\/v2\/tags?post=125982"}],"curies":[{"name":"wp","href":"https:\/\/api.w.org\/{rel}","templated":true}]}}