{"id":125990,"date":"2026-01-01T06:58:09","date_gmt":"2026-01-01T06:58:09","guid":{"rendered":"https:\/\/www.europesays.com\/no\/125990\/"},"modified":"2026-01-01T06:58:09","modified_gmt":"2026-01-01T06:58:09","slug":"nyttarsaften-bergen-sentrum-travel-natt-for-politiet-flere-slagsmal-i-sentrum","status":"publish","type":"post","link":"https:\/\/www.europesays.com\/no\/125990\/","title":{"rendered":"Nytt\u00e5rsaften, Bergen sentrum | Travel natt for politiet: Flere slagsm\u00e5l i sentrum"},"content":{"rendered":"\n<p><b>I l\u00f8pet av natten var det flere slagsm\u00e5l og trusselhendelser i og rundt Bergen. Til sammen fem personer m\u00e5tte overnatte i fyllearresten.<\/b><\/p>\n<p>\u2013 Det var ingen alvorlige hendelser, men vi hadde mer enn nok \u00e5 henge fingrene i, er operasjonsleder Morten Rebnord sin oppsummering av natten.<\/p>\n<p>Allerede rundt midnatt ble det meldt om en ung mann som skj\u00f8t fyrverkeri mot forbipasserende ved Den bl\u00e5 steinen, f\u00f8r en annen mindre\u00e5rig gutt begynte \u00e5 <a href=\"https:\/\/www.ba.no\/ba-direkte\/s\/5-8-1245793?p=lc-10777237-7073-bergensavisen\" rel=\"Follow nofollow noopener\" target=\"_blank\">skyte fyrverkeri inne p\u00e5 Bybanen<\/a>. Ingen er meldt skadet etter de to hendelsene.<\/p>\n<p>I tillegg ble det knust en rute og skutt fyrverkeri inn p\u00e5 Lynghaug Skole. Det ble mye r\u00f8yk, men ingen flammer, og gjerningspersonene var forsvunnet f\u00f8r brannvesenet kom til stedet.<\/p>\n<p>Br\u00e5k i sentrum<\/p>\n<p><b>Gjennom natten var det mye br\u00e5k i Bergen sentrum.<\/b><\/p>\n<p>I 01-tiden var det slagsm\u00e5l mellom flere personer p\u00e5 Bryggen. Ingen skal ha blitt skadet, men to 19-\u00e5ringer ble bortvist fra sentrum.<\/p>\n<p>En time senere ble en mann i 20-\u00e5rene tatt inn til fyllearresten. Han ble f\u00f8rst nektet adgang til et utested og fikk p\u00e5legg om \u00e5 forlate sentrum. Da mannen noen minutter senere skal ha kommet tilbake til utestedet, ble han anmeldt for \u00e5 ikke ha etterkommet politiets p\u00e5legg.<\/p>\n<p>I 03-tiden var det slagsm\u00e5l mellom to menn i Vaskerelven. Ingen av dem ble skadet, og ingen \u00f8nsket \u00e5 anmelde saken.<\/p>\n<p>I samme tidsrom var det en person som skal ha laget br\u00e5k og kommet med trusler p\u00e5 et arrangement p\u00e5 Nordnes. Mannen i 30-\u00e5rene ble anmeldt for ordensforstyrrelse.<\/p>\n<p>Like etterp\u00e5 skal en mann i 50-\u00e5rene ha fors\u00f8kt \u00e5 sl\u00e5 til andre forbipasserende. Deretter var han hissig og utagerende mot politiet. Personen ble anmeldt for forulemping av offentlig tjenesteperson, og ble tatt med til fyllearresten.<\/p>\n<p>Og i 0530-tiden ble en mann i 60-\u00e5rene p\u00e5grepet for familievold i Bergenhus bydel. Ingen er meldt skadet i den forbindelse.<\/p>\n<p>Som forventet<\/p>\n<p>\u2013 Er dette litt som forventet p\u00e5 nytt\u00e5rsaften?<\/p>\n<p>\u2013 Ja. Det er mange folk ute, og det skjer masse. Jeg vil beskrive det som en vanlig natt til 1. nytt\u00e5rsdag s\u00e5nn rent ordensmessig, svarer Rebnord.<\/p>\n<p><b>Han tror politioppbudet p\u00e5 Torgallmenningen hadde en forebyggende effekt.<\/b><\/p>\n<p>Les mer:<\/p>\n<p>  <a href=\"https:\/\/www.ba.no\/5-8-3269277\" class=\"related-teaser has-image default-gallery-teaser article--c-eRUmMG article--c-eRUmMG-jKCPdD-design-default\" rel=\"nofollow noopener\" target=\"_blank\"><\/p>\n<p>    <img decoding=\"async\" loading=\"lazy\"  src=\"https:\/\/www.europesays.com\/no\/wp-content\/uploads\/2026\/01\/DSC_0095_kopi.jpg\" alt=\"\" class=\"brick-c-cFOWSL\" style=\"\"\/><\/p>\n<p>\n            Bildeserie<\/p>\n<p>              Nytt\u00e5rsfeiringen i sentrum: Sjekk bildene!\n        <\/p>\n<p>  <\/a><\/p>\n<p>  <a href=\"https:\/\/www.ba.no\/5-8-3269270\" class=\"related-teaser default-story-teaser article--c-eRUmMG article--c-eRUmMG-jKCPdD-design-default article--c-eRUmMG-kpKLOW-cv\" rel=\"nofollow noopener\" target=\"_blank\"><\/p>\n<p>\n            Les ogs\u00e5<\/p>\n<p>              Bergenser ble million\u00e6r p\u00e5 nytt\u00e5rsaften\n        <\/p>\n<p>  <\/a><\/p>\n<p>  <a href=\"https:\/\/www.ba.no\/5-8-3269248\" class=\"related-teaser has-image default-story-teaser article--c-eRUmMG article--c-eRUmMG-jKCPdD-design-default\" rel=\"nofollow noopener\" target=\"_blank\"><\/p>\n<p>    <img decoding=\"async\" loading=\"lazy\"  src=\"https:\/\/www.europesays.com\/no\/wp-content\/uploads\/2026\/01\/DSC_3248_kopi.jpg\" alt=\"\" class=\"brick-c-cFOWSL\" style=\"\"\/><\/p>\n<p>\n            Les ogs\u00e5<\/p>\n<p>              Redningsaksjon i Byfjellene: \u2013 Er i kontakt med savnede\n        <\/p>\n<p>  <\/a><\/p>\n<p>  <a href=\"https:\/\/www.ba.no\/5-8-3269212\" class=\"related-teaser has-image default-story-teaser article--c-eRUmMG article--c-eRUmMG-jKCPdD-design-default\" rel=\"nofollow noopener\" target=\"_blank\"><\/p>\n<p>    <img decoding=\"async\" loading=\"lazy\"  src=\"https:\/\/www.europesays.com\/no\/wp-content\/uploads\/2026\/01\/cueres_scp-vnsmckcjna_v0NsmckCJNA.jpg\" alt=\"\" class=\"brick-c-cFOWSL\" style=\"\"\/><\/p>\n<p>\n            Les ogs\u00e5<\/p>\n<p>              Kongen takker folket: \u2013 Til \u00e5 bli ordentlig glad av\n        <\/p>\n<p>  <\/a><\/p>\n<p>  <a href=\"https:\/\/www.ba.no\/5-8-3269202\" class=\"related-teaser has-image default-story-teaser article--c-eRUmMG article--c-eRUmMG-jKCPdD-design-default\" rel=\"nofollow noopener\" target=\"_blank\"><\/p>\n<p>    <img decoding=\"async\" loading=\"lazy\"  src=\"https:\/\/www.europesays.com\/no\/wp-content\/uploads\/2026\/01\/DSC_8577+kopi.jpg\" alt=\"\" class=\"brick-c-cFOWSL\" style=\"\"\/><\/p>\n<p>\n            Les ogs\u00e5<\/p>\n<p>              S\u00f8ker tilflukt p\u00e5 hotell: \u2013 De er gode tjommier\n        <\/p>\n<p>  <\/a><\/p>\n","protected":false},"excerpt":{"rendered":"I l\u00f8pet av natten var det flere slagsm\u00e5l og trusselhendelser i og rundt Bergen. Til sammen fem personer&hellip;\n","protected":false},"author":2,"featured_media":125991,"comment_status":"","ping_status":"","sticky":false,"template":"","format":"standard","meta":{"footnotes":""},"categories":[5],"tags":[36,1982,20,21,24,25,15,19,22,23,17,18,13,30,28,29,14,13381,16,254,987,1510,26,27],"class_list":{"0":"post-125990","1":"post","2":"type-post","3":"status-publish","4":"format-standard","5":"has-post-thumbnail","7":"category-overskrifter","8":"tag-art","9":"tag-bergen-sentrum","10":"tag-breaking-news","11":"tag-breakingnews","12":"tag-featured-news","13":"tag-featurednews","14":"tag-headlines","15":"tag-hovedoppslag","16":"tag-latest-news","17":"tag-latestnews","18":"tag-main-news","19":"tag-mainnews","20":"tag-news","21":"tag-no","22":"tag-norge","23":"tag-norway","24":"tag-nyheter","25":"tag-nyttarsaften","26":"tag-overskrifter","27":"tag-politi","28":"tag-politilogg","29":"tag-story","30":"tag-top-stories","31":"tag-topstories"},"share_on_mastodon":{"url":"https:\/\/pubeurope.com\/@no\/115818548632025112","error":""},"_links":{"self":[{"href":"https:\/\/www.europesays.com\/no\/wp-json\/wp\/v2\/posts\/125990","targetHints":{"allow":["GET"]}}],"collection":[{"href":"https:\/\/www.europesays.com\/no\/wp-json\/wp\/v2\/posts"}],"about":[{"href":"https:\/\/www.europesays.com\/no\/wp-json\/wp\/v2\/types\/post"}],"author":[{"embeddable":true,"href":"https:\/\/www.europesays.com\/no\/wp-json\/wp\/v2\/users\/2"}],"replies":[{"embeddable":true,"href":"https:\/\/www.europesays.com\/no\/wp-json\/wp\/v2\/comments?post=125990"}],"version-history":[{"count":0,"href":"https:\/\/www.europesays.com\/no\/wp-json\/wp\/v2\/posts\/125990\/revisions"}],"wp:featuredmedia":[{"embeddable":true,"href":"https:\/\/www.europesays.com\/no\/wp-json\/wp\/v2\/media\/125991"}],"wp:attachment":[{"href":"https:\/\/www.europesays.com\/no\/wp-json\/wp\/v2\/media?parent=125990"}],"wp:term":[{"taxonomy":"category","embeddable":true,"href":"https:\/\/www.europesays.com\/no\/wp-json\/wp\/v2\/categories?post=125990"},{"taxonomy":"post_tag","embeddable":true,"href":"https:\/\/www.europesays.com\/no\/wp-json\/wp\/v2\/tags?post=125990"}],"curies":[{"name":"wp","href":"https:\/\/api.w.org\/{rel}","templated":true}]}}