{"id":125996,"date":"2026-01-01T07:11:16","date_gmt":"2026-01-01T07:11:16","guid":{"rendered":"https:\/\/www.europesays.com\/no\/125996\/"},"modified":"2026-01-01T07:11:16","modified_gmt":"2026-01-01T07:11:16","slug":"stjordal-brann-11-evakuert-etter-boligbrann","status":"publish","type":"post","link":"https:\/\/www.europesays.com\/no\/125996\/","title":{"rendered":"Stj\u00f8rdal, Brann | 11 evakuert etter boligbrann"},"content":{"rendered":"\n<p>Politiet i Tr\u00f8ndelag meldte ved 22-tiden nytt\u00e5rsaften om en brann i 1. etasje p\u00e5 en flermannsbolig i Stj\u00f8rdal.<\/p>\n<p>N\u00f8detatene kom raskt til stedet, og det ble foretatt evakuering av de beboerne som ikke allerede hadde kommet seg ut. Klokka 22.14 melder politiet at samtlige 11 er evakuert.<\/p>\n<p>\u2013 Det er snakk om et bygg med flere leiligheter, der det brenner i en leilighet i 1. etasje. R\u00f8ykdykkere er p\u00e5 vei inn for \u00e5 pr\u00f8ve \u00e5 f\u00e5 slokket brannen f\u00f8r den sprer seg til flere av leilighetene i bygget, sier Lars Lunde hos 110-sentralen klokka 22.15.<\/p>\n<p><b>\u2013 Er det fare for spredning til andre bygg?<\/b><\/p>\n<p>\u2013 Det er jo midt i et boligfelt, men forel\u00f8pig er det st\u00f8rst fare for spredning til resten av bygget. Vi er i en tidlig fase forel\u00f8pig, sier Lunde.<\/p>\n<p><b>Siste: <\/b><\/p>\n<p>Ved 23-tiden opplyser Lunde hos 110-sentralen at det er kontroll p\u00e5 brannen.<\/p>\n<p>\u2013 Det p\u00e5g\u00e5r n\u00e5 etterslokking og kontroller p\u00e5 stedet. Det skal ha kommet noe r\u00f8yk inn i naboleiligheter, men de ser ellers ut til \u00e5 ha berget fint, sier Lunde.<\/p>\n","protected":false},"excerpt":{"rendered":"Politiet i Tr\u00f8ndelag meldte ved 22-tiden nytt\u00e5rsaften om en brann i 1. etasje p\u00e5 en flermannsbolig i Stj\u00f8rdal.&hellip;\n","protected":false},"author":2,"featured_media":125997,"comment_status":"","ping_status":"","sticky":false,"template":"","format":"standard","meta":{"footnotes":""},"categories":[10],"tags":[36,367,20,21,24,25,15,168,22,23,13,30,28,29,14,16,756,1510,26,27],"class_list":{"0":"post-125996","1":"post","2":"type-post","3":"status-publish","4":"format-standard","5":"has-post-thumbnail","7":"category-norge","8":"tag-art","9":"tag-brann","10":"tag-breaking-news","11":"tag-breakingnews","12":"tag-featured-news","13":"tag-featurednews","14":"tag-headlines","15":"tag-hendelser","16":"tag-latest-news","17":"tag-latestnews","18":"tag-news","19":"tag-no","20":"tag-norge","21":"tag-norway","22":"tag-nyheter","23":"tag-overskrifter","24":"tag-stjordal","25":"tag-story","26":"tag-top-stories","27":"tag-topstories"},"share_on_mastodon":{"url":"https:\/\/pubeurope.com\/@no\/115818599697791717","error":""},"_links":{"self":[{"href":"https:\/\/www.europesays.com\/no\/wp-json\/wp\/v2\/posts\/125996","targetHints":{"allow":["GET"]}}],"collection":[{"href":"https:\/\/www.europesays.com\/no\/wp-json\/wp\/v2\/posts"}],"about":[{"href":"https:\/\/www.europesays.com\/no\/wp-json\/wp\/v2\/types\/post"}],"author":[{"embeddable":true,"href":"https:\/\/www.europesays.com\/no\/wp-json\/wp\/v2\/users\/2"}],"replies":[{"embeddable":true,"href":"https:\/\/www.europesays.com\/no\/wp-json\/wp\/v2\/comments?post=125996"}],"version-history":[{"count":0,"href":"https:\/\/www.europesays.com\/no\/wp-json\/wp\/v2\/posts\/125996\/revisions"}],"wp:featuredmedia":[{"embeddable":true,"href":"https:\/\/www.europesays.com\/no\/wp-json\/wp\/v2\/media\/125997"}],"wp:attachment":[{"href":"https:\/\/www.europesays.com\/no\/wp-json\/wp\/v2\/media?parent=125996"}],"wp:term":[{"taxonomy":"category","embeddable":true,"href":"https:\/\/www.europesays.com\/no\/wp-json\/wp\/v2\/categories?post=125996"},{"taxonomy":"post_tag","embeddable":true,"href":"https:\/\/www.europesays.com\/no\/wp-json\/wp\/v2\/tags?post=125996"}],"curies":[{"name":"wp","href":"https:\/\/api.w.org\/{rel}","templated":true}]}}