{"id":126018,"date":"2026-01-01T07:47:11","date_gmt":"2026-01-01T07:47:11","guid":{"rendered":"https:\/\/www.europesays.com\/no\/126018\/"},"modified":"2026-01-01T07:47:11","modified_gmt":"2026-01-01T07:47:11","slug":"arets-nyttarsbarn-er-fodt-pa-sorlandet-utrolig-goy-fvn-no","status":"publish","type":"post","link":"https:\/\/www.europesays.com\/no\/126018\/","title":{"rendered":"(+) \u00c5rets nytt\u00e5rsbarn er f\u00f8dt p\u00e5 S\u00f8rlandet: \u2013 Utrolig g\u00f8y &#8211; fvn.no"},"content":{"rendered":"<ol>\n<li><a href=\"https:\/\/news.google.com\/rss\/articles\/CBMiiAFBVV95cUxQb05ndFEtTll1eEEzZGY1VVAxQ2NOcV9fVnJUQmVFOXM5Y1VHeHNhS19CbDFObEJoRkx1UmZham1oRDg1emItb2dUZlpaUzlUU0phNG02Szh6dE92UTczTzNzTGZ0TFJ1YVdjelByanU2M0Jpa09rV1Q1endZWEwyTFkwaTRHb1lD?oc=5\" target=\"_blank\" rel=\"nofollow noopener\">(+) \u00c5rets nytt\u00e5rsbarn er f\u00f8dt p\u00e5 S\u00f8rlandet: \u2013 Utrolig g\u00f8y<\/a>&nbsp;&nbsp;fvn.no<\/li>\n<li><a href=\"https:\/\/news.google.com\/rss\/articles\/CBMiakFVX3lxTE1WVUkzemh4aDVvczJ2UUtPOUQzX21Lc2lGaXZJQjZjQ2VDajhWQ2JIQjhjTl9EZTV6cmE1S3d0MXcwUWk0QVdUV0kyLW5qTGtKZ29wZldkSF9GdmdyUkt2c3V5NzJTNnBqN0E?oc=5\" target=\"_blank\" rel=\"nofollow noopener\">siste: Nytt\u00e5rsbarn p\u00e5 S\u00f8rlandet sykehus<\/a>&nbsp;&nbsp;VG<\/li>\n<li><a href=\"https:\/\/news.google.com\/rss\/articles\/CBMilAFBVV95cUxQR2xaS01QYl9qcXdVTGM5dkJzU0NmNFBhS0FxWFoxbDd6bUhiWjN4QURYclZ6a3kwYVJZdG1YSUJKWlFqeFI5Z2w5ZTNGaHJxZVFQVUE1elg5T1hhSG1JWXlOd1NINjl4U2wyd1FuaFdSMVFLWDQ5LTRzTWRnZ0t6RFRlbUxFYlpRY0VOWTh0N1k0eUhJ?oc=5\" target=\"_blank\" rel=\"nofollow noopener\">Nytt\u00e5rsbarn p\u00e5 S\u00f8rlandet sykehus: \u2013 Vi h\u00e5pte jo inderlig<\/a>&nbsp;&nbsp;TV2.no<\/li>\n<li><a href=\"https:\/\/news.google.com\/rss\/articles\/CBMingFBVV95cUxNQjRSM2pkN0NLVFFxX2R2LURyZDRwRW11eHdGeDFNQVItVnpNMkU0LTYyMXYwbFRkTE5rdGhFdmVSc1ZwYkEwVmNacHhrbkFHVXdtYmRJRXlJZUhJRncwZDFweWlNekNKWU8xb3dMcXB6S0tOUmE4UVd0VjZqY3hYT0dha1Znb2NwOEpnd0NzTHc3aFN2MzhJQ2h3MGZHUQ?oc=5\" target=\"_blank\" rel=\"nofollow noopener\">Forn\u00f8yd far etter nytt\u00e5rsbarn ble f\u00f8dt p\u00e5 S\u00f8rlandet sykehus: \u2013 Jeg er s\u00e5 glad<\/a>&nbsp;&nbsp;NRK<\/li>\n<li><a href=\"https:\/\/news.google.com\/rss\/articles\/CBMiekFVX3lxTE5GNUhuQmVkblZGQTZpUWhYQi1kOHBvR1paMk05dlk2R0VyMldsMTRxeGhTUmdUMlhyb0Z4M3JZVzZ3Yk9VbmVNTFlKNmdtUG1BRnRvVkRqd3N2QU5rQzNDbDFDUGZUX3AyVnJ4SzdfSHdXdkd5UWdXX1N3?oc=5\" target=\"_blank\" rel=\"nofollow noopener\">Nytt\u00e5rsbarn p\u00e5 S\u00f8rlandet sykehus \u2013 Siste nytt<\/a>&nbsp;&nbsp;NRK<\/li>\n<\/ol>\n","protected":false},"excerpt":{"rendered":"(+) \u00c5rets nytt\u00e5rsbarn er f\u00f8dt p\u00e5 S\u00f8rlandet: \u2013 Utrolig g\u00f8y&nbsp;&nbsp;fvn.no siste: Nytt\u00e5rsbarn p\u00e5 S\u00f8rlandet sykehus&nbsp;&nbsp;VG Nytt\u00e5rsbarn p\u00e5 S\u00f8rlandet&hellip;\n","protected":false},"author":2,"featured_media":126019,"comment_status":"","ping_status":"","sticky":false,"template":"","format":"standard","meta":{"footnotes":""},"categories":[10],"tags":[20,21,24,25,15,331,22,23,13,30,28,29,14,14828,16,5457,26,27],"class_list":{"0":"post-126018","1":"post","2":"type-post","3":"status-publish","4":"format-standard","5":"has-post-thumbnail","7":"category-norge","8":"tag-breaking-news","9":"tag-breakingnews","10":"tag-featured-news","11":"tag-featurednews","12":"tag-headlines","13":"tag-kristiansand","14":"tag-latest-news","15":"tag-latestnews","16":"tag-news","17":"tag-no","18":"tag-norge","19":"tag-norway","20":"tag-nyheter","21":"tag-nyttarsbarn","22":"tag-overskrifter","23":"tag-sorlandet-sykehus","24":"tag-top-stories","25":"tag-topstories"},"share_on_mastodon":{"url":"https:\/\/pubeurope.com\/@no\/115818741362432896","error":""},"_links":{"self":[{"href":"https:\/\/www.europesays.com\/no\/wp-json\/wp\/v2\/posts\/126018","targetHints":{"allow":["GET"]}}],"collection":[{"href":"https:\/\/www.europesays.com\/no\/wp-json\/wp\/v2\/posts"}],"about":[{"href":"https:\/\/www.europesays.com\/no\/wp-json\/wp\/v2\/types\/post"}],"author":[{"embeddable":true,"href":"https:\/\/www.europesays.com\/no\/wp-json\/wp\/v2\/users\/2"}],"replies":[{"embeddable":true,"href":"https:\/\/www.europesays.com\/no\/wp-json\/wp\/v2\/comments?post=126018"}],"version-history":[{"count":0,"href":"https:\/\/www.europesays.com\/no\/wp-json\/wp\/v2\/posts\/126018\/revisions"}],"wp:featuredmedia":[{"embeddable":true,"href":"https:\/\/www.europesays.com\/no\/wp-json\/wp\/v2\/media\/126019"}],"wp:attachment":[{"href":"https:\/\/www.europesays.com\/no\/wp-json\/wp\/v2\/media?parent=126018"}],"wp:term":[{"taxonomy":"category","embeddable":true,"href":"https:\/\/www.europesays.com\/no\/wp-json\/wp\/v2\/categories?post=126018"},{"taxonomy":"post_tag","embeddable":true,"href":"https:\/\/www.europesays.com\/no\/wp-json\/wp\/v2\/tags?post=126018"}],"curies":[{"name":"wp","href":"https:\/\/api.w.org\/{rel}","templated":true}]}}