{"id":126020,"date":"2026-01-01T07:48:12","date_gmt":"2026-01-01T07:48:12","guid":{"rendered":"https:\/\/www.europesays.com\/no\/126020\/"},"modified":"2026-01-01T07:48:12","modified_gmt":"2026-01-01T07:48:12","slug":"ulykker-og-hendelser-faerder-mann-pagrepet-etter-knivtrusler-pa-bussen","status":"publish","type":"post","link":"https:\/\/www.europesays.com\/no\/126020\/","title":{"rendered":"Ulykker og hendelser, F\u00e6rder | Mann p\u00e5grepet etter knivtrusler p\u00e5 bussen"},"content":{"rendered":"\n<p>Like etter midnatt rykket politiet ut etter melding om en person med kniv som oppf\u00f8rte seg truende p\u00e5 en buss p\u00e5 Kirkeveien p\u00e5 N\u00f8tter\u00f8y.<\/p>\n<p><b>\u2013 Patruljen kom kort tid etter over vedkommende som ble p\u00e5grepet med kniv, forteller politiets operasjonsleder Marius Daffinrud Fosvold.<\/b><\/p>\n<p>Mannen, som er i 30-\u00e5rene anmeldes for trusler med kniv, trusler mot politiet og for \u00e5 ha spyttet p\u00e5 politiet.<\/p>\n<p>\u2013 Mannen er innsatt arrest, opplyser Fosvold.<\/p>\n<p>  <a href=\"https:\/\/www.tb.no\/5-76-2759539\" class=\"related-teaser has-image default-story-teaser article--c-eRUmMG article--c-eRUmMG-jKCPdD-design-default\" rel=\"nofollow noopener\" target=\"_blank\"><\/p>\n<p>    <img decoding=\"async\" loading=\"lazy\"  src=\"https:\/\/www.europesays.com\/no\/wp-content\/uploads\/2026\/01\/fyr123.png\" alt=\"\" class=\"brick-c-cFOWSL\" style=\"\"\/><\/p>\n<p>\n            Les ogs\u00e5<\/p>\n<p>              Her fyker fyrverkeriet av g\u00e5rde langs isen: \u2013 Fikk melding om uansvarlig oppskyting\n        <\/p>\n<p>  <\/a><\/p>\n","protected":false},"excerpt":{"rendered":"Like etter midnatt rykket politiet ut etter melding om en person med kniv som oppf\u00f8rte seg truende p\u00e5&hellip;\n","protected":false},"author":2,"featured_media":10375,"comment_status":"","ping_status":"","sticky":false,"template":"","format":"standard","meta":{"footnotes":""},"categories":[5],"tags":[36,20,21,962,24,25,15,19,22,23,17,18,13,30,28,29,4202,14,16,1510,26,27,941],"class_list":{"0":"post-126020","1":"post","2":"type-post","3":"status-publish","4":"format-standard","5":"has-post-thumbnail","7":"category-overskrifter","8":"tag-art","9":"tag-breaking-news","10":"tag-breakingnews","11":"tag-faerder","12":"tag-featured-news","13":"tag-featurednews","14":"tag-headlines","15":"tag-hovedoppslag","16":"tag-latest-news","17":"tag-latestnews","18":"tag-main-news","19":"tag-mainnews","20":"tag-news","21":"tag-no","22":"tag-norge","23":"tag-norway","24":"tag-notteroy","25":"tag-nyheter","26":"tag-overskrifter","27":"tag-story","28":"tag-top-stories","29":"tag-topstories","30":"tag-ulykker-og-hendelser"},"share_on_mastodon":{"url":"https:\/\/pubeurope.com\/@no\/115818745224356634","error":""},"_links":{"self":[{"href":"https:\/\/www.europesays.com\/no\/wp-json\/wp\/v2\/posts\/126020","targetHints":{"allow":["GET"]}}],"collection":[{"href":"https:\/\/www.europesays.com\/no\/wp-json\/wp\/v2\/posts"}],"about":[{"href":"https:\/\/www.europesays.com\/no\/wp-json\/wp\/v2\/types\/post"}],"author":[{"embeddable":true,"href":"https:\/\/www.europesays.com\/no\/wp-json\/wp\/v2\/users\/2"}],"replies":[{"embeddable":true,"href":"https:\/\/www.europesays.com\/no\/wp-json\/wp\/v2\/comments?post=126020"}],"version-history":[{"count":0,"href":"https:\/\/www.europesays.com\/no\/wp-json\/wp\/v2\/posts\/126020\/revisions"}],"wp:featuredmedia":[{"embeddable":true,"href":"https:\/\/www.europesays.com\/no\/wp-json\/wp\/v2\/media\/10375"}],"wp:attachment":[{"href":"https:\/\/www.europesays.com\/no\/wp-json\/wp\/v2\/media?parent=126020"}],"wp:term":[{"taxonomy":"category","embeddable":true,"href":"https:\/\/www.europesays.com\/no\/wp-json\/wp\/v2\/categories?post=126020"},{"taxonomy":"post_tag","embeddable":true,"href":"https:\/\/www.europesays.com\/no\/wp-json\/wp\/v2\/tags?post=126020"}],"curies":[{"name":"wp","href":"https:\/\/api.w.org\/{rel}","templated":true}]}}