{"id":126021,"date":"2026-01-01T07:53:09","date_gmt":"2026-01-01T07:53:09","guid":{"rendered":"https:\/\/www.europesays.com\/no\/126021\/"},"modified":"2026-01-01T07:53:09","modified_gmt":"2026-01-01T07:53:09","slug":"bts-klare-for-publikum-igjen-nytt-album-og-turne","status":"publish","type":"post","link":"https:\/\/www.europesays.com\/no\/126021\/","title":{"rendered":"BTS klare for publikum igjen: Nytt album, og turn\u00e9"},"content":{"rendered":"\n<p class=\"_lead_o9xde_2 _lead_xtcu6_50 layout-component text-serif-m layout-normal text-serif-l layout-component layout-wide layout-padded _wide_17hqh_1 layout-padded\">Den s\u00f8rkoreanske K-pop-gruppen BTS skal ut p\u00e5 verdensturn\u00e9.<\/p>\n<p><img alt=\"BTS p\u00e5 American Music Awards i 2021. Foto: Jordan Strauss\/Invision\/AP \/ AP \/ NTB\" class=\"_image_qp4xg_65 layout-component layout-wide\" data-fullscreen- data-track-element-type=\"Article image fullscreen\" data-track-name=\"ImageFullscreen\" fetchpriority=\"high\" decoding=\"sync\" loading=\"eager\" height=\"1882\" itemprop=\"image\"  src=\"https:\/\/www.europesays.com\/no\/wp-content\/uploads\/2026\/01\/7b66a2e1-72e8-4eb7-8b04-71388af996dc.jpeg\"  style=\"object-position:0% 0%\" width=\"3000\"\/>BTS p\u00e5 American Music Awards i 2021. Foto: Jordan Strauss\/Invision\/AP \/ AP \/ NTB<\/p>\n<ul aria-hidden=\"true\" class=\"_images_ntbth_112\">\n<li><a class=\"_link_ntbth_117\" href=\"https:\/\/www.vg.no\/forfatter\/catherine-gonsholt-ighanian\" style=\"z-index:2\" title=\"Catherine Gonsholt Ighanian\" rel=\"nofollow noopener\" target=\"_blank\"><img alt=\"Bilde av Catherine Gonsholt Ighanian\" class=\"_image_ntbth_93\" fetchpriority=\"low\" loading=\"lazy\" decoding=\"async\" itemprop=\"image\"  src=\"https:\/\/www.europesays.com\/no\/wp-content\/uploads\/2026\/01\/72dca32d-ee6f-474c-a50e-72a9bb49f38a.jpeg\"  width=\"480\"\/><\/a><\/li>\n<li><a class=\"_link_ntbth_117\" href=\"https:\/\/www.vg.no\/forfatter\/ntb\" style=\"z-index:1\" title=\"NTB\" rel=\"nofollow noopener\" target=\"_blank\"><img alt=\"Bilde av NTB\" class=\"_image_ntbth_93\" fetchpriority=\"low\" loading=\"lazy\" decoding=\"async\" itemprop=\"image\"  src=\"https:\/\/www.europesays.com\/no\/wp-content\/uploads\/2026\/01\/1767253988_406_c33980b0-5d07-4027-84a1-813f90a7c8d6.png\"  width=\"480\"\/><\/a><\/li>\n<\/ul>\n<p> Oppdatert torsdag 1. januar kl. 08:18    <\/p>\n<ul class=\"_list_o9xde_3 _list_64s2r_85 _unordered_o9xde_106 text-sans-m\">\n<li class=\"_item_o9xde_30\">BTS er klare for verdensturn\u00e9 etter pause siden 2022 p\u00e5 grunn av obligatorisk verneplikt.<\/li>\n<li class=\"_item_o9xde_30\">F\u00f8r turn\u00e9en starter, slipper BTS nytt album , n\u00e6rmere bestemt 20. mars.<\/li>\n<li class=\"_item_o9xde_30\">Albumet blir deres f\u00f8rste p\u00e5 over tre \u00e5r.<\/li>\n<\/ul>\n<p>Vis mer <\/p>\n<p class=\"_paragraph_o9xde_4 _paragraph_xtcu6_10 layout-component text-serif-m layout-normal text-serif-m layout-padded\">BTS har hatt pause siden 2022, etter at samtlige av gruppens medlemmer m\u00e5tte avtjene <a href=\"https:\/\/www.vg.no\/rampelys\/i\/l334q9\/avgjort-det-soerkoreanske-k-pop-bandet-bts-maa-i-militaeret\" data-track-element-type=\"Link\" data-track-id=\"link:l334q9\" class=\"_link_o9xde_39\" rel=\"nofollow noopener\" target=\"_blank\">obligatorisk verneplikt<\/a>.<\/p>\n<p class=\"_paragraph_o9xde_4 _paragraph_xtcu6_10 layout-component text-serif-m layout-normal text-serif-m layout-padded\">Men snart er ventetiden er over for fanskaren, som kaller seg ARMY.<\/p>\n<p class=\"_paragraph_o9xde_4 _paragraph_xtcu6_10 layout-component text-serif-m layout-normal text-serif-m layout-padded\">Plateselskapet BigHit Music bekrefter at det er snakk om en omfattende turn\u00e9, noe bandmedlemmene har hintet om siden i sommer.<\/p>\n<p class=\"_paragraph_o9xde_4 _paragraph_xtcu6_10 layout-component text-serif-m layout-normal text-serif-m layout-padded\">F\u00f8r bandet legger ut p\u00e5 veiene, slipper de nytt album, melder <a href=\"https:\/\/koreajoongangdaily.joins.com\/news\/2026-01-01\/entertainment\/kpop\/BTS-to-return-with-new-album-on-March-20\/2490855\" class=\"_link_o9xde_39\" rel=\"nofollow noopener\" target=\"_blank\">Korea JoongAng Daily<\/a>.  <\/p>\n<p class=\"_paragraph_o9xde_4 _paragraph_xtcu6_10 layout-component text-serif-m layout-normal text-serif-m layout-padded\">BTS lovet allerede i fjor at de skulle komme ny musikk i 2026, og n\u00e5 er det klart at datoen er 20. mars. <\/p>\n<p><img alt=\"BTS-medlemmene RM (t.v.) og V etter avtjent verneplikt i S\u00f8r-Korea 10. juni 2024.  Foto: Ahn Young-joon \/ AP \/ NTB\" class=\"_image_qp4xg_65 layout-component layout-normal\" data-fullscreen- data-track-element-type=\"Article image fullscreen\" data-track-name=\"ImageFullscreen\" decoding=\"async\" loading=\"lazy\" height=\"4743\" itemprop=\"image\"  src=\"https:\/\/www.europesays.com\/no\/wp-content\/uploads\/2026\/01\/c7a14a7c-93ba-4702-987b-4993f694900a.png\"  style=\"object-position:0% 0%\" width=\"7115\"\/>BTS-medlemmene RM (t.v.) og V etter avtjent verneplikt i S\u00f8r-Korea 10. juni 2024.  Foto: Ahn Young-joon \/ AP \/ NTB<\/p>\n<p class=\"_paragraph_o9xde_4 _paragraph_xtcu6_10 layout-component text-serif-m layout-normal text-serif-m layout-padded\">Albumet blir bandets f\u00f8rste p\u00e5 over tre \u00e5r og ni m\u00e5neder, siden albumet \u00abProof\u00bb kom ut i juni 2022.<\/p>\n<p class=\"_paragraph_o9xde_4 _paragraph_xtcu6_10 layout-component text-serif-m layout-normal text-serif-m layout-padded\">Hverken albumets tittel eller hvilke byer som f\u00e5r bes\u00f8k, er opplyst.<\/p>\n<p class=\"_paragraph_o9xde_4 _paragraph_xtcu6_10 layout-component text-serif-m layout-normal text-serif-m layout-padded\">\u2013 Detaljer om det nye albumet og konsertene vil bli kunngjort gjennom offisielle kanaler p\u00e5 et senere tidspunkt, fortsetter plateselskapet.<\/p>\n<p class=\"_paragraph_o9xde_4 _paragraph_xtcu6_10 layout-component text-serif-m layout-normal text-serif-m layout-padded\">En stund var det usikkert om BTS-medlemmene ville slippe milit\u00e6rtjeneste. <\/p>\n<p class=\"_paragraph_o9xde_4 _paragraph_xtcu6_10 layout-component text-serif-m layout-normal text-serif-m layout-padded\">If\u00f8lge s\u00f8rkoreansk lov m\u00e5 alle funksjonsfriske menn i alderen 18\u201335 tjenestegj\u00f8re mellom 18 og 21 m\u00e5neder. Men \u2013 det gis unntak til meritterte idrettsut\u00f8vere, musikere og dansere, fordi de antas \u00e5 styrke landets renomm\u00e9. <\/p>\n<p class=\"_paragraph_o9xde_4 _paragraph_xtcu6_10 layout-component text-serif-m layout-normal text-serif-m layout-padded\">Politikere og flere andre tok til orde for at K-pop-stjerner som BTS m\u00e5tte falle under denne betegnelsen. <a href=\"https:\/\/www.vg.no\/rampelys\/i\/l334q9\/avgjort-det-soerkoreanske-k-pop-bandet-bts-maa-i-militaeret\" data-track-element-type=\"Link\" data-track-id=\"link:l334q9\" class=\"_link_o9xde_39\" rel=\"nofollow noopener\" target=\"_blank\">Bandet selv bestemte<\/a> etter hvert at de ville inni milit\u00e6ret.<\/p>\n<p class=\"_paragraph_o9xde_4 _paragraph_xtcu6_10 layout-component text-serif-m layout-normal text-serif-m layout-padded\">Siden BTS tok pause for over tre \u00e5r siden, har flere i bandet gitt ut soloalbum.<\/p>\n<p class=\"_paragraph_o9xde_4 _paragraph_xtcu6_10 layout-component text-serif-m layout-normal text-serif-m layout-padded\">K-pop er en av S\u00f8r-Koreas st\u00f8rste kulturelle eksportvarer. <\/p>\n<p class=\"_paragraph_o9xde_4 _paragraph_xtcu6_10 layout-component text-serif-m layout-normal text-serif-m layout-padded\">F\u00f8r BTS-medlemmene tok pause, ble det ansl\u00e5tt at gruppen genererte \u00f8konomisk aktivitet i S\u00f8r-Korea for mange milliarder kroner \u2013 med en m\u00e5lbar effekt p\u00e5 det s\u00f8rkoreanske BNPBNPBruttonasjonalprodukt &#8211; den totale verdien av alle varer og tjenester produsert i et land i l\u00f8pet av en periode (vanligvis ett \u00e5r) og brukes som et m\u00e5l p\u00e5 landets \u00f8konomiske st\u00f8rrelse og aktivitet..<\/p>\n<p class=\"_paragraph_o9xde_4 _paragraph_xtcu6_10 layout-component text-serif-m layout-normal text-serif-m layout-padded\">Bandet ble opprettet i 2013 og fikk sitt internasjonale gjennombrudd fire \u00e5r senere med hits som \u00abMIC DROP\u00bb og \u00abDNA\u00bb. <\/p>\n<p class=\"_paragraph_o9xde_4 _paragraph_xtcu6_10 layout-component text-serif-m layout-normal text-serif-m layout-padded\">Senere kom hitl\u00e5ter som \u00abDynamite\u00bb og \u00abButter\u00bb.<\/p>\n<p class=\"_paragraph_o9xde_4 _paragraph_xtcu6_10 layout-component text-serif-m layout-normal text-serif-m layout-padded\">Gruppen har hatt seks l\u00e5ter p\u00e5 toppen av USAs Billboard Hot 100-liste. I Norge har de hatt<a href=\"https:\/\/www.vglista.no\/artister\/bts\/\" class=\"_link_o9xde_39\" rel=\"nofollow noopener\" target=\"_blank\"> fem l\u00e5ter og ti album p\u00e5 VG-lista<\/a>.<\/p>\n<p>Les ogs\u00e5<\/p>\n","protected":false},"excerpt":{"rendered":"Den s\u00f8rkoreanske K-pop-gruppen BTS skal ut p\u00e5 verdensturn\u00e9. BTS p\u00e5 American Music Awards i 2021. Foto: Jordan Strauss\/Invision\/AP&hellip;\n","protected":false},"author":2,"featured_media":126022,"comment_status":"","ping_status":"","sticky":false,"template":"","format":"standard","meta":{"footnotes":""},"categories":[12],"tags":[20,21,14829,24,25,15,14830,22,23,13,30,28,29,14,16,26,27,42,46,43,44,45],"class_list":{"0":"post-126021","1":"post","2":"type-post","3":"status-publish","4":"format-standard","5":"has-post-thumbnail","7":"category-verden","8":"tag-breaking-news","9":"tag-breakingnews","10":"tag-bts","11":"tag-featured-news","12":"tag-featurednews","13":"tag-headlines","14":"tag-k-pop","15":"tag-latest-news","16":"tag-latestnews","17":"tag-news","18":"tag-no","19":"tag-norge","20":"tag-norway","21":"tag-nyheter","22":"tag-overskrifter","23":"tag-top-stories","24":"tag-topstories","25":"tag-verden","26":"tag-vgai","27":"tag-world","28":"tag-world-news","29":"tag-worldnews"},"share_on_mastodon":{"url":"https:\/\/pubeurope.com\/@no\/115818765002654701","error":""},"_links":{"self":[{"href":"https:\/\/www.europesays.com\/no\/wp-json\/wp\/v2\/posts\/126021","targetHints":{"allow":["GET"]}}],"collection":[{"href":"https:\/\/www.europesays.com\/no\/wp-json\/wp\/v2\/posts"}],"about":[{"href":"https:\/\/www.europesays.com\/no\/wp-json\/wp\/v2\/types\/post"}],"author":[{"embeddable":true,"href":"https:\/\/www.europesays.com\/no\/wp-json\/wp\/v2\/users\/2"}],"replies":[{"embeddable":true,"href":"https:\/\/www.europesays.com\/no\/wp-json\/wp\/v2\/comments?post=126021"}],"version-history":[{"count":0,"href":"https:\/\/www.europesays.com\/no\/wp-json\/wp\/v2\/posts\/126021\/revisions"}],"wp:featuredmedia":[{"embeddable":true,"href":"https:\/\/www.europesays.com\/no\/wp-json\/wp\/v2\/media\/126022"}],"wp:attachment":[{"href":"https:\/\/www.europesays.com\/no\/wp-json\/wp\/v2\/media?parent=126021"}],"wp:term":[{"taxonomy":"category","embeddable":true,"href":"https:\/\/www.europesays.com\/no\/wp-json\/wp\/v2\/categories?post=126021"},{"taxonomy":"post_tag","embeddable":true,"href":"https:\/\/www.europesays.com\/no\/wp-json\/wp\/v2\/tags?post=126021"}],"curies":[{"name":"wp","href":"https:\/\/api.w.org\/{rel}","templated":true}]}}