{"id":126025,"date":"2026-01-01T07:55:22","date_gmt":"2026-01-01T07:55:22","guid":{"rendered":"https:\/\/www.europesays.com\/no\/126025\/"},"modified":"2026-01-01T07:55:22","modified_gmt":"2026-01-01T07:55:22","slug":"minneord-sivert-guttorm-bakken-1998-2025-dagbladet","status":"publish","type":"post","link":"https:\/\/www.europesays.com\/no\/126025\/","title":{"rendered":"Minneord \u2013 Sivert Guttorm Bakken (1998\u20132025) &#8211; Dagbladet"},"content":{"rendered":"<ol>\n<li><a href=\"https:\/\/news.google.com\/rss\/articles\/CBMihgFBVV95cUxQSE9IY1BEM2RxR21MQk4wQkxlYWRGR01LbjFFLUpDNTZKdnFQMHdwUGRDWl9rSEg4WXZyNS1HQnR3c1NxSG8wNi1qUFNGYUNVdWZjMk1JelhLb3R1M3pFN0dZeHp3UzN5ZGN1bFd6X0ZLQThyUzduNGhnYVphXzJucUtuWFgtUQ?oc=5\" target=\"_blank\" rel=\"nofollow noopener\">Minneord \u2013 Sivert Guttorm Bakken (1998\u20132025)<\/a>&nbsp;&nbsp;Dagbladet<\/li>\n<li><a href=\"https:\/\/news.google.com\/rss\/articles\/CBMitgFBVV95cUxQRlVLTEtIX3NfeDA3MUxhSW9yZXBaV2RzRE1WTHNxU1o3SzZPNXN1dUVlZzBSWUJVRmF6Z0lxVkxLLXdSMDA1QVNuLUZpS2E0U1Q2bGVPV1JuajVHRWd0ejNWV3ZHekpEVERyanFlb3ppLUZLbDBYTDVUcUxNVVBOcmotQmowWkllQXVLdzVweDNUbTFlSkgxMWx2LW5lelh2RzFkaEp2LXdzMVFxNGlobWZJcVNoUQ?oc=5\" target=\"_blank\" rel=\"nofollow noopener\">Forsterker teamet rundt skiskytterne etter d\u00f8dsfallet til Sivert Guttorm Bakken<\/a>&nbsp;&nbsp;NRK<\/li>\n<li><a href=\"https:\/\/news.google.com\/rss\/articles\/CBMikAFBVV95cUxPQ3VOeEJtdFJzTmE5VzY1RndLQk16YXdvOG8wa1RnQ3lBcENZeXJ4Nm5FUlpCa3B2QncyYm9HYUFYLWdDREg0cFU2UThxVTNzSTZWbkhmM0JlMkEwZXNJWU5vaDJiWlJ6MFBGRjd1UmZEVHVnVl84aVpMNzY3NXZ0MkdFZU9PNzhueVN0eE5RSGQ?oc=5\" target=\"_blank\" rel=\"nofollow noopener\">D\u00f8dsfall, Nyhet | Det er gjennomf\u00f8rt rettsmedisinske unders\u00f8kelser: F\u00e5r komme hjem<\/a>&nbsp;&nbsp;Gudbrandsd\u00f8len Dagningen<\/li>\n<li><a href=\"https:\/\/news.google.com\/rss\/articles\/CBMipwFBVV95cUxPOWZUdmplZjl0UG03M2FDME9nVnJKMTloOWl6MDd2THFNdHJnNnpVVW9HVWxHYWItU1pZaklaWHozVUVqLXdrdGVPRkl3TGttTEdqZDNpU2lYbkp1aVVNMHhhWU9UZnZSWXdyWU1wazFUOWItMS04N0MwbDVhRkthamtnZWliSnQxNnVxa1piN2JzeFBwX2UxaGFVRlVYQzZycWpXdW9OUQ?oc=5\" target=\"_blank\" rel=\"nofollow noopener\">Frey f\u00e5r sjansen etter Bakkens d\u00f8dsfall: \u2013 H\u00e5per det kan v\u00e6re en \u00e6re<\/a>&nbsp;&nbsp;fvn.no<\/li>\n<li><a href=\"https:\/\/news.google.com\/rss\/articles\/CBMifkFVX3lxTE1LeHlydlF2NF94VHRfSi15T1cweEIwd1JMN2NpVHliRjI2SjNKNm5YaXd6Nl9Zd0E5dURuTkFpdTRHV1g5NVphM2pQdTQ1VlR6RnFINlNNZUR1X3RCTDVYaWRNQk5xQ3paWDBxXy1taGhzSDNxM0tzR05tQm5LQQ?oc=5\" target=\"_blank\" rel=\"nofollow noopener\">Oppdatering om Sivert Guttorm Bakken: \u2013\u2060 Kommer ikke f\u00f8r om flere m\u00e5neder<\/a>&nbsp;&nbsp;VG<\/li>\n<\/ol>\n","protected":false},"excerpt":{"rendered":"Minneord \u2013 Sivert Guttorm Bakken (1998\u20132025)&nbsp;&nbsp;Dagbladet Forsterker teamet rundt skiskytterne etter d\u00f8dsfallet til Sivert Guttorm Bakken&nbsp;&nbsp;NRK D\u00f8dsfall, Nyhet&hellip;\n","protected":false},"author":2,"featured_media":126026,"comment_status":"","ping_status":"","sticky":false,"template":"","format":"standard","meta":{"footnotes":""},"categories":[5],"tags":[20,21,24,25,15,19,22,23,17,18,13,30,28,29,14,16,13042,769,83,26,27],"class_list":{"0":"post-126025","1":"post","2":"type-post","3":"status-publish","4":"format-standard","5":"has-post-thumbnail","7":"category-overskrifter","8":"tag-breaking-news","9":"tag-breakingnews","10":"tag-featured-news","11":"tag-featurednews","12":"tag-headlines","13":"tag-hovedoppslag","14":"tag-latest-news","15":"tag-latestnews","16":"tag-main-news","17":"tag-mainnews","18":"tag-news","19":"tag-no","20":"tag-norge","21":"tag-norway","22":"tag-nyheter","23":"tag-overskrifter","24":"tag-sivert-guttorm-bakken","25":"tag-skiskyting","26":"tag-sport","27":"tag-top-stories","28":"tag-topstories"},"share_on_mastodon":{"url":"https:\/\/pubeurope.com\/@no\/115818772764354313","error":""},"_links":{"self":[{"href":"https:\/\/www.europesays.com\/no\/wp-json\/wp\/v2\/posts\/126025","targetHints":{"allow":["GET"]}}],"collection":[{"href":"https:\/\/www.europesays.com\/no\/wp-json\/wp\/v2\/posts"}],"about":[{"href":"https:\/\/www.europesays.com\/no\/wp-json\/wp\/v2\/types\/post"}],"author":[{"embeddable":true,"href":"https:\/\/www.europesays.com\/no\/wp-json\/wp\/v2\/users\/2"}],"replies":[{"embeddable":true,"href":"https:\/\/www.europesays.com\/no\/wp-json\/wp\/v2\/comments?post=126025"}],"version-history":[{"count":0,"href":"https:\/\/www.europesays.com\/no\/wp-json\/wp\/v2\/posts\/126025\/revisions"}],"wp:featuredmedia":[{"embeddable":true,"href":"https:\/\/www.europesays.com\/no\/wp-json\/wp\/v2\/media\/126026"}],"wp:attachment":[{"href":"https:\/\/www.europesays.com\/no\/wp-json\/wp\/v2\/media?parent=126025"}],"wp:term":[{"taxonomy":"category","embeddable":true,"href":"https:\/\/www.europesays.com\/no\/wp-json\/wp\/v2\/categories?post=126025"},{"taxonomy":"post_tag","embeddable":true,"href":"https:\/\/www.europesays.com\/no\/wp-json\/wp\/v2\/tags?post=126025"}],"curies":[{"name":"wp","href":"https:\/\/api.w.org\/{rel}","templated":true}]}}