{"id":126027,"date":"2026-01-01T08:00:13","date_gmt":"2026-01-01T08:00:13","guid":{"rendered":"https:\/\/www.europesays.com\/no\/126027\/"},"modified":"2026-01-01T08:00:13","modified_gmt":"2026-01-01T08:00:13","slug":"flere-dode-i-eksplosjon-dagbladet","status":"publish","type":"post","link":"https:\/\/www.europesays.com\/no\/126027\/","title":{"rendered":"Flere d\u00f8de i eksplosjon &#8211; Dagbladet"},"content":{"rendered":"<ol>\n<li><a href=\"https:\/\/news.google.com\/rss\/articles\/CBMic0FVX3lxTE5wekl1NFVXSXlzQVhaTzgyUFhPSVZMV0lKRVVGd3NtcVFOWk1MeHR3Y2N1Zk02dVVNdnlPeDBSOVl4S1lfcUFyRUoxQmlvNG9XWUw4cERYWWVJRFoxX280NHVvdWNxcWxYZGY3cWRwNXBKT0E?oc=5\" target=\"_blank\" rel=\"nofollow noopener\">Flere d\u00f8de i eksplosjon<\/a>&nbsp;&nbsp;Dagbladet<\/li>\n<li><a href=\"https:\/\/news.google.com\/rss\/articles\/CBMimAFBVV95cUxQeEpyTmVTeFpGQWtsRXI3ZEtlWWVTUGN2WFFJOHZYdVltRWswY1NPTVUtc1lxMGo0YlRiX2E0ckdyVmh3cUVzY2dJSl9LMjJSVGhDYWN3QnlDOGJWZS05LURHUGxfNG9VdXNMdERGN2hXeUdTSUFrY3A4SFNfUFdyMVdjNFRQcDVKcXM1LVJ5LVNZcFBfMkExSw?oc=5\" target=\"_blank\" rel=\"nofollow noopener\">Flere d\u00f8de i eksplosjon ved skisted i Sveits<\/a>&nbsp;&nbsp;Nettavisen<\/li>\n<li><a href=\"https:\/\/news.google.com\/rss\/articles\/CBMimgFBVV95cUxQZm83SXp2a2FvNmtDVHNoQ0VRMWxaNzVVRTBjRERxenJJR3BfRHlSVC00aWFUVlliX09uempEMWtoTlNaN1lWb0xKaVk4QTMybXFwRERoMjhJNGpUV2t6MU40MmtsbGxsYV9WeVRhT2hjTFRMUlVWZldwNDI5MG1GM1hxeFJ1ZlpJOWVzRFFFOTEwamVZbDY3dVBB?oc=5\" target=\"_blank\" rel=\"nofollow noopener\">Flere d\u00f8de i eksplosjon og brann ved skisted i Sveits<\/a>&nbsp;&nbsp;adressa.no<\/li>\n<li><a href=\"https:\/\/news.google.com\/rss\/articles\/CBMigwFBVV95cUxNUTZSZHpPdU1LVUxIUkFfYW4yaUxlTjNhVUl1YkhJYVVhX1R0RXpxZlJZTmcyLTY2UzAtRHExbS1fdHNVUlFZcS1zVlI1Z3FzbGV1cjNla1NMQlpWeExGMnJLTUtTLTNscTE4UjdKWUYxdDI2SnpKcG41R2lkUXp6cUFtaw?oc=5\" target=\"_blank\" rel=\"nofollow noopener\">Utenriksstudio &#8211; Flere d\u00f8de i eksplosjon og brann ved skisted i Sveits<\/a>&nbsp;&nbsp;Stavanger Aftenblad<\/li>\n<li><a href=\"https:\/\/news.google.com\/rss\/articles\/CBMimwFBVV95cUxOMUMyWlVjOTdEcGMtQmtmWHlqV2xXSnB6Sl9BN2JZWmdMay1GdklpWEdaWGVHelBMVXBIajR2RnVPQmhUYzNMSXBjX1owM3dvSGNkbWJRcXVOYS00QjIwVnRQVFJHS00ybmVsM1kxZzQ5M01ZYVhzZS1RMmNDRVdabHB0dzlYTVJoWjhtMXFRNUxGZjNFREJTLWRKRQ?oc=5\" target=\"_blank\" rel=\"nofollow noopener\">(+) Flere d\u00f8de i eksplosjon og brann ved skisted i Sveits<\/a>&nbsp;&nbsp;folkebladet.no<\/li>\n<\/ol>\n","protected":false},"excerpt":{"rendered":"Flere d\u00f8de i eksplosjon&nbsp;&nbsp;Dagbladet Flere d\u00f8de i eksplosjon ved skisted i Sveits&nbsp;&nbsp;Nettavisen Flere d\u00f8de i eksplosjon og brann&hellip;\n","protected":false},"author":2,"featured_media":126028,"comment_status":"","ping_status":"","sticky":false,"template":"","format":"standard","meta":{"footnotes":""},"categories":[12],"tags":[20,21,24,25,15,2539,22,23,13,30,28,29,14,16,26,27,42,43,44,45],"class_list":{"0":"post-126027","1":"post","2":"type-post","3":"status-publish","4":"format-standard","5":"has-post-thumbnail","7":"category-verden","8":"tag-breaking-news","9":"tag-breakingnews","10":"tag-featured-news","11":"tag-featurednews","12":"tag-headlines","13":"tag-innenriks","14":"tag-latest-news","15":"tag-latestnews","16":"tag-news","17":"tag-no","18":"tag-norge","19":"tag-norway","20":"tag-nyheter","21":"tag-overskrifter","22":"tag-top-stories","23":"tag-topstories","24":"tag-verden","25":"tag-world","26":"tag-world-news","27":"tag-worldnews"},"share_on_mastodon":{"url":"https:\/\/pubeurope.com\/@no\/115818792446268030","error":""},"_links":{"self":[{"href":"https:\/\/www.europesays.com\/no\/wp-json\/wp\/v2\/posts\/126027","targetHints":{"allow":["GET"]}}],"collection":[{"href":"https:\/\/www.europesays.com\/no\/wp-json\/wp\/v2\/posts"}],"about":[{"href":"https:\/\/www.europesays.com\/no\/wp-json\/wp\/v2\/types\/post"}],"author":[{"embeddable":true,"href":"https:\/\/www.europesays.com\/no\/wp-json\/wp\/v2\/users\/2"}],"replies":[{"embeddable":true,"href":"https:\/\/www.europesays.com\/no\/wp-json\/wp\/v2\/comments?post=126027"}],"version-history":[{"count":0,"href":"https:\/\/www.europesays.com\/no\/wp-json\/wp\/v2\/posts\/126027\/revisions"}],"wp:featuredmedia":[{"embeddable":true,"href":"https:\/\/www.europesays.com\/no\/wp-json\/wp\/v2\/media\/126028"}],"wp:attachment":[{"href":"https:\/\/www.europesays.com\/no\/wp-json\/wp\/v2\/media?parent=126027"}],"wp:term":[{"taxonomy":"category","embeddable":true,"href":"https:\/\/www.europesays.com\/no\/wp-json\/wp\/v2\/categories?post=126027"},{"taxonomy":"post_tag","embeddable":true,"href":"https:\/\/www.europesays.com\/no\/wp-json\/wp\/v2\/tags?post=126027"}],"curies":[{"name":"wp","href":"https:\/\/api.w.org\/{rel}","templated":true}]}}