{"id":126046,"date":"2026-01-01T08:33:16","date_gmt":"2026-01-01T08:33:16","guid":{"rendered":"https:\/\/www.europesays.com\/no\/126046\/"},"modified":"2026-01-01T08:33:16","modified_gmt":"2026-01-01T08:33:16","slug":"haugesund-nyttar-haugesundere-om-et-nytt-ar-glad-jeg-har-blitt-toffere-pa-den-fronten","status":"publish","type":"post","link":"https:\/\/www.europesays.com\/no\/126046\/","title":{"rendered":"Haugesund, Nytt\u00e5r | Haugesundere om et nytt \u00e5r: \u2013 Glad jeg har blitt t\u00f8ffere p\u00e5 den fronten"},"content":{"rendered":"\n<p><b>NYTT\u00c5R: <\/b>2025 ble \u00e5ret hvor Donald Trump igjen ble innsatt som president, Jonas Gahr St\u00f8re fikk fortsette som statsminister og Norge arrangerte VM i ski for f\u00f8rste gang siden 2011.<\/p>\n<p>Haugesund har fortsatt ikke f\u00e5tt nytt basseng, men FKH-damene har rykket opp til toppserien og Haugesund har befestet sin stilling som en ordentlig festivalby.<\/p>\n<p>Men hva har v\u00e6rt h\u00f8ydepunktet i \u00e5r? <\/p>\n<p>Haugesunds Avis har spurt folk p\u00e5 gata om deres h\u00f8ydepunkt i 2025, og nytt\u00e5rsforsetter i \u00e5rene som kommer.<\/p>\n<p>Mer trening, mindre sigaretter, og en mer stressfri hverdag har v\u00e6rt en gjenganger for \u00f8nskene inn i 2026, men i 2025 har h\u00f8ydepunktene v\u00e6rt varierte.<\/p>\n<p>\u2013 Sjette beste i Europa<\/p>\n<p>For Camilla Lothe Hatlestad har \u00e5penhet rundt musikken v\u00e6rt et stort framskritt.<\/p>\n<p><b>\u2013 Jeg driver med sang og musikk, og i \u00e5r har jeg endelig turt \u00e5 dele mer p\u00e5 sosiale medier. Musikk gir meg enormt mye glede, s\u00e5 jeg er glad jeg har klart \u00e5 ha v\u00e6rt litt t\u00f8ffere p\u00e5 den fronten sier, Camilla Lothe Hatlestad.<\/b><\/p>\n<p>I hjemmet hos Hatlestad er det fire barn, s\u00e5 et saktere tempo er noe hun \u00f8nsker i 2026.<\/p>\n<p><b>\u2013 N\u00e5 har jeg hatt et \u00e5r med mye stress. Ikke alt trenger \u00e5 skje s\u00e5 fort, sier Hatlestad. <\/b><\/p>\n<p>   <img decoding=\"async\" width=\"5712\" height=\"4284\" fetchpriority=\"low\"  loading=\"lazy\"  src=\"https:\/\/www.europesays.com\/no\/wp-content\/uploads\/2026\/01\/IMG_1865.jpeg\" alt=\"\" class=\"brick-c-cFOWSL\" style=\"--brick-image-ratio: 5712 \/ 4284;\"\/><\/p>\n<p>      UT AV KOMFORTSONEN: Camilla Lothe Hatlestad ser frem til et \u00e5r med mer musikk, etter hun har turt \u00e5 dele mer av seg selv p\u00e5 sosiale medier.<br \/>\n      Foto: Andreas Drange Jensen\n    <\/p>\n<p>Videre p\u00e5 Amandasenteret m\u00f8ter journalistene p\u00e5 Kjell Tellefsen, som har en opplevelse f\u00e5 andre kan relatere seg til i \u00e5r.<\/p>\n<p>Tellefsen stakk av med gull i \u00abEuropean Hot Sauce Awards\u00bb, hvor sausen ble rangert som den 6. beste i hele Europa.<\/p>\n<p>   <img decoding=\"async\" width=\"5712\" height=\"4284\" fetchpriority=\"low\"  loading=\"lazy\"  src=\"https:\/\/www.europesays.com\/no\/wp-content\/uploads\/2026\/01\/IMG_1880.jpeg\" alt=\"\" class=\"brick-c-cFOWSL\" style=\"--brick-image-ratio: 5712 \/ 4284;\"\/><\/p>\n<p>      YDMYK: Det var et godt stykke ut i samtalen at det kom frem hvilken bragd Kjell Tellefsen hadde utf\u00f8rt. Et naturtalent innen saus.<br \/>\n      Foto: Andreas Drange Jensen\n    <\/p>\n<p><b>\u2013 Det er veldig g\u00f8y, \u00e5rets h\u00f8ydepunkt vil jeg si, sier Tellefsen. <\/b><\/p>\n<p>Tellefsen kaller seg selv Chili-Kjell, hvor han fikk seier med sin Extra Hot Chili Sauce. Saus-eventyret startet i 2019, og for to \u00e5r siden bestemte han seg for \u00e5 v\u00e6re dommer. Konkurransen har eksistert i tre \u00e5r, og har som m\u00e5l \u00e5 hedre kunnskap og innovasjon innenfor sterk saus i verden.<\/p>\n<p><b>\u2013 I \u00e5r \u00f8nsket jeg selv \u00e5 delta, og da fikk ni av elleve sauser pris, sier Tellefsen.<\/b><\/p>\n<p>Nytt\u00e5rsforsett som kun holder en uke<\/p>\n<p>    Vil du se neste video?<\/p>\n<p>    <a href=\"https:\/\/www.h-avis.no\/brann-vea\/v\/5-62-1969518\" class=\"recommend-poster\" data-adp-clicklabel=\"video-recommend\" data-adp-clickvalue=\"poster\" rel=\"nofollow noopener\" target=\"_blank\"><br \/>\n      <img decoding=\"async\" width=\"200\" height=\"200\" loading=\"lazy\" src=\"https:\/\/www.europesays.com\/no\/wp-content\/uploads\/2025\/12\/v-i-c4a6b9f3-b853-4086-b412-995b4189593c-1.jpg\" alt=\"\" class=\"brick-c-cFOWSL\" style=\"--brick-image-ratio: 200 \/ 200;\"\/><\/p>\n<p>Brann Vea0:37<\/p>\n<p>    <\/a><\/p>\n<p>Fra sterk saus til kruttsterkt fyrverkeri, p\u00e5 Haugesund stadion st\u00e5r tre selgere klare for \u00e5 si farvel til 2025 med et smell. Hellen V\u00e5ge er forn\u00f8yd med \u00e5ret s\u00e5 langt, og kan trekke fram 2025 som et \u00e5r som har bydd p\u00e5 sport og ny bosituasjon.<\/p>\n<p><b>\u2013 I januar var jeg \u00e5 s\u00e5 p\u00e5 skiskyting i Ruhpolding, som var veldig g\u00f8y, og i l\u00f8pet av \u00e5ret har jeg ogs\u00e5 f\u00e5tt meg samboer, sier V\u00e5ge forn\u00f8yd. <\/b><\/p>\n<p>   <img decoding=\"async\" width=\"5712\" height=\"4284\" fetchpriority=\"low\"  loading=\"lazy\"  src=\"https:\/\/www.europesays.com\/no\/wp-content\/uploads\/2026\/01\/IMG_1885.jpeg\" alt=\"\" class=\"brick-c-cFOWSL\" style=\"--brick-image-ratio: 5712 \/ 4284;\"\/><\/p>\n<p>      LADER OPP: Hellen V\u00e5ge solgte fyrverkeri f\u00f8r nytt\u00e5r. I \u00e5r er det \u00abJames Bomb\u00bbsom selger best.<br \/>\n      Foto: Andreas Drange Jensen\n    <\/p>\n<p>Kollega St\u00e5le Abrahamsen kan igjen, som \u00e5rene f\u00f8r, fortelle at han ikke har noen nytt\u00e5rsforsett, siden det har vist seg \u00e5 ha v\u00e6rt lite effektfullt.<\/p>\n<p><b>\u2013 For mange \u00e5r siden hadde jeg som nytt\u00e5rsforsett \u00e5 slutte \u00e5 r\u00f8yke, men det varte kun i en uke, s\u00e5 det har jeg fortsatt som m\u00e5l, sier Abrahamsen og ler. <\/b><\/p>\n<p>Men n\u00e5r det kommer til h\u00f8ydepunkt, er svaret klart.<\/p>\n<p>   <img decoding=\"async\" width=\"5712\" height=\"4284\" fetchpriority=\"low\"  loading=\"lazy\"  src=\"https:\/\/www.europesays.com\/no\/wp-content\/uploads\/2026\/01\/IMG_1890.jpeg\" alt=\"\" class=\"brick-c-cFOWSL\" style=\"--brick-image-ratio: 5712 \/ 4284;\"\/><\/p>\n<p>      BAK DISKEN: St\u00e5le Abrahamsen har f\u00e5 nytt\u00e5rsforsetter, men er forn\u00f8yd med \u00e5ret som har v\u00e6rt.<br \/>\n      Foto: Andreas Drange Jensen\n    <\/p>\n<p><b>\u2013 FKH- damene har kommet seg til toppserien, jeg holder med de, s\u00e5 det m\u00e5 v\u00e6re \u00e5rets h\u00f8ydepunkt, sier Abrahamsen. <\/b><\/p>\n<p>Videre i Haraldsgata har Liv Nilsen heller ingen nytt\u00e5rsforsett, men \u00f8nsker \u00e5 leve alminnelig, sunt og godt. Hun har et h\u00e5p om at verden kan bli et litt bedre sted i 2026, enn slik det er i dag.<\/p>\n<p>Men for \u00e5ret som har v\u00e6rt, har utenlandsreise med familie v\u00e6rt noe hun har satt h\u00f8yt.<\/p>\n<p><b>\u2013 I mars var jeg i Roma med familien, det var veldig fint, sier Nilsen. <\/b><\/p>\n<p>   <img decoding=\"async\" width=\"5712\" height=\"4284\" fetchpriority=\"low\"  loading=\"lazy\"  src=\"https:\/\/www.europesays.com\/no\/wp-content\/uploads\/2026\/01\/IMG_1898.jpeg\" alt=\"\" class=\"brick-c-cFOWSL\" style=\"--brick-image-ratio: 5712 \/ 4284;\"\/><\/p>\n<p>      P\u00c5 KRIMZ KRAMZ: Liv Nilsen forst\u00e5r ikke hvorfor man heller ikke kan starte p\u00e5 ny i april eller august, istedenfor nytt\u00e5r.<br \/>\n      Foto: Andreas Drange Jensen\n    <\/p>\n<p>  \u2013 Jeg \u00f8nsker \u00e5 kunne gi meg selv mer kred<\/p>\n<p>P\u00e5 markedet i sentrum m\u00f8ter vi Regine Lillebr\u00e5ten som er student, og har gjennom lang tid v\u00e6rt skadet i foten. I 2006 \u00f8nsker hun \u00e5 fortsette med treningen, og jobbe mot en friskere fot og snillere tone mot seg selv.<\/p>\n<p><b>\u2013 Jeg har lyst \u00e5 kunne gi meg selv litt mer kred, jeg kan v\u00e6re litt hard mot meg selv noen ganger.<\/b><\/p>\n<p>Gjennom \u00e5ret har hun erfart ulike opplevelser, men trekker spesielt fram et minne.<\/p>\n<p><b>\u2013 Vi hadde en tur i Egypt, det var veldig g\u00f8y. Det var nok h\u00f8ydepunktet, sier Lillebr\u00e5ten. <\/b><\/p>\n<p>\u2013 Fikk du sett pyramidene da?<\/p>\n<p><b>\u2013 Vi var faktisk ved R\u00f8dehavet. Vi dro ikke til Kairo der det er pyramider, vi var kun p\u00e5 badeferie, sier Lillebr\u00e5ten og ler. <\/b><\/p>\n<p>   <img decoding=\"async\" width=\"5712\" height=\"4284\" fetchpriority=\"low\"  loading=\"lazy\"  src=\"https:\/\/www.europesays.com\/no\/wp-content\/uploads\/2026\/01\/IMG_1904.jpeg\" alt=\"\" class=\"brick-c-cFOWSL\" style=\"--brick-image-ratio: 5712 \/ 4284;\"\/><\/p>\n<p>      P\u00c5 MARKEDET: Regine Lillebr\u00e5ten har tro p\u00e5 at 2026 kan bli et godt \u00e5r, der hun \u00f8nsker \u00e5 trene og fokusere p\u00e5 studiene.<br \/>\n      Foto: Andreas Drange Jensen\n    <\/p>\n<p>Reising, musikk, sport og seier innen saus og fotball, er noe av det som har preget haugesunderne i 2025. Om det blir mindre r\u00f8yk og mer trening til neste \u00e5r, vil tiden vise.<\/p>\n<p>Godt nytt\u00e5r, uansett!<\/p>\n","protected":false},"excerpt":{"rendered":"NYTT\u00c5R: 2025 ble \u00e5ret hvor Donald Trump igjen ble innsatt som president, Jonas Gahr St\u00f8re fikk fortsette som&hellip;\n","protected":false},"author":2,"featured_media":126047,"comment_status":"","ping_status":"","sticky":false,"template":"","format":"standard","meta":{"footnotes":""},"categories":[59],"tags":[36,1337,30,28,29,14090,14831,83,82,1510],"class_list":{"0":"post-126046","1":"post","2":"type-post","3":"status-publish","4":"format-standard","5":"has-post-thumbnail","7":"category-sport","8":"tag-art","9":"tag-haugesund","10":"tag-no","11":"tag-norge","12":"tag-norway","13":"tag-nyttar","14":"tag-nyttarsforsetter","15":"tag-sport","16":"tag-sports","17":"tag-story"},"share_on_mastodon":{"url":"https:\/\/pubeurope.com\/@no\/115818922221438239","error":""},"_links":{"self":[{"href":"https:\/\/www.europesays.com\/no\/wp-json\/wp\/v2\/posts\/126046","targetHints":{"allow":["GET"]}}],"collection":[{"href":"https:\/\/www.europesays.com\/no\/wp-json\/wp\/v2\/posts"}],"about":[{"href":"https:\/\/www.europesays.com\/no\/wp-json\/wp\/v2\/types\/post"}],"author":[{"embeddable":true,"href":"https:\/\/www.europesays.com\/no\/wp-json\/wp\/v2\/users\/2"}],"replies":[{"embeddable":true,"href":"https:\/\/www.europesays.com\/no\/wp-json\/wp\/v2\/comments?post=126046"}],"version-history":[{"count":0,"href":"https:\/\/www.europesays.com\/no\/wp-json\/wp\/v2\/posts\/126046\/revisions"}],"wp:featuredmedia":[{"embeddable":true,"href":"https:\/\/www.europesays.com\/no\/wp-json\/wp\/v2\/media\/126047"}],"wp:attachment":[{"href":"https:\/\/www.europesays.com\/no\/wp-json\/wp\/v2\/media?parent=126046"}],"wp:term":[{"taxonomy":"category","embeddable":true,"href":"https:\/\/www.europesays.com\/no\/wp-json\/wp\/v2\/categories?post=126046"},{"taxonomy":"post_tag","embeddable":true,"href":"https:\/\/www.europesays.com\/no\/wp-json\/wp\/v2\/tags?post=126046"}],"curies":[{"name":"wp","href":"https:\/\/api.w.org\/{rel}","templated":true}]}}