{"id":12605,"date":"2025-08-19T20:40:08","date_gmt":"2025-08-19T20:40:08","guid":{"rendered":"https:\/\/www.europesays.com\/no\/12605\/"},"modified":"2025-08-19T20:40:08","modified_gmt":"2025-08-19T20:40:08","slug":"over-70-dode-i-bussulykke-i-afghanistan-ifolge-myndighetene-teknisk-ukeblad","status":"publish","type":"post","link":"https:\/\/www.europesays.com\/no\/12605\/","title":{"rendered":"Over 70 d\u00f8de i bussulykke i Afghanistan, if\u00f8lge myndighetene &#8211; Teknisk Ukeblad"},"content":{"rendered":"<p>Over 70 d\u00f8de i bussulykke i Afghanistan, if\u00f8lge myndighetene<\/p>\n<p class=\"my-3 text-lg leading-normal\">Minst 71 mennesker, blant dem 17 barn, mistet livet da en buss kolliderte med en lastebil vest i Afghanistan, opplyser provinsregjeringen.<\/p>\n<p class=\"my-3 text-lg leading-normal\">\u2013 P\u00e5 grunn av h\u00f8y fart og uaktsomhet kj\u00f8rte bussen utenfor hovedveien og kolliderte voldsomt, sier en lokal politibetjent.<\/p>\n<p class=\"my-3 text-lg leading-normal\">Passasjerene p\u00e5 bussen skal v\u00e6re deporterte migranter fra Iran p\u00e5 vei til Kabul. Bussen tok fyr etter \u00e5 ha kollidert med en lastebil og en motorsykkel, sa talsperson Ahmadullah Muttaqi i provinsregjeringen.<\/p>\n<p class=\"my-3 text-lg leading-normal\">Han opplyser at minst 71 mistet livet, og at 17 av ofrene skal v\u00e6re barn.<\/p>\n<p class=\"my-3 text-lg leading-normal\">Ulykken har skjedd i Herat-provinsen vest i landet, ved grensen mot Iran.<\/p>\n<p class=\"my-3 text-lg leading-normal\">Den siste tiden har iranske myndigheter utvist et stort antall papirl\u00f8se afghanere. Flere enn 230.000 afghanere forlot Iran i l\u00f8pet av juni, og rundt 70 prosent av dem skal ha blitt kastet ut med makt og deportert, if\u00f8lge FNs migrasjonsbyr\u00e5.<\/p>\n","protected":false},"excerpt":{"rendered":"Over 70 d\u00f8de i bussulykke i Afghanistan, if\u00f8lge myndighetene Minst 71 mennesker, blant dem 17 barn, mistet livet&hellip;\n","protected":false},"author":2,"featured_media":4177,"comment_status":"","ping_status":"","sticky":false,"template":"","format":"standard","meta":{"footnotes":""},"categories":[57],"tags":[30,28,29,65,63,64,66,70,69,67,68],"class_list":{"0":"post-12605","1":"post","2":"type-post","3":"status-publish","4":"format-standard","5":"has-post-thumbnail","7":"category-vitenskap-og-teknologi","8":"tag-no","9":"tag-norge","10":"tag-norway","11":"tag-science","12":"tag-science-and-technology","13":"tag-scienceandtechnology","14":"tag-technology","15":"tag-teknologi","16":"tag-vitenskap","17":"tag-vitenskap-og-teknologi","18":"tag-vitenskapteknologi"},"share_on_mastodon":{"url":"","error":""},"_links":{"self":[{"href":"https:\/\/www.europesays.com\/no\/wp-json\/wp\/v2\/posts\/12605","targetHints":{"allow":["GET"]}}],"collection":[{"href":"https:\/\/www.europesays.com\/no\/wp-json\/wp\/v2\/posts"}],"about":[{"href":"https:\/\/www.europesays.com\/no\/wp-json\/wp\/v2\/types\/post"}],"author":[{"embeddable":true,"href":"https:\/\/www.europesays.com\/no\/wp-json\/wp\/v2\/users\/2"}],"replies":[{"embeddable":true,"href":"https:\/\/www.europesays.com\/no\/wp-json\/wp\/v2\/comments?post=12605"}],"version-history":[{"count":0,"href":"https:\/\/www.europesays.com\/no\/wp-json\/wp\/v2\/posts\/12605\/revisions"}],"wp:featuredmedia":[{"embeddable":true,"href":"https:\/\/www.europesays.com\/no\/wp-json\/wp\/v2\/media\/4177"}],"wp:attachment":[{"href":"https:\/\/www.europesays.com\/no\/wp-json\/wp\/v2\/media?parent=12605"}],"wp:term":[{"taxonomy":"category","embeddable":true,"href":"https:\/\/www.europesays.com\/no\/wp-json\/wp\/v2\/categories?post=12605"},{"taxonomy":"post_tag","embeddable":true,"href":"https:\/\/www.europesays.com\/no\/wp-json\/wp\/v2\/tags?post=12605"}],"curies":[{"name":"wp","href":"https:\/\/api.w.org\/{rel}","templated":true}]}}