{"id":126054,"date":"2026-01-01T08:45:27","date_gmt":"2026-01-01T08:45:27","guid":{"rendered":"https:\/\/www.europesays.com\/no\/126054\/"},"modified":"2026-01-01T08:45:27","modified_gmt":"2026-01-01T08:45:27","slug":"adjo-farvel-2025-vol-no","status":"publish","type":"post","link":"https:\/\/www.europesays.com\/no\/126054\/","title":{"rendered":"Adj\u00f8, farvel, 2025 &#8211; vol.no"},"content":{"rendered":"<p>Det er umulig \u00e5 ikke velge bildet av raketten \u00abSpectrum\u00bb som n\u00e5del\u00f8st st\u00f8ter sammen med havet like ved oppskytingsrampa i B\u00f8rv\u00e5gen som illustrasjonsbilde n\u00e5r 2025 skal oppsummeres. Det var et historisk og dramatisk \u00f8yeblikk i \u00e5ret som n\u00e5 ebber ut.<\/p>\n<p>Vi i VOL har v\u00e6rt h\u00f8yt og lavt i l\u00f8pet av \u00e5ret, og i romjula har jeg reflektert over hvilke saker jeg husker best fra \u00e5ret som har g\u00e5tt. Journalistikk handler om \u00e5 speile samfunnet vi lever i, og her kommer noen redaksjonelle godbiter som jeg mener speiler noe av det som har skjedd i det \u00e5ret vi n\u00e5 legger bak oss.<\/p>\n<p>Godt nytt\u00e5r!<\/p>\n<p>Januar: Fyrverkeri til besv\u00e6r, legekonflikt, havnes\u00f8ksm\u00e5l og s\u00f8ppelomveltninger<\/p>\n<p>Inngangen til 2025 ble markert med fyrverkeri flere steder i regionen, og<strong> <\/strong>i<strong> \u00d8ksnes<\/strong> ble det for f\u00f8rste gang arrangert fellesfyrverkeri i Trettendalen. <a href=\"https:\/\/www.vol.no\/i\/kwb369\" rel=\"nofollow noopener\" target=\"_blank\">Sauene Nell og Vera som bodde i nabolaget fikk regelrett panikk og d\u00f8de<\/a>.<\/p>\n<p>Inngangen av \u00e5ret ble ogs\u00e5 preget av at vi kunne fortelle hva varslingssaken i <a href=\"https:\/\/www.vol.no\/i\/o3BGAW\" rel=\"nofollow noopener\" target=\"_blank\"><strong>And\u00f8y dreiet seg om.<\/strong><\/a><\/p>\n<p><img decoding=\"async\" src=\"data:image\/gif;base64,R0lGODlhEAAJAIAAAP\/\/\/wAAACH5BAEAAAAALAAAAAAQAAkAAAIKhI+py+0Po5yUFQA7\" alt=\"\"\/><br \/>\n  Det stormet rundt legekontoret i Ris\u00f8yhamn og lege Yngvar Vestjord i starten av 2025.<br \/>\n  <strong>Foto:<\/strong> Johanne Ousdal<\/p>\n<p>Konflikten rundt legekontoret i Ris\u00f8yhamn og mange\u00e5rig lege der, Yngvar Vestjord, vakte stort folkelig og politisk engasjement, og de folkevalgte <a href=\"https:\/\/www.vol.no\/i\/Mnk3b0\" rel=\"nofollow noopener\" target=\"_blank\">vedtok til slutt en beklagelse<\/a> til legen i kj\u00f8lvannet av varslingssaken.<\/p>\n<p>Ved utgangen av februar i \u00e5r hadde legen <a href=\"https:\/\/www.vol.no\/i\/lwW4LG\" rel=\"nofollow noopener\" target=\"_blank\">sin siste arbeidsdag<\/a>.<\/p>\n<p><img decoding=\"async\" src=\"data:image\/gif;base64,R0lGODlhEAAJAIAAAP\/\/\/wAAACH5BAEAAAAALAAAAAAQAAkAAAIKhI+py+0Po5yUFQA7\" alt=\"\"\/><br \/>\n  Sortland Havn<br \/>\n  <strong>Foto:<\/strong> Ole-Kristian Anfinsen<\/p>\n<p>Stridighetene mellom <strong>Nordtrafikk og Sortland Havn KF<\/strong> preget ogs\u00e5 starten p\u00e5 nyhets\u00e5ret 2025. Det kommunale havneforetaket varsla i januar <a href=\"https:\/\/www.vol.no\/i\/kwbrwv\" rel=\"nofollow noopener\" target=\"_blank\">s\u00f8ksm\u00e5l mot selskapet,<\/a> etter uenighet om fakturering av blant annet <a href=\"https:\/\/www.vol.no\/i\/4BGly9\" rel=\"nofollow noopener\" target=\"_blank\">str\u00f8m<\/a>. Partene ligger, slik det ser ut n\u00e5, an til \u00e5 m\u00f8tes i retten i januar.<\/p>\n<p><img decoding=\"async\" src=\"data:image\/gif;base64,R0lGODlhEAAJAIAAAP\/\/\/wAAACH5BAEAAAAALAAAAAAQAAkAAAIKhI+py+0Po5yUFQA7\" alt=\"\"\/><br \/>\n  Nye dunker har skapt hodebry for Reno-Vest gjennom hele 2025.<br \/>\n  <strong>Foto:<\/strong> Ingrid Larsen<\/p>\n<p>I januar kunne ogs\u00e5 v\u00e5rt felles renovasjonsselskap, <strong>Reno-Vest<\/strong>, melde om at det skulle innf\u00f8res et system med <a href=\"https:\/\/www.vol.no\/i\/lwW4LG\" rel=\"nofollow noopener\" target=\"_blank\">tre dunker for hver husstand<\/a> i regionen, blant annet for \u00e5 im\u00f8teg\u00e5 nye hentekrav for glass og metall. Dette har blitt litt av en f\u00f8ljetong utover \u00e5ret.<\/p>\n<p>I juli var de nye dunkene kj\u00f8rt ut, <a href=\"https:\/\/www.vol.no\/i\/OoxVEk\" rel=\"nofollow noopener\" target=\"_blank\">men skulle ikke tas i bruk enda<\/a>. P\u00e5 senh\u00f8sten skulle det nye systemet rulles ut, men da fikk selskapet store problemer med varslingssystemene sine, til mange <a href=\"https:\/\/www.vol.no\/i\/Okbm2A\" rel=\"nofollow noopener\" target=\"_blank\">abonnenters frustrasjon<\/a>.<\/p>\n<p>Februar: Kulturen inn p\u00e5 r\u00e5dhuset i Bl\u00e5byen<\/p>\n<p>I<strong> Sortland<\/strong> har kulturvirksomheten i kommunen v\u00e6rt skilt ut i et eget foretak etter at Kulturfabrikken slo opp sine d\u00f8rer for ti \u00e5r siden. 2025 ble det siste \u00e5ret med en slik organisering.<\/p>\n<p>Det hele startet med at foretaket ble foresl\u00e5tt <a href=\"https:\/\/www.vol.no\/i\/MnvW8K\" rel=\"nofollow noopener\" target=\"_blank\">avviklet av sitt eget styre<\/a> p\u00e5 et styrem\u00f8te i februar.<\/p>\n<p><img decoding=\"async\" src=\"data:image\/gif;base64,R0lGODlhEAAJAIAAAP\/\/\/wAAACH5BAEAAAAALAAAAAAQAAkAAAIKhI+py+0Po5yUFQA7\" alt=\"\"\/><br \/>\n  Det var styreleder i Kulturfarikken Sortland KF, Roar Wessel-Olsen, som tente fyr p\u00e5 kulturdebatten p\u00e5 Sortland etter sitt forslag om \u00e5 legge ned foretaket.<br \/>\n  <strong>Foto:<\/strong> Ole-Kristian Anfinsen<\/p>\n<p>Forslaget fra styrelederen kom som <a href=\"https:\/\/www.vol.no\/i\/XjOeXn\" rel=\"nofollow noopener\" target=\"_blank\">julekvelden p\u00e5 kjerringa<\/a>, 15 timer f\u00f8r det angjeldende styrem\u00f8tet, og debatten om Kulturfabrikken og kulturfeltet i Sortland har v\u00e6rt h\u00f8ylytt og tidvis hatt h\u00f8y temperatur gjennom siden da, og gjennom nesten hele \u00e5ret. Opprinnelig forslag var at den kommersielle delen av virksomheten i kulturhuset skulle drives eksternt.<\/p>\n<p>Saken fikk sin konklusjon i kommunestyret i <a href=\"https:\/\/www.vol.no\/i\/PpWQm0\" rel=\"nofollow noopener\" target=\"_blank\">Sortland i h\u00f8st<\/a>, og flertallet vedtok da \u00e5 legge ned det kommunale foretaket, og innlemme hele virksomheten i kommunen.<\/p>\n<p>Mars: Ka-boom og farvel Jordell<\/p>\n<p>Mars ble sparket i gang med dunder og brak ved at <a href=\"https:\/\/www.vol.no\/i\/mPwnQv\" rel=\"nofollow noopener\" target=\"_blank\">ISAR sin rakett \u00abSpectrum\u00bb gikk til v\u00e6rs <\/a>fra <strong>And\u00f8ya Spaceport<\/strong> sitt anlegg ved B\u00f8rv\u00e5gen p\u00e5 And\u00f8y.<\/p>\n<p>Suksessen ble imidlertid kortvarig, og raketten landa i havet med dunder og brak etter om lag 30 sekunder. Landingspunktet var bare et steinkast fra oppskytingsrampa, etter at <a href=\"https:\/\/www.vol.no\/i\/xmEpMR\" rel=\"nofollow noopener\" target=\"_blank\">oppskytinga ble avbrutt av And\u00f8ya Spaceport<\/a>.<\/p>\n<p>En ny oppskyting er p\u00e5 trappene med \u00abSpectrum #2\u00bb, og vil, hvis forholdene ligger til rette for det, <a href=\"https:\/\/www.vol.no\/i\/XMgMMg\" rel=\"nofollow noopener\" target=\"_blank\">skje i starten av 2026<\/a>.<\/p>\n<p>I l\u00f8pet av \u00e5ret har \u00f8kningen av rom- og forsvarstilknytta aktivitet p\u00e5 <strong>And\u00f8ya<\/strong> f\u00f8rt til \u00f8kt spenning mellom forsvars- og fiskeriinteresser, noe som blant annet f\u00f8rte til at <a href=\"https:\/\/www.vol.no\/i\/wgMVvn\" rel=\"nofollow noopener\" target=\"_blank\">tyske bombefly m\u00e5tte snu<\/a>.<\/p>\n<p><img decoding=\"async\" src=\"data:image\/gif;base64,R0lGODlhEAAJAIAAAP\/\/\/wAAACH5BAEAAAAALAAAAAAQAAkAAAIKhI+py+0Po5yUFQA7\" alt=\"\"\/><br \/>\n  Andreas Jordell g\u00e5r etter at kommunestyret har godkjent sluttavtalen i kommunestyrem\u00f8tet mandag 05.05.25<br \/>\n  <strong>Foto:<\/strong> J\u00f8rn Aune<\/p>\n<p><strong>Mot slutten av m\u00e5neden kom det enda en stor nyhet fra \u00f8ya.<\/strong> I et kommunestyrem\u00f8te mot slutten av m\u00e5neden sprakk nyheten om at kommunen <a href=\"https:\/\/www.vol.no\/i\/wgm8P1\" rel=\"nofollow noopener\" target=\"_blank\">avsluttet arbeidsforholdet til kommunedirekt\u00f8r Andreas Jordell<\/a>. \u00c5rsakene var blant annet et <a href=\"https:\/\/www.vol.no\/i\/Ey2kzj\" rel=\"nofollow noopener\" target=\"_blank\">stort underskudd i 2024<\/a>, h\u00e5ndteringa av legekontorsaken og <a href=\"https:\/\/www.vol.no\/i\/dR0QK1\" rel=\"nofollow noopener\" target=\"_blank\">103 manglende millioner til omsorgsboliger p\u00e5 Andenes<\/a>.<\/p>\n<p>I mai hadde Jordell sin siste dag p\u00e5 jobb og Sveinung Ellingsen ble konstituert som kommunedirekt\u00f8r i And\u00f8y kommune.<\/p>\n<p>Seint i desember kom nyheten at Ellingsen har blitt <a href=\"https:\/\/www.vol.no\/i\/3pJzVX\" rel=\"nofollow noopener\" target=\"_blank\">tilbudt stillinga permanent<\/a>.<\/p>\n<p>April: Stengte serveringssteder, d\u00f8d and, og skole som r\u00e5tner<\/p>\n<p>Siden 1963 har familien Bang<strong> <\/strong>drevet kaf\u00e9 og konditori p\u00e5 <strong>Sortland<\/strong>, men april 2025 ble den dette kapittelet avsluttet med beskjeden om at de to <a href=\"https:\/\/www.vol.no\/i\/dR8e2w\" rel=\"nofollow noopener\" target=\"_blank\">kaf\u00e9ene i Skibsg\u00e5rden sula opp<\/a>.<\/p>\n<p>Samme m\u00e5ned kom beskjeden om at to barer p\u00e5 Sortland, <strong>Kompaniet og Bl\u00e5 Bar<\/strong>, m\u00e5tte lukke d\u00f8rene. April ble dermed m\u00e5neden for d\u00e5rlige nyheter for serveringsbransjen i den bl\u00e5 byen ved sundet.<\/p>\n<p><img decoding=\"async\" src=\"data:image\/gif;base64,R0lGODlhEAAJAIAAAP\/\/\/wAAACH5BAEAAAAALAAAAAAQAAkAAAIKhI+py+0Po5yUFQA7\" alt=\"\"\/><br \/>\n  Det var klar melding i tekstmeldingene fra Eidissen til avtroppende kommunedirekt\u00f8r Andreas Jordell i And\u00f8y.<\/p>\n<p>Det var ogs\u00e5 i april styreleder i The Whale p\u00e5 Andenes, <strong>Benn Eidissen<\/strong>, fyrte av noen saftige gloser i retning avtroppende kommunedirekt\u00f8r Andreas Jordell i <a href=\"https:\/\/www.vol.no\/i\/gwe8Wa\" rel=\"nofollow noopener\" target=\"_blank\">form av en serie meldinger<\/a>. Styrelederen <a href=\"https:\/\/www.vol.no\/i\/Mnrq9M\" rel=\"nofollow noopener\" target=\"_blank\">beklaget senere til Jordell<\/a>. N\u00e5 er bygginga <a href=\"https:\/\/www.vol.no\/i\/GxGr54\" rel=\"nofollow noopener\" target=\"_blank\">godt i gang og i rute<\/a>.<\/p>\n<p>Et bygg som har f\u00e5tt merke tidens tann er <strong>barneskolen p\u00e5 Stokmarknes<\/strong>, og i slutten av april kom den dramatiske beskjeden om at det sto s\u00e5pass d\u00e5rlig til med bygget at A-fl\u00f8ya p\u00e5 skolen ble <a href=\"https:\/\/www.vol.no\/i\/25A22q\" rel=\"nofollow noopener\" target=\"_blank\">stengt mer eller mindre p\u00e5 dagen<\/a> etter at det var blitt avdekket alvorlige r\u00e5teskader i deler av limtrekonstruksjonen.<\/p>\n<p>Mai: Kommunale ulovligheter, ny leder i Hadsel og kaf\u00e9-konsolidering<\/p>\n<p>I<strong> B\u00f8<\/strong> ble det i mai kjent at omr\u00e5det ved <strong>Friluftsgalleriet <\/strong>som i sommer huset blant annet \u00c5ge Aleksandersen var bygget <a href=\"https:\/\/www.vol.no\/i\/alQAwE\" rel=\"nofollow noopener\" target=\"_blank\">uten de n\u00f8dvendige tillatelsene<\/a>.<\/p>\n<p>Samme m\u00e5ned la ogs\u00e5 kommunedirekt\u00f8r Kine Anette Johnsen fram en lang liste med foresl\u00e5tte kutt for \u00e5 f\u00e5 <a href=\"https:\/\/www.vol.no\/i\/dR1rMo\" rel=\"nofollow noopener\" target=\"_blank\">skikk p\u00e5 \u00f8konomien<\/a> i kommunen.<\/p>\n<p><img decoding=\"async\" src=\"data:image\/gif;base64,R0lGODlhEAAJAIAAAP\/\/\/wAAACH5BAEAAAAALAAAAAAQAAkAAAIKhI+py+0Po5yUFQA7\" alt=\"\"\/><br \/>\n  Omr\u00e5det rundt Friluftsgalleriet p\u00e5 Vinje i B\u00f8.<br \/>\n  <strong>Foto:<\/strong> Ingmar W\u00e5hlberg<\/p>\n<p>I<strong> Hadsel<\/strong> ble det ansatt en permanent kommunedirekt\u00f8r etter et gjestespill av Gjermund Hages\u00e6ter, og den utvalgte ble <a href=\"https:\/\/www.vol.no\/i\/xmkbkn\" rel=\"nofollow noopener\" target=\"_blank\">\u00d8yvind Korsberg<\/a>. Halve kandidatlista ble holdt hemmelig, og Korsberg var <a href=\"https:\/\/www.vol.no\/i\/rrplWl\" rel=\"nofollow noopener\" target=\"_blank\">en av de hemmelige s\u00f8kerne<\/a>.<\/p>\n<p>P\u00e5<strong> Sortland<\/strong> etablerte Miscela seg som kongene p\u00e5 haugen n\u00e5r det gjelder kaf\u00e9drift, etter at de <a href=\"https:\/\/www.vol.no\/i\/kwrPya\" rel=\"nofollow noopener\" target=\"_blank\">overtok drifta av Skibsbakern<\/a> da familien Bang kasta inn h\u00e5ndkleet.<\/p>\n<p>Juni: Sprang til kollaps, hundrevis av trapper og politisk drama i Hadsel<\/p>\n<p>F\u00f8rste helga i juni <a href=\"https:\/\/www.vol.no\/i\/o3OqBR\" rel=\"nofollow noopener\" target=\"_blank\">stilte 2500 l\u00f8peglade<\/a> store og sm\u00e5 p\u00e5 startstreken til \u00e5rets utgave av <strong>Arctic Run <\/strong>p\u00e5 Stokmarknes, med asfalt i Markedsgata s\u00e5 <a href=\"https:\/\/www.vol.no\/i\/0Vdx42\" rel=\"nofollow noopener\" target=\"_blank\">fersk at den knapt hadde rukket \u00e5 bli kald<\/a>.<\/p>\n<p>Det gikk ikke for seg uten dramatikk, og bod\u00f8v\u00e6ringen Erlend Osnes endte opp p\u00e5 sykehus etter en kollaps ved m\u00e5lgang og m\u00e5tte kaste inn h\u00e5ndkleet for det <a href=\"https:\/\/www.vol.no\/i\/yEwoLA\" rel=\"nofollow noopener\" target=\"_blank\">planlagte showet<\/a>.<\/p>\n<p><img decoding=\"async\" src=\"data:image\/gif;base64,R0lGODlhEAAJAIAAAP\/\/\/wAAACH5BAEAAAAALAAAAAAQAAkAAAIKhI+py+0Po5yUFQA7\" alt=\"\"\/><br \/>\n  Stokmarknes var fult av l\u00f8peglade mennesker da 2025-utgaven av Arctic Run gikk av stabelen.<br \/>\n  <strong>Foto:<\/strong> Hanna Abelsen<\/p>\n<p>I<strong> Hadsel<\/strong> var det ogs\u00e5 dramatikk i lokalpolitikken denne forsommerm\u00e5neden, da Venstre valgte \u00e5 g\u00e5 ut av <a href=\"https:\/\/www.vol.no\/i\/8qdeJr\" rel=\"nofollow noopener\" target=\"_blank\">samarbeidet med MoS og H\u00f8yre<\/a>. Dermed raknet styringsflertallet i kommunen.<\/p>\n<p>Juni brakte ogs\u00e5 nyheten om at daglig leder for <strong>Vester\u00e5lsr\u00e5det<\/strong>, Lena Arntzen, bytta beite og derfor <a href=\"https:\/\/www.vol.no\/i\/AvnpRr\" rel=\"nofollow noopener\" target=\"_blank\">sa opp sin stilling i r\u00e5det.<\/a> I september kom nyheten om at r\u00e5dgiver, Henriette Endresen, ogs\u00e5 har <a href=\"https:\/\/www.vol.no\/i\/eM9GoR\" rel=\"nofollow noopener\" target=\"_blank\">f\u00e5tt ny jobb<\/a> og r\u00e5det m\u00f8ter dermed 2026 uten administrasjon. Dette har ikke <a href=\"https:\/\/www.vol.no\/i\/bOKaWk\" rel=\"nofollow noopener\" target=\"_blank\">g\u00e5tt up\u00e5aktet hen<\/a>.<\/p>\n<p>Vi stakk ogs\u00e5 innom <a href=\"https:\/\/www.vol.no\/i\/o3grM0\" rel=\"nofollow noopener\" target=\"_blank\"><strong>Odd Gunnar Jensens verksted p\u00e5 Stokmarknes<\/strong><\/a> for \u00e5 sl\u00e5 av en prat med Vester\u00e5lens og Lofotens siste trappesnekker.<\/p>\n<p>  Juli: Hunder og sau, \u00c5ge-invasjon, og bru-bursdag<\/p>\n<p>I juli skjedde det flere ganger at <strong>hunder angrep sauer<\/strong>, p\u00e5 grunn av manglende overholdelse av b\u00e5ndtvangen, slik som denne <a href=\"https:\/\/www.vol.no\/i\/3MA91X\" rel=\"nofollow noopener\" target=\"_blank\">saken fra G\u00e5sfjorden i Sortland<\/a>.<\/p>\n<p><img decoding=\"async\" src=\"data:image\/gif;base64,R0lGODlhEAAJAIAAAP\/\/\/wAAACH5BAEAAAAALAAAAAAQAAkAAAIKhI+py+0Po5yUFQA7\" alt=\"\"\/><br \/>\n  Det var mange vester\u00e5linger som ville Levva Livet sammen med \u00c5ge Aleksandersen og Sambandet i B\u00f8 i juli 2025.<br \/>\n  <strong>Foto:<\/strong> Vilde Alfstad Olsen<\/p>\n<p>Juli var m\u00e5neden 3600 rockeglade vester\u00e5linger opplevde at <a href=\"https:\/\/www.vol.no\/i\/Jbmal7\" rel=\"nofollow noopener\" target=\"_blank\">\u00c5ge Aleksandersen rocka vekk havt\u00e5ka<\/a> og spilte opp til en siste dans p\u00e5 <strong>Vinje i B\u00f8<\/strong>. Ogs\u00e5 Huinndagan i Alvs\u00e5g samlet <a href=\"https:\/\/www.vol.no\/i\/9398p9\" rel=\"nofollow noopener\" target=\"_blank\">mange fest- og musikkglade<\/a>.<\/p>\n<p>I <strong>Hadsel <\/strong>vartet Sommer-Melbu, tradisjonen tro, opp med et <a href=\"https:\/\/www.vol.no\/i\/Ey87B5\" rel=\"nofollow noopener\" target=\"_blank\">program for b\u00e5de store og sm\u00e5<\/a>.<\/p>\n<p><a href=\"https:\/\/www.vol.no\/i\/QMBL9J\" rel=\"nofollow noopener\" target=\"_blank\"><strong>Sortlandsbrua fylte ogs\u00e5 50 \u00e5r i juli<\/strong>,<\/a> et prosjekt som, sammen med de andre vester\u00e5lsbruene, utvilsomt har l\u00f8fta regionen mange hakk opp og fram.<\/p>\n<p>August: 50 pakker om dagen, f\u00e6st p\u00e5 parkeringsplassen og pirater bak rattet<\/p>\n<p>Det finnes noen butikker som bestandig bare har v\u00e6rt der, s\u00e5 lenge jeg kan huske. For meg er <strong>SMT p\u00e5 Sortland<\/strong> et slikt sted. En institusjon. Et sted som har n\u00f8yaktig det jeg trenger, n\u00e5r jeg trenger det, nesten uansett hvor obskurt det skulle v\u00e6re. I sommer <a href=\"https:\/\/www.vol.no\/i\/4BPgLe\" rel=\"nofollow noopener\" target=\"_blank\">stakk vi innom, og l\u00e6rte at de sender ut nesten 50 pakker om dagen til hele verden.<\/a><\/p>\n<p>August ble ogs\u00e5 m\u00e5neden s\u00f8kelyset ble satt p\u00e5 <strong>pirattaxi-virksomhet<\/strong> i Vester\u00e5len. <a href=\"https:\/\/www.vol.no\/i\/B085Jl\" rel=\"nofollow noopener\" target=\"_blank\">Politiet stanset et kj\u00f8ret\u00f8y i Hadsel p\u00e5 tur fra Harstad,<\/a> og vi i VOL m\u00f8tte en av dem som <a href=\"https:\/\/www.vol.no\/i\/bmAKnA\" rel=\"nofollow noopener\" target=\"_blank\">kj\u00f8rer pirat-taxi i regionen<\/a>.<\/p>\n<p>Mot slutten av m\u00e5neden gikk \u00e5rets <strong>F\u00e6ster\u00e5len <\/strong>av stabelen, for f\u00f8rste gang p\u00e5 Bankplassen, noe som ble en <a href=\"https:\/\/www.vol.no\/i\/RzLpKJ\" rel=\"nofollow noopener\" target=\"_blank\">\u00f8red\u00f8vende og vellykket retur til sentrum for festivalen<\/a>.<\/p>\n<p>September: Avklaring p\u00e5 Innlandet, jazz i monitor og ulovlig ATV-kj\u00f8ring<\/p>\n<p>September var m\u00e5neden for stortingsvalget, etter noen m\u00e5neder med intens valgkamp, ogs\u00e5 i Vester\u00e5len. Fasiten ble <a href=\"https:\/\/www.vol.no\/i\/JbjnB7\" rel=\"nofollow noopener\" target=\"_blank\"><strong>tre vester\u00e5linger p\u00e5 tinget<\/strong><\/a> i den neste fire\u00e5rsperioden.<\/p>\n<p>I<strong> Hadsel<\/strong> n\u00e5dde debatten om Innlandet skole sitt klimaks i denne m\u00e5neden. Debatten fikk god temperatur ved at kommunedirekt\u00f8ren foreslo \u00e5 bruke <a href=\"https:\/\/www.vol.no\/i\/mPARm1\" rel=\"nofollow noopener\" target=\"_blank\">ungdomshuset som et permanent skolebygg.<\/a> Dette falt ikke i god jord p\u00e5 Innlandet.<\/p>\n<p>Enden p\u00e5 visa, etter kommunestyrets endelige behandling, ble imidlertid at det skal realiseres en <a href=\"https:\/\/www.vol.no\/i\/MnO4aM\" rel=\"nofollow noopener\" target=\"_blank\">ny modulskole p\u00e5 Innlandet<\/a>.<\/p>\n<p><img decoding=\"async\" src=\"data:image\/gif;base64,R0lGODlhEAAJAIAAAP\/\/\/wAAACH5BAEAAAAALAAAAAAQAAkAAAIKhI+py+0Po5yUFQA7\" alt=\"\"\/><br \/>\n  Etter at vedtaket om ny modulskole p\u00e5 Innlandet var gjort av kommunestyret, ble det et h\u00e5ndtrykk mellom FAU-leder June Nikolaisen og ordf\u00f8rer Kjell-B\u00f8rge Freiberg (H).<br \/>\n  <strong>Foto:<\/strong> Elisabeth Bergquist<\/p>\n<p>I september kunne vi ogs\u00e5 fortelle om at ordf\u00f8rer Freiberg i <strong>Hadsel <\/strong>har kj\u00f8rt ATV i utmarka, <a href=\"https:\/\/www.vol.no\/i\/zAv0L9\" rel=\"nofollow noopener\" target=\"_blank\">uten de n\u00f8dvendige tillatelsene<\/a>.<\/p>\n<p>I midten av m\u00e5neden gikk <strong>Sortland Jazzfestival<\/strong> av stabelen, og vi var <a href=\"https:\/\/www.vol.no\/tag\/sortland-jazzfestival\/\" rel=\"noopener nofollow\" target=\"_blank\">innom mange av konsertene<\/a>.<\/p>\n<p>  Oktober: Skolenedleggelser p\u00e5 agendaen og fugleinfluensa-tr\u00f8bbel <\/p>\n<p>Det er trange \u00f8konomiske tider i kommunene, og det kom virkelig til syne p\u00e5 h\u00f8sten n\u00e5r kommunedirekt\u00f8rene begynte \u00e5 legge budsjettene for det kommende \u00e5ret i oktober. I <strong>Hadsel <\/strong>ble det<strong> <\/strong>foresl\u00e5tt <a href=\"https:\/\/www.vol.no\/i\/xmGWml\" rel=\"nofollow noopener\" target=\"_blank\">nedleggelse av Sandnes skole og flytting av ungdomstrinnet p\u00e5 Melbu<\/a>.<\/p>\n<p>I <strong>Sortland <\/strong>ble det foresl\u00e5tt at <a href=\"https:\/\/www.vol.no\/i\/B0Awa9\" rel=\"nofollow noopener\" target=\"_blank\">skolen p\u00e5 Holmstad skulle legges ned fra h\u00f8sten 2026<\/a>. Ingen av forslagene ble tatt til f\u00f8lge av de folkevalgte.<\/p>\n<p><img decoding=\"async\" src=\"data:image\/gif;base64,R0lGODlhEAAJAIAAAP\/\/\/wAAACH5BAEAAAAALAAAAAAQAAkAAAIKhI+py+0Po5yUFQA7\" alt=\"\"\/><br \/>\n  Holmstad skole ble foresl\u00e5tt nedlagt av administrasjonen i Sortland kommune i oktober.<br \/>\n  <strong>Foto:<\/strong> Ole-Kristian Anfinsen<\/p>\n<p>M\u00e5neden ble ellers preget av at fugleinfluensaen herjet, og <strong>Indrejord G\u00e5rd<\/strong>, som er blant dem som produserer Vester\u00e5lsegg, <a href=\"https:\/\/www.vol.no\/i\/RzL3qW\" rel=\"nofollow noopener\" target=\"_blank\">ble hardt rammet<\/a>.<\/p>\n<p>I oktober fortalte vi <a href=\"https:\/\/www.vol.no\/i\/pP7P4G\" rel=\"nofollow noopener\" target=\"_blank\">Julie sin historie<\/a> etter en dramatisk f\u00f8dsel ved sykehuset p\u00e5 <strong>Stokmarknes.<\/strong><\/p>\n<p>I<strong> Hadsels <\/strong>kommunesentrum markerte et h\u00e5ndslag mellom ordf\u00f8rer Kjell-B\u00f8rge Freiberg og \u00d8ystein Olesen fra Sortland Entrepen\u00f8r oppstarten av <a href=\"https:\/\/www.vol.no\/i\/mPXL3g\" rel=\"nofollow noopener\" target=\"_blank\">arbeidet med en ny flerbrukshall.<\/a><\/p>\n<p>November: Skolesamling i B\u00f8, konflikt p\u00e5 Kvalnes og hemmelige politiske m\u00f8ter<\/p>\n<p>Gjennom flere \u00e5r har <strong>skolesaken i B\u00f8<\/strong> v\u00e6rt en het potet, og saken har blitt utsatt fra politikerne flere ganger, med \u00f8nske om ytterligere utredninger. I november ble saken landet, da de folkevalgte vedtok en <a href=\"https:\/\/www.vol.no\/i\/n1RRrd\" rel=\"nofollow noopener\" target=\"_blank\">ny, felles barneskole p\u00e5 Straume<\/a>.<\/p>\n<p><img decoding=\"async\" src=\"data:image\/gif;base64,R0lGODlhEAAJAIAAAP\/\/\/wAAACH5BAEAAAAALAAAAAAQAAkAAAIKhI+py+0Po5yUFQA7\" alt=\"\"\/><br \/>\n  Andfjord Salmon sitt anlegg p\u00e5 Kvalnes sett fra lufta i september 2024.<br \/>\n  <strong>Foto:<\/strong> Tony Gulla Sivertsen<\/p>\n<p>P\u00e5<strong> Andfjord Salmon<\/strong> sitt anlegg p\u00e5 Kvalnes p\u00e5 And\u00f8ya ble det gjennom \u00e5ret gjort flere vellykkede smolt-utsett. I november begynte imidlertid tegn p\u00e5 problemer \u00e5 melde seg. Vi kunne da fortelle at entrepen\u00f8ren, AF H\u00e6hre &amp; Contur ANS, sendte ut permitteringsvarsel for de ansatte p\u00e5 Kvalnes, etter <a href=\"https:\/\/www.vol.no\/i\/yEe7WJ\" rel=\"nofollow noopener\" target=\"_blank\">manglende oppgj\u00f8r fra Andfjord Salmon<\/a>.<\/p>\n<p>I desember eskalerte saken n\u00e5r oppdretteren meldte om et <a href=\"https:\/\/www.vol.no\/i\/Arz885\" rel=\"nofollow noopener\" target=\"_blank\">milliardkrav mot hovedentrepen\u00f8ren<\/a>, som p\u00e5 sin side meldte om at Andfjord Salmon <a href=\"https:\/\/www.vol.no\/i\/q6n11O\" rel=\"nofollow noopener\" target=\"_blank\">skylder dem flere hundre millioner<\/a>.<\/p>\n<p>Like i n\u00e6rheten, p\u00e5<strong> Andenes, <\/strong>ble det i forbindelse med budsjettarbeidet gjennomf\u00f8rt m\u00f8ter med gruppelederne <a href=\"https:\/\/www.vol.no\/i\/wgyda1\" rel=\"nofollow noopener\" target=\"_blank\">uten at de var offentlige<\/a>, slik som kommuneloven krever, noe <a href=\"https:\/\/www.vol.no\/i\/gwXv49\" rel=\"nofollow noopener\" target=\"_blank\">Malin Abrahamsen (MDG) reagerte p\u00e5.<\/a><\/p>\n<p>Desember: Kuvending om flyplassgjerde og styre-utkastelse<\/p>\n<p>Gjennom flere \u00e5r har vedlikehold av <strong>flystasjonen p\u00e5 Andenes<\/strong> v\u00e6rt nedprioritert, og i \u00e5r har resultatene av dette manifistert seg.<\/p>\n<p>I sommer ble det kjent at gjerdet rundt flystasjonen var s\u00e5 <a href=\"https:\/\/www.vol.no\/i\/4B46Jq\" rel=\"nofollow noopener\" target=\"_blank\">d\u00e5rlig at det ikke oppfylte sin funksjon<\/a>, og at fly derfor var avhengige av lys og sikt for \u00e5 kunne lande og ta av. Dette ble midlertidig utbedret av Avinor. I romjula sviktet del midlertidige utbedringa i uv\u00e6ret, og flytrafikken til Andenes ble n\u00e6r lammet av problemene, som tar flere dager \u00e5 f\u00e5 utbedra.<\/p>\n<p><img decoding=\"async\" src=\"data:image\/gif;base64,R0lGODlhEAAJAIAAAP\/\/\/wAAACH5BAEAAAAALAAAAAAQAAkAAAIKhI+py+0Po5yUFQA7\" alt=\"\"\/><br \/>\n  Viltgjerdet rundt And\u00f8ya lufthavn veltet i desember 2025. Det gj\u00f8r at flyplassen n\u00e5 kun er \u00e5pen i dagslys og god sikt fram til det er utbedret.<br \/>\n  <strong>Foto:<\/strong> Avinor<\/p>\n<p>Det skal imidlertid etableres et permanent gjerde av Forsvarsbygg rundt stasjonen, og statssekret\u00e6r Marte Gerhardsen meldte tidligere i \u00e5r at dette kommer p\u00e5 plass i perioden 2032 &#8211; 2034.<\/p>\n<p>Etter flere skriftlige sp\u00f8rsm\u00e5l fra vester\u00e5lsrepresentant Bent-Joacim Bentzen (SP) gjorde regjeringen en kuvending i desember, og <a href=\"https:\/\/www.vol.no\/i\/ExoyOo\" rel=\"nofollow noopener\" target=\"_blank\">arbeidet kommer n\u00e5 i gang i 2028<\/a>.<\/p>\n<p><img decoding=\"async\" src=\"data:image\/gif;base64,R0lGODlhEAAJAIAAAP\/\/\/wAAACH5BAEAAAAALAAAAAAQAAkAAAIKhI+py+0Po5yUFQA7\" alt=\"\"\/><br \/>\n  Ken Ivan Reinholdtsen ble ny styreleder i \u00d8ksnes Boligstiftelse i desember, og gjeninsatte de avsatte styremeldene i sitt f\u00f8rste styrem\u00f8te.<br \/>\n  <strong>Foto:<\/strong> Ole-Kristian Anfinsen<\/p>\n<p>I<strong> \u00d8ksnes<\/strong> har det v\u00e6rt uro rundt arbeidet i \u00d8ksnes Boligstiftelse gjennom flere m\u00e5neder, og i desember toppet det seg da to styremedlemmer <a href=\"https:\/\/www.vol.no\/i\/QJl3zP\" rel=\"nofollow noopener\" target=\"_blank\">ble kastet ut det restende av styret<\/a>. En uke senere <a href=\"https:\/\/www.vol.no\/i\/9pmJ2l\" rel=\"nofollow noopener\" target=\"_blank\">fikk de komme tilbake<\/a>, etter at en ny styreleder hadde blitt valgt av de folkevalgte.<\/p>\n","protected":false},"excerpt":{"rendered":"Det er umulig \u00e5 ikke velge bildet av raketten \u00abSpectrum\u00bb som n\u00e5del\u00f8st st\u00f8ter sammen med havet like ved&hellip;\n","protected":false},"author":2,"featured_media":126055,"comment_status":"","ping_status":"","sticky":false,"template":"","format":"standard","meta":{"footnotes":""},"categories":[10],"tags":[14123,20,21,24,25,15,22,23,13,30,28,29,14,16,26,27,1106],"class_list":{"0":"post-126054","1":"post","2":"type-post","3":"status-publish","4":"format-standard","5":"has-post-thumbnail","7":"category-norge","8":"tag-arskavalkade","9":"tag-breaking-news","10":"tag-breakingnews","11":"tag-featured-news","12":"tag-featurednews","13":"tag-headlines","14":"tag-latest-news","15":"tag-latestnews","16":"tag-news","17":"tag-no","18":"tag-norge","19":"tag-norway","20":"tag-nyheter","21":"tag-overskrifter","22":"tag-top-stories","23":"tag-topstories","24":"tag-vesteralen"},"share_on_mastodon":{"url":"https:\/\/pubeurope.com\/@no\/115818969349007337","error":""},"_links":{"self":[{"href":"https:\/\/www.europesays.com\/no\/wp-json\/wp\/v2\/posts\/126054","targetHints":{"allow":["GET"]}}],"collection":[{"href":"https:\/\/www.europesays.com\/no\/wp-json\/wp\/v2\/posts"}],"about":[{"href":"https:\/\/www.europesays.com\/no\/wp-json\/wp\/v2\/types\/post"}],"author":[{"embeddable":true,"href":"https:\/\/www.europesays.com\/no\/wp-json\/wp\/v2\/users\/2"}],"replies":[{"embeddable":true,"href":"https:\/\/www.europesays.com\/no\/wp-json\/wp\/v2\/comments?post=126054"}],"version-history":[{"count":0,"href":"https:\/\/www.europesays.com\/no\/wp-json\/wp\/v2\/posts\/126054\/revisions"}],"wp:featuredmedia":[{"embeddable":true,"href":"https:\/\/www.europesays.com\/no\/wp-json\/wp\/v2\/media\/126055"}],"wp:attachment":[{"href":"https:\/\/www.europesays.com\/no\/wp-json\/wp\/v2\/media?parent=126054"}],"wp:term":[{"taxonomy":"category","embeddable":true,"href":"https:\/\/www.europesays.com\/no\/wp-json\/wp\/v2\/categories?post=126054"},{"taxonomy":"post_tag","embeddable":true,"href":"https:\/\/www.europesays.com\/no\/wp-json\/wp\/v2\/tags?post=126054"}],"curies":[{"name":"wp","href":"https:\/\/api.w.org\/{rel}","templated":true}]}}