{"id":126059,"date":"2026-01-01T08:54:20","date_gmt":"2026-01-01T08:54:20","guid":{"rendered":"https:\/\/www.europesays.com\/no\/126059\/"},"modified":"2026-01-01T08:54:20","modified_gmt":"2026-01-01T08:54:20","slug":"marte-olsbu-roiseland-mistet-hukommelsen","status":"publish","type":"post","link":"https:\/\/www.europesays.com\/no\/126059\/","title":{"rendered":"Marte Olsbu R\u00f8iseland \u00abmistet\u00bb hukommelsen"},"content":{"rendered":"<p class=\"kicker \" style=\"\">Marte Olsbu R\u00f8iseland\u00a0<\/p>\n<p>  F\u00f8rst da hun ble med i NRK-serien begynte det \u00e5 demre for skiskytteren hvilke sportslige bragder hun har utf\u00f8rt.<\/p>\n<p>\n    ALLTID ET SMIL: Det gikk fort i svingene for Marte Olsbu R\u00f8iseland. I det ene \u00f8yeblikket var hun verdens beste skiskytter \u2013 og s\u00e5 ble hun verdens beste mamma. I \u00abMesternes mester\u00bb f\u00e5r hun endelig tid til \u00e5 mimre over karrieren. Foto: Shad Madian\n  <\/p>\n<p>\u00abMesternes mester\u00bb er endelig tilbake! Og for f\u00f8rste gang siden 2019 \u2013 da konkurransen ble arrangert i Kroatia \u2013 er produksjonen igjen lagt til utlandet etter flere sesonger i Norge. <\/p>\n<p>    <a itemprop=\"url\" href=\"https:\/\/www.seher.no\/kjendis\/ikke-vaert-mitt-beste-ar\/84038366\" rel=\"nofollow noopener\" target=\"_blank\"><\/p>\n<p>        <img loading=\"lazy\" decoding=\"async\" src=\"https:\/\/www.europesays.com\/no\/wp-content\/uploads\/2026\/01\/84038380.webp.webp\" width=\"147\" height=\"98\" title=\"- Ikke v\u00e6rt mitt beste \u00e5r\" alt=\"\" class=\"lazyload\" style=\"--aspect-ratio-image: 1.50; \"\/><\/p>\n<p>        &#8211; Ikke v\u00e6rt mitt beste \u00e5r <\/p>\n<p>    <\/a><\/p>\n<p>Ti spenstige deltakere m\u00f8tes til dyst p\u00e5 den vakre Costa Brava-kysten nord for Barcelona. Her loves b\u00e5de vennskapsb\u00e5nd, idrettsglede og t\u00f8ffe konkurranser for NRKs seere.<\/p>\n<p>        <img loading=\"lazy\" decoding=\"async\" src=\"https:\/\/www.europesays.com\/no\/wp-content\/uploads\/2026\/01\/84034640.webp.webp\" width=\"686\" height=\"529\" title=\"HVEM BLIR MESTERNES MESTER: Programleder Aksel Lund Svindal (43 bak t.v.) med de ti deltakerne som kjemper om \u00e5 bli \u00e5rets \u00abMesternes Mester\u00bb. Bak: Edvald Boasson Hagen (38), sykling, Daniel-Andr\u00e9 Tande (31), hopp, Jarl Magnus Riiber (27), kombinert, Mushaga Bakenga (33), fotball. Foran: Marte R\u00f8iseland Olsbu (35), skiskyting, Kristin St\u00f8rmer Steira (44), langrenn, Isabelle Pedersen (33), hekkel\u00f8per, Ayla \u00c5gren (32), racing, Isabell Herlovsen (37), fotball og Emil Lybekk (32), d\u00f8dsing\/klippestup. Foto: NRK\" alt=\"\" class=\"\" style=\"--aspect-ratio-image: 1.30; \"\/><\/p>\n<p>\n        HVEM BLIR MESTERNES MESTER: Programleder Aksel Lund Svindal (43 bak t.v.) med de ti deltakerne som kjemper om \u00e5 bli \u00e5rets \u00abMesternes Mester\u00bb. Bak: Edvald Boasson Hagen (38), sykling, Daniel-Andr\u00e9 Tande (31), hopp, Jarl Magnus Riiber (27), kombinert, Mushaga Bakenga (33), fotball. Foran: Marte R\u00f8iseland Olsbu (35), skiskyting, Kristin St\u00f8rmer Steira (44), langrenn, Isabelle Pedersen (33), hekkel\u00f8per, Ayla \u00c5gren (32), racing, Isabell Herlovsen (37), fotball og Emil Lybekk (32), d\u00f8dsing\/klippestup. Foto: NRK\n    <\/p>\n<p>&#8211; F\u00f8r husket jeg nesten ingenting\u00a0\t<\/p>\n<p>Tidligere skiskytteress <a href=\"https:\/\/www.seher.no\/kjendis\/du-er-drommedama-mi\/72178257\" rel=\"nofollow noopener\" target=\"_blank\">Marte Olsbu R\u00f8iseland<\/a> (35) var aldri i tvil om \u00e5 takke ja. For den sympatiske s\u00f8rlendingen ble innspillingen en etterlengtet sjanse til \u00e5 stoppe opp \u2013 og oppsummere alt som skjedde i karrieren.<\/p>\n<p>\u2013 Jeg la jo opp da jeg var gravid. Jeg har aldri prosessert det toppidrettslivet, sier Marte til Se og H\u00f8r.<\/p>\n<p>        <img loading=\"lazy\" decoding=\"async\" src=\"https:\/\/www.europesays.com\/no\/wp-content\/uploads\/2026\/01\/84034649.webp.webp\" width=\"686\" height=\"515\" title=\"OL-DRONNING: I Beijing i 2022 ble det tre gull og to bronse. I 2020 ble hun k\u00e5ret til verdens beste idrettskvinne \u2013 uansett idrett \u2013 av den franske sportsavisen L\u2019Equipe. Foto: NTB\" alt=\"\" class=\"\" style=\"--aspect-ratio-image: 1.33; \"\/><\/p>\n<p>\n        OL-DRONNING: I Beijing i 2022 ble det tre gull og to bronse. I 2020 ble hun k\u00e5ret til verdens beste idrettskvinne \u2013 uansett idrett \u2013 av den franske sportsavisen L\u2019Equipe. Foto: NTB\n    <\/p>\n<p>Innen skiskyting er Marte en levende legende \u2013 med tre OL-gull og hele 13 VM-gull. Sitt siste renn gikk hun 19. mars 2023 i Holmenkollen, og 19. november samme \u00e5r kom lille Tobias til verden.<\/p>\n<p>    <a itemprop=\"url\" href=\"https:\/\/www.seher.no\/kjendis\/ikke-tid-til-damer-pa-kroken\/84004886\" rel=\"nofollow noopener\" target=\"_blank\"><\/p>\n<p>        <img loading=\"lazy\" decoding=\"async\" src=\"https:\/\/www.europesays.com\/no\/wp-content\/uploads\/2026\/01\/84004908.webp.webp\" width=\"147\" height=\"98\" title=\"- Ikke tid til damer\" alt=\"\" class=\"lazyload\" style=\"--aspect-ratio-image: 1.50; \"\/><\/p>\n<p>        &#8211; Ikke tid til damer<\/p>\n<p>    <\/a><\/p>\n<p>Hun og ektemannen Sverre er stolte \u2013 og travle \u2013 foreldre. Denne sesongen er Marte ekspertkommentator for NRK, mens han er landslagstrener for de tyske skiskytterne.<\/p>\n<p>        <img loading=\"lazy\" decoding=\"async\" src=\"https:\/\/www.europesays.com\/no\/wp-content\/uploads\/2026\/01\/84034658.webp.webp\" width=\"667\" height=\"667\" title=\"FORN\u00d8YD MANN: Jan Kvalheim kom p\u00e5 7. plass i \u00abMesternes mester\u00bb i 2010. I dag er sandvolleyball-profilen castingansvarlig, og setter sammen den rette miksen av deltakere. Foto: Shad Madian\" alt=\"\" class=\"\" style=\"--aspect-ratio-image: 1.00; \"\/><\/p>\n<p>\n        FORN\u00d8YD MANN: Jan Kvalheim kom p\u00e5 7. plass i \u00abMesternes mester\u00bb i 2010. I dag er sandvolleyball-profilen castingansvarlig, og setter sammen den rette miksen av deltakere. Foto: Shad Madian\n    <\/p>\n<p>Innspillingen av \u00abMesternes mester\u00bb ga rom for b\u00e5de minner og mestring.<\/p>\n<p>\u2013 Man kommer hit til Spania \u2013 og plutselig f\u00e5r jeg lov til \u00e5 drive med litt selvrealisering igjen. Det er veldig hyggelig \u00e5 m\u00f8te andre idrettsut\u00f8vere og reflektere litt over egen idrettskarriere, sier Marte \u2013 og ler.\u00a0<\/p>\n<p>        \u00abALLE ELSKER DAVID\u00bb: David Eriksen forteller at han hadde planer om \u00e5 lyve om dette. Video: \u00abAlle elsker David\u00bb\/TV 2, Nora Skavhaug\/R\u00f8d L\u00f8per<\/p>\n<p class=\"font-weight-bold m-font-weight-bold\" data-lab-font_weight=\"font-weight-bold\">\u2013 F\u00f8r husket jeg nesten ingenting &#8230; N\u00e5 begynner jeg \u00e5 huske mer og mer fra karrieren!<\/p>\n<p>Tidligere volleyballstjerne og tidligere \u00abMesternes Mester\u00bb-deltaker Jan Kvalheim (62) er ansvarlig for \u00e5 velge ut deltakerne i serien. Han er alltid spent p\u00e5 hvordan gruppen vil fungere sammen.<\/p>\n<p>        <img loading=\"lazy\" decoding=\"async\" src=\"https:\/\/www.europesays.com\/no\/wp-content\/uploads\/2026\/01\/84034666.webp.webp\" width=\"686\" height=\"460\" title=\"GODE MINNER: Disse deltok i \u00abMesternes mester i 2010 p\u00e5 Malta: Bjarte Engen Vik, Nina Solheim, Andrine Flemmen, Trine Hattestad, Espen Bredesen, Anette B\u00f8e, Jim Martinsen, Daniel Franck, Jan Kvalheim og Brit Pettersen Tofte. Programleder var Dag Erik Pedersen - og Daniel Franck vant. Foto: Oddvar Walle Jensen\" alt=\"\" class=\"\" style=\"--aspect-ratio-image: 1.49; \"\/><\/p>\n<p>\n        GODE MINNER: Disse deltok i \u00abMesternes mester i 2010 p\u00e5 Malta: Bjarte Engen Vik, Nina Solheim, Andrine Flemmen, Trine Hattestad, Espen Bredesen, Anette B\u00f8e, Jim Martinsen, Daniel Franck, Jan Kvalheim og Brit Pettersen Tofte. Programleder var Dag Erik Pedersen &#8211; og Daniel Franck vant. Foto: Oddvar Walle Jensen\n    <\/p>\n<p>\u2013 Hvert \u00e5r n\u00e5r vi har samlet ti deltakere, er vi usikre p\u00e5 hvordan disse vil funke sammen, sier han. <\/p>\n<p>    <a itemprop=\"url\" href=\"https:\/\/www.seher.no\/kjendis\/jeg-blir-darligere-og-darligere\/84037871\" rel=\"nofollow noopener\" target=\"_blank\"><\/p>\n<p>        <img loading=\"lazy\" decoding=\"async\" src=\"https:\/\/www.europesays.com\/no\/wp-content\/uploads\/2026\/01\/84037926.webp.webp\" width=\"147\" height=\"98\" title=\"- Jeg blir d\u00e5rligere og d\u00e5rligere\" alt=\"\" class=\"lazyload\" style=\"--aspect-ratio-image: 1.50; \"\/><\/p>\n<p>        &#8211; Jeg blir d\u00e5rligere og d\u00e5rligere<\/p>\n<p>    <\/a><\/p>\n<p>Etter et Teams-m\u00f8te og en felles WhatsApp-gruppe begynte kjemien \u00e5 sitte. Allerede p\u00e5 flyet til opptaksstedet i Spania forsvant enhver tvil.<\/p>\n<p>\u2013 Gruppa og kjemien var satt. Det var veldig god stemning. S\u00e5 jeg senket skuldrene, sier han med et smil.<\/p>\n<p>        <img loading=\"lazy\" decoding=\"async\" src=\"https:\/\/www.europesays.com\/no\/wp-content\/uploads\/2026\/01\/84034669.webp.webp\" width=\"686\" height=\"508\" title=\"DU ER BEST: I 2022 ble roeren Nils Jacob Hoff (40) vinner . Jan var str\u00e5lende forn\u00f8yd med den spennende finalen. Foto: Tor Lindseth\" alt=\"\" class=\"\" style=\"--aspect-ratio-image: 1.35; \"\/><\/p>\n<p>\n        DU ER BEST: I 2022 ble roeren Nils Jacob Hoff (40) vinner . Jan var str\u00e5lende forn\u00f8yd med den spennende finalen. Foto: Tor Lindseth\n    <\/p>\n<p>Liker varmen\t<\/p>\n<p>Kvalheim jubler over at \u00abMesternes Mester\u00bb er tilbake i Syden.<\/p>\n<p>\u2013 Veldig mange produksjoner er glade for at vi kommer utenlands igjen. Selv om Norge b\u00f8d p\u00e5 bra forhold, var kulde og skadefare et konstant usikkerhetsmoment n\u00e5r det har v\u00e6rt tolv grader og deltakerne st\u00e5r med jakke og fryser, sier han.<\/p>\n<p>        INNR\u00d8MMER: Emil Gukild r\u00f8per at han gikk p\u00e5 en pinlig smell allerede i sin f\u00f8rste scene som skuespiller. Reporter: Sanne Holt. Video: \u00abFlukten fra Bolivia\u00bb\/ TV 2\/ Celine N\u00e6ss Andreassen\/ R\u00f8d L\u00f8per <\/p>\n<p>\u2013 Det er veldig greit \u00e5 v\u00e6re tilbake i varmen\u2026 Og jeg tror ut\u00f8verne ogs\u00e5 er glade for det.<\/p>\n<p>Programleder Aksel Lund Svindal (43) merket raskt at \u00e5rets deltakere fikk god kjemi. Da han kom til Spania kort tid etter dem, var gruppen allerede sammensveiset \u2013 og full av internhumor.<\/p>\n<p>    <a itemprop=\"url\" href=\"https:\/\/www.seher.no\/kjendis\/deler-sjeldent-bilde\/84037496\" rel=\"nofollow noopener\" target=\"_blank\"><\/p>\n<p>        <img loading=\"lazy\" decoding=\"async\" src=\"https:\/\/www.europesays.com\/no\/wp-content\/uploads\/2026\/01\/84037554.webp.webp\" width=\"980\" height=\"441\" title=\"Deler sjeldent bilde\" alt=\"\" class=\"lazyload\" style=\"--aspect-ratio-image: 2.22; \"\/><\/p>\n<p>        Deler sjeldent bilde<\/p>\n<p>    <\/a><\/p>\n<p>\u2013 De var som en kompisgjeng, sier han. <\/p>\n<p>\u2013 Jeg m\u00e5tte koble meg p\u00e5 \u00f8yeblikkelig, for de hadde masse vitser og en dynamikk de hadde f\u00e5tt ekstremt fort. Mye tidligere enn jeg har sett f\u00f8r hos andre.<\/p>\n<p>        REALITY-FORTID: \u00abFlukten fra Bolivia\u00bb-skuespilleren r\u00f8per hvordan deltakelsen i det popul\u00e6re realityprogrammet landet henne dr\u00f8mmerollen. Reporter: Sanne Holt. Video: \u00abFlukten fra Bolivia\u00bb\/ TV 2\/ Celine N\u00e6ss Andreassen\/ R\u00f8d L\u00f8per<\/p>\n<p>Som programleder f\u00e5r Aksel tett innblikk i hva deltakerne legger igjen i konkurransen \u2013 b\u00e5de fysisk og f\u00f8lelsesmessig.<\/p>\n<p class=\"font-weight-bold m-font-weight-bold\" data-lab-font_weight=\"font-weight-bold\">\u2013 N\u00e5r noen blir sl\u00e5tt ut, er de lei seg for \u00e5 reise hjem. Jeg tror ikke norske idrettsut\u00f8vere er s\u00e5 gode skuespillere at de kan lure TV-seerne. Det er ekte, sier han.<\/p>\n<p>\u2013 Hva de byr p\u00e5, er viktigere enn om vi er i Norge eller Spania. Det blir mye gl\u00f8d p\u00e5 TV. Deltakere som er r\u00f8rt til t\u00e5rer av skryt \u2013 og som gir alt. Her er det bare \u00e5 glede seg!<\/p>\n","protected":false},"excerpt":{"rendered":"Marte Olsbu R\u00f8iseland\u00a0 F\u00f8rst da hun ble med i NRK-serien begynte det \u00e5 demre for skiskytteren hvilke sportslige&hellip;\n","protected":false},"author":2,"featured_media":126060,"comment_status":"","ping_status":"","sticky":false,"template":"","format":"standard","meta":{"footnotes":""},"categories":[59],"tags":[248,14833,13994,4104,14832,3229,479,14834,2984,30,28,29,83,82],"class_list":{"0":"post-126059","1":"post","2":"type-post","3":"status-publish","4":"format-standard","5":"has-post-thumbnail","7":"category-sport","8":"tag-aksel-lund-svindal","9":"tag-daniel-andre-tande","10":"tag-edvald-boasson-hagen","11":"tag-eksklusivt","12":"tag-isabelle-pedersen","13":"tag-jarl-magnus-riiber","14":"tag-kjendis","15":"tag-marte-olsbu-roiseland","16":"tag-mesternes-mester","17":"tag-no","18":"tag-norge","19":"tag-norway","20":"tag-sport","21":"tag-sports"},"share_on_mastodon":{"url":"https:\/\/pubeurope.com\/@no\/115819004811473437","error":""},"_links":{"self":[{"href":"https:\/\/www.europesays.com\/no\/wp-json\/wp\/v2\/posts\/126059","targetHints":{"allow":["GET"]}}],"collection":[{"href":"https:\/\/www.europesays.com\/no\/wp-json\/wp\/v2\/posts"}],"about":[{"href":"https:\/\/www.europesays.com\/no\/wp-json\/wp\/v2\/types\/post"}],"author":[{"embeddable":true,"href":"https:\/\/www.europesays.com\/no\/wp-json\/wp\/v2\/users\/2"}],"replies":[{"embeddable":true,"href":"https:\/\/www.europesays.com\/no\/wp-json\/wp\/v2\/comments?post=126059"}],"version-history":[{"count":0,"href":"https:\/\/www.europesays.com\/no\/wp-json\/wp\/v2\/posts\/126059\/revisions"}],"wp:featuredmedia":[{"embeddable":true,"href":"https:\/\/www.europesays.com\/no\/wp-json\/wp\/v2\/media\/126060"}],"wp:attachment":[{"href":"https:\/\/www.europesays.com\/no\/wp-json\/wp\/v2\/media?parent=126059"}],"wp:term":[{"taxonomy":"category","embeddable":true,"href":"https:\/\/www.europesays.com\/no\/wp-json\/wp\/v2\/categories?post=126059"},{"taxonomy":"post_tag","embeddable":true,"href":"https:\/\/www.europesays.com\/no\/wp-json\/wp\/v2\/tags?post=126059"}],"curies":[{"name":"wp","href":"https:\/\/api.w.org\/{rel}","templated":true}]}}