{"id":126075,"date":"2026-01-01T09:21:20","date_gmt":"2026-01-01T09:21:20","guid":{"rendered":"https:\/\/www.europesays.com\/no\/126075\/"},"modified":"2026-01-01T09:21:20","modified_gmt":"2026-01-01T09:21:20","slug":"russland-deler-ny-rakett-video","status":"publish","type":"post","link":"https:\/\/www.europesays.com\/no\/126075\/","title":{"rendered":"Russland deler ny rakett-video"},"content":{"rendered":"<p>  Russland offentliggjorde tirsdag en video som angivelig viser en rakett som er utplassert i Belarus, og som skal v\u00e6re umulig \u00e5 avskj\u00e6re.<\/p>\n<p>\n    Russland har utplassert et nytt rakettsystem i Belarus. Det skal angivelig ha s\u00e5 stor hastighet at det er umulig \u00e5 uskadeliggj\u00f8re. Bildet er formidlet av det russiske forsvarsdepartementet. Foto: Russian Defense Ministry Press Service via AP \/ NTB\n  <\/p>\n<p>Raketten med navnet Oresjnik skal kunne b\u00e6re atomladninger og betegnes som hypersonisk. President Vladimir Putin har tidligere sagt at raketten vil ha en hastighet som er minst ti ganger lydens og dermed umulig \u00e5 uskadeliggj\u00f8re.<\/p>\n<p>Oresjnik utplasseres hos Russlands n\u00e6r allierte Belarus og skal angivelig \u00f8ke russernes evne til \u00e5 n\u00e5 m\u00e5l over hele Europa i tilfellet krig.<\/p>\n<p>    <a itemprop=\"url\" href=\"https:\/\/sol.no\/nyheter\/tysk-beskjed-til-russland\/84040670\" rel=\"nofollow noopener\" target=\"_blank\"><\/p>\n<p>        <img loading=\"lazy\" decoding=\"async\" src=\"https:\/\/www.europesays.com\/no\/wp-content\/uploads\/2026\/01\/84040690.webp.webp\" width=\"147\" height=\"98\" title=\"Tysk beskjed til Russland\" alt=\"\" class=\"lazyload\" style=\"--aspect-ratio-image: 1.50; \"\/><\/p>\n<p>        Tysk beskjed til Russland<\/p>\n<p>sol.no<\/p>\n<p>    <\/a><\/p>\n<p>Det statlige nyhetsbyr\u00e5et Tass sier at det er f\u00f8rste gang forsvarsdepartementet viser det mobile Oresjnik-systemet. Utplasseringen i Belarus, som grenser mot Nato-medlemmene Polen, Litauen og Latvia, skjer p\u00e5 et tidspunkt da spenningen knyttet til Ukrainas skjebne er p\u00e5 et forel\u00f8pig h\u00f8ydepunkt.<\/p>\n<p>To amerikanske forskere som Reuters viser til, har studert satellittbilder fra omr\u00e5det og mener at rakettene og utskytingsrampene er utplassert p\u00e5 en tidligere flybase i det \u00f8stlige Belarus.<\/p>\n<p>Russerne testet en konvensjonell versjon av Oresjnik mot et m\u00e5l i Ukraina i november 2024.<\/p>\n<p>        I USA: Like f\u00f8r m\u00f8tet mellom Israels statsminister Benyamin Netanyahu og USAs president Donald Trump skulle begynne, ble en samtale fanget p\u00e5 mikrofon. Video: AP. Reporter: Anabelle Bruun\/Dagbladet TV<\/p>\n","protected":false},"excerpt":{"rendered":"Russland offentliggjorde tirsdag en video som angivelig viser en rakett som er utplassert i Belarus, og som skal&hellip;\n","protected":false},"author":2,"featured_media":126076,"comment_status":"","ping_status":"","sticky":false,"template":"","format":"standard","meta":{"footnotes":""},"categories":[12],"tags":[1065,20,21,24,25,15,22,23,13,30,28,29,14,16,14835,188,26,27,2002,42,43,44,45],"class_list":{"0":"post-126075","1":"post","2":"type-post","3":"status-publish","4":"format-standard","5":"has-post-thumbnail","7":"category-verden","8":"tag-belarus","9":"tag-breaking-news","10":"tag-breakingnews","11":"tag-featured-news","12":"tag-featurednews","13":"tag-headlines","14":"tag-latest-news","15":"tag-latestnews","16":"tag-news","17":"tag-no","18":"tag-norge","19":"tag-norway","20":"tag-nyheter","21":"tag-overskrifter","22":"tag-rakett","23":"tag-russland","24":"tag-top-stories","25":"tag-topstories","26":"tag-ukraina-krigen","27":"tag-verden","28":"tag-world","29":"tag-world-news","30":"tag-worldnews"},"share_on_mastodon":{"url":"https:\/\/pubeurope.com\/@no\/115819111150525893","error":""},"_links":{"self":[{"href":"https:\/\/www.europesays.com\/no\/wp-json\/wp\/v2\/posts\/126075","targetHints":{"allow":["GET"]}}],"collection":[{"href":"https:\/\/www.europesays.com\/no\/wp-json\/wp\/v2\/posts"}],"about":[{"href":"https:\/\/www.europesays.com\/no\/wp-json\/wp\/v2\/types\/post"}],"author":[{"embeddable":true,"href":"https:\/\/www.europesays.com\/no\/wp-json\/wp\/v2\/users\/2"}],"replies":[{"embeddable":true,"href":"https:\/\/www.europesays.com\/no\/wp-json\/wp\/v2\/comments?post=126075"}],"version-history":[{"count":0,"href":"https:\/\/www.europesays.com\/no\/wp-json\/wp\/v2\/posts\/126075\/revisions"}],"wp:featuredmedia":[{"embeddable":true,"href":"https:\/\/www.europesays.com\/no\/wp-json\/wp\/v2\/media\/126076"}],"wp:attachment":[{"href":"https:\/\/www.europesays.com\/no\/wp-json\/wp\/v2\/media?parent=126075"}],"wp:term":[{"taxonomy":"category","embeddable":true,"href":"https:\/\/www.europesays.com\/no\/wp-json\/wp\/v2\/categories?post=126075"},{"taxonomy":"post_tag","embeddable":true,"href":"https:\/\/www.europesays.com\/no\/wp-json\/wp\/v2\/tags?post=126075"}],"curies":[{"name":"wp","href":"https:\/\/api.w.org\/{rel}","templated":true}]}}