{"id":126077,"date":"2026-01-01T09:22:06","date_gmt":"2026-01-01T09:22:06","guid":{"rendered":"https:\/\/www.europesays.com\/no\/126077\/"},"modified":"2026-01-01T09:22:06","modified_gmt":"2026-01-01T09:22:06","slug":"feministhuset-vi-haper-pa-en-god-dialog-med-kommunen","status":"publish","type":"post","link":"https:\/\/www.europesays.com\/no\/126077\/","title":{"rendered":"Feministhuset: \u2013 Vi h\u00e5per p\u00e5 en god dialog med kommunen"},"content":{"rendered":"\n<p>Inger Marie Bakken  Styreleder i Feministhuset<\/p>\n<p>Astri Holm   Nestleder i styret til Feministhuset<\/p>\n<p>Publisert:<br \/>\n  1. januar 2026 kl. 09:41<br \/>\n  Oppdatert:<br \/>\n  1. januar 2026 kl. 09:41\n <\/p>\n<p>Dette er et debattinnlegg. Det gir uttrykk for debattantens egen holdning.<\/p>\n<p><strong>Feministhuset<\/strong> har f\u00e5tt beskjed om at kontrakten i Kj\u00f8pmannsgata 51 ikke skal fornyes n\u00e5r den utl\u00f8per i mars 2026. Det er Trondheim kommune som skal overta lokalene som vi har leid av Koteng i seks \u00e5r. Denne beslutningen kom uventet p\u00e5 oss. \u00c5 flytte Feministhuset vil v\u00e6re en veldig stor utfordring n\u00e5r det gjelder arbeid, \u00f8konomi og plassering i bybildet.<\/p>\n<p>Feministhuset har lenge hatt bred politisk st\u00f8tte og et godt samarbeid med kommunen, og vi \u00f8nsker n\u00e5 en konstruktiv dialog med Trondheim kommune om mulige l\u00f8sninger framover. Vi vet at kommunen arbeider for gode rammer for frivillighet, likestilling og kultur, og vi h\u00e5per at vi sammen kan finne en vei videre.\u00a0<a href=\"https:\/\/www.google.com\/maps\/search\/I+Kj%C3%B8pmannsgata+51?entry=gmail&amp;source=g\" rel=\"noopener nofollow\" target=\"_blank\">I Kj\u00f8pmannsgata 51<\/a>\u00a0finnes det fortsatt over 500 kvadratmeter ledig areal, og vi h\u00e5per at dialog kan \u00e5pne for alternativer som kan ivareta b\u00e5de kommunens og Feministhusets behov.<\/p>\n<p><img decoding=\"async\" src=\"data:image\/gif;base64,R0lGODlhEAAJAIAAAP\/\/\/wAAACH5BAEAAAAALAAAAAAQAAkAAAIKhI+py+0Po5yUFQA7\" alt=\"\"\/><br \/>\n  Astri Holm, nestleder i styret til Feministhuset.<br \/>\n  <strong>Foto:<\/strong> Privat<\/p>\n<p><strong>Feministhuset i Trondheim<\/strong> er Norges eneste, og i dag er 10 organisasjoner leietakere: Trondhjem Sanitetsforening, Trondheim Zonta, Kvinnefronten Trondheim, Midtbyen Husflidslag, Kvinneligaen for Fred og Frihet Trondheim, 8. mars-komiteen, Kvinner i teknikk og h\u00e5ndverk, Krokotit Kvinneteatergruppe, Kvinnegruppa Ottar Tr\u00f8ndelag og AInclusion.<\/p>\n<p>Hver og en av disse er sv\u00e6rt aktive og fyller huset med kurs, seminarer, \u00e5pne m\u00f8ter, boklanseringer, kunstutstillinger, medlemsm\u00f8ter, festivaler og konserter. Feministhuset som flerbrukslokale gir energi til den enkelte kvinneorganisasjon ved at lokalet er p\u00e5 plass, og at samarbeidspartnere er lett \u00e5 finne. Det viser seg at \u00e5 ha et hus legger til rette for mer samarbeid og aktivitet. Det er slik et stort ansvar at Feministhuset fortsatt kan tilby lokaler for planlagte aktiviteter i 2026.<\/p>\n<p>Lavterskeltilbud som Shared Reading og Writing Circle er ogs\u00e5 en del av tilbudene. Feministhuset sitt styre har ogs\u00e5 hatt mye aktivitet i samarbeid med flyktning- og innvandrermilj\u00f8, blant annet med \u00e5 gi oppmerksomhet til vold mot kvinner og \u00e6resvold. I l\u00f8pet av 2025 har det v\u00e6rt mer enn 3500 bes\u00f8k p\u00e5 huset. Feministhuset er ogs\u00e5 ansvarlig for etablering av Wall of Feminism i Olavshallen, en vegg som l\u00f8fter frem 86 kvinner med tilknytning til Trondheim, og som if\u00f8lge informasjonsansvarlig p\u00e5 Olavshallen er unik i verden. Med utgangspunkt i Wall of Feminism tilbyr Feministhuset kvinnehistoriske vandringer i byen.<\/p>\n<p><a href=\"https:\/\/www.adressa.no\/debatt\/i\/Gx1kjB\/tre-arbeidsskift-til-askepott\" rel=\"nofollow noopener\" target=\"_blank\"> <img decoding=\"async\" src=\"data:image\/gif;base64,R0lGODlhEAAJAIAAAP\/\/\/wAAACH5BAEAAAAALAAAAAAQAAkAAAIKhI+py+0Po5yUFQA7\" alt=\"\"\/>   Tre arbeidsskift til Askepott?  <\/a> <\/p>\n<p><strong>Feministhuset <\/strong>begynner ogs\u00e5 \u00e5 bli kjent utover Trondheims grenser. Flere kultur- og likestillingsministre (Anette Trettebergstuen og Lubna Jaffery), har lagt merke til oss, og har v\u00e6rt veldig positive til at det finnes et hus som v\u00e5rt.<\/p>\n<p>Feministhuset i Trondheim ble etablert i 2020 etter at det hadde v\u00e6rt gjennomf\u00f8rt POPUP Feministhus i Olavshallen fra 2016-2019, der et tettpakket program hver mars m\u00e5ned uttrykte mangfoldet og engasjementet til kvinneorganisasjoner som m\u00f8ttes og arbeidet sammen p\u00e5 tvers.<\/p>\n<p>Til sammen har frivillige feminister brukt ni \u00e5r p\u00e5 \u00e5 etablere et hus som i dag har blitt en institusjon i Trondheim som kultur -og debattarena, og et m\u00f8tested for hundrevis av engasjerte i alle aldre. Vi opplever n\u00e5 at mange vet hvor vi holder til, og dette gir seg utslag i flere bes\u00f8k og oppslutning til v\u00e5re aktiviteter og arrangement.<\/p>\n<p>Derfor h\u00e5per vi p\u00e5 en god dialog med kommunen og byens politikere slik at vi sammen kan finne en l\u00f8sning som gj\u00f8r det mulig for Feministhuset \u00e5 fortsette \u00e5 bidra til kultur, likestilling og mangfold i Trondheim fra 1. etasje i Kj\u00f8pmannsgata 51.<\/p>\n<p><strong>Hva mener du? Send inn din tekst til\u00a0<a href=\"https:\/\/www.adressa.no\/debatt\/i\/M7gxno\/mailto:debatt@adresseavisen.no\" rel=\"noopener nofollow\" target=\"_blank\">debatt@adresseavisen.no<\/a>\u00a0eller delta i debatten i kommentarfeltet nederst \u2013 og husk fullt navn!<\/strong><\/p>\n","protected":false},"excerpt":{"rendered":"Inger Marie Bakken Styreleder i Feministhuset Astri Holm Nestleder i styret til Feministhuset Publisert: 1. januar 2026 kl.&hellip;\n","protected":false},"author":2,"featured_media":126078,"comment_status":"","ping_status":"","sticky":false,"template":"","format":"standard","meta":{"footnotes":""},"categories":[10],"tags":[20,21,37,24,25,14836,469,15,410,22,23,13216,539,2142,13,30,28,29,14,16,14838,26,27,596,641,3906,14837],"class_list":{"0":"post-126077","1":"post","2":"type-post","3":"status-publish","4":"format-standard","5":"has-post-thumbnail","7":"category-norge","8":"tag-breaking-news","9":"tag-breakingnews","10":"tag-debatt","11":"tag-featured-news","12":"tag-featurednews","13":"tag-feministhuset-i-trondheim","14":"tag-frivillige","15":"tag-headlines","16":"tag-kultur","17":"tag-latest-news","18":"tag-latestnews","19":"tag-lavterskeltilbud","20":"tag-likestilling","21":"tag-mangfold","22":"tag-news","23":"tag-no","24":"tag-norge","25":"tag-norway","26":"tag-nyheter","27":"tag-overskrifter","28":"tag-sanitetsforening","29":"tag-top-stories","30":"tag-topstories","31":"tag-trondheim","32":"tag-trondheim-kommune","33":"tag-vold-mot-kvinner","34":"tag-wall-of-feminism"},"share_on_mastodon":{"url":"https:\/\/pubeurope.com\/@no\/115819115010448074","error":""},"_links":{"self":[{"href":"https:\/\/www.europesays.com\/no\/wp-json\/wp\/v2\/posts\/126077","targetHints":{"allow":["GET"]}}],"collection":[{"href":"https:\/\/www.europesays.com\/no\/wp-json\/wp\/v2\/posts"}],"about":[{"href":"https:\/\/www.europesays.com\/no\/wp-json\/wp\/v2\/types\/post"}],"author":[{"embeddable":true,"href":"https:\/\/www.europesays.com\/no\/wp-json\/wp\/v2\/users\/2"}],"replies":[{"embeddable":true,"href":"https:\/\/www.europesays.com\/no\/wp-json\/wp\/v2\/comments?post=126077"}],"version-history":[{"count":0,"href":"https:\/\/www.europesays.com\/no\/wp-json\/wp\/v2\/posts\/126077\/revisions"}],"wp:featuredmedia":[{"embeddable":true,"href":"https:\/\/www.europesays.com\/no\/wp-json\/wp\/v2\/media\/126078"}],"wp:attachment":[{"href":"https:\/\/www.europesays.com\/no\/wp-json\/wp\/v2\/media?parent=126077"}],"wp:term":[{"taxonomy":"category","embeddable":true,"href":"https:\/\/www.europesays.com\/no\/wp-json\/wp\/v2\/categories?post=126077"},{"taxonomy":"post_tag","embeddable":true,"href":"https:\/\/www.europesays.com\/no\/wp-json\/wp\/v2\/tags?post=126077"}],"curies":[{"name":"wp","href":"https:\/\/api.w.org\/{rel}","templated":true}]}}