{"id":126083,"date":"2026-01-01T09:29:07","date_gmt":"2026-01-01T09:29:07","guid":{"rendered":"https:\/\/www.europesays.com\/no\/126083\/"},"modified":"2026-01-01T09:29:07","modified_gmt":"2026-01-01T09:29:07","slug":"naturfotografen-deler-sine-beste-tips","status":"publish","type":"post","link":"https:\/\/www.europesays.com\/no\/126083\/","title":{"rendered":"Naturfotografen deler sine beste tips"},"content":{"rendered":"<p>Saken oppsummert: <\/p>\n<p>\u2022 Fotograf Christopher Fornebo deltok i NRK-serien \u00abEkspedisjonen\u00bb, hvor m\u00e5let var \u00e5 bestige Denali, verdens kaldeste fjell. <br \/>\u2022 Ekspedisjonen ble avbrutt p\u00e5 grunn av utfordrende forhold som ekstrem kulde (30-40 minusgrader) og h\u00f8yde (6190 meter). <br \/>\u2022 Fornebo delte tre tips for \u00e5 ta gode mobilbilder p\u00e5 tur: bruk mobilkameraet du har, eksperimenter med ulike linser, og rediger bildene for best resultat. <br \/>\u2022 P\u00e5 grunn av vekten p\u00e5 30 kilo med fotoutstyr og utfordrende forhold, m\u00e5tte deltakerne bruke actionkameraer og spesialutstyr som 360-graders kamera p\u00e5 stang. <br \/>\u2022 For \u00e5 sikre str\u00f8m til utstyret i kulden brukte teamet spesiallagde soveposer til batteriene og solcellepaneler fra USA. <br \/>\u2022 Fornebo planlegger \u00e5 gj\u00f8re et nytt fors\u00f8k p\u00e5 \u00e5 n\u00e5 toppen av Denali i fremtiden.<\/p>\n<p>Oppsummeringen er laget av en KI-tjeneste fra OpenAI. Innholdet er kvalitetssikret av NRKs journalister f\u00f8r publisering.<\/p>\n<p><strong>\u2013 Vi hadde en plan, og s\u00e5 begynte vi \u00e5 g\u00e5. Da skj\u00f8nte vi fort at det ble vanskelig.<\/strong><\/p>\n<p>Det sier Christopher Fornebo som var fotograf p\u00e5 NRK-serien \u00abEkspedisjonen\u00bb, der seks kjendiser og kamerafolk skulle bestige Denali, verdens kaldeste fjell.\n<\/p>\n<p><img decoding=\"async\"   src=\"data:image\/gif;base64,R0lGODlhAQABAIAAAAAAAP\/\/\/yH5BAEAAAAALAAAAAABAAEAAAIBRAA7\" loading=\"eager\" alt=\"En gruppe mennesker som poserer for et bilde med ski\" title=\"Foto: \u00d8yvind Nordahl N\u00e6ss \/ Strix \/ NRK\"\/><\/p>\n<p class=\"\">KLARE: Her er deltakerne p\u00e5 trening f\u00f8r avreise til Denali. Fra venstre: Tete Lidbom, Espen Nakstad, Harald R\u00f8nneberg, Anne Lindmo, Inga Str\u00fcmke og Hedvig Wessel <\/p>\n<p>Foto: \u00d8yvind Nordahl N\u00e6ss \/ Strix \/ NRK<\/p>\n<p><strong>Fornebo er en av Norges mest erfarne fotografer p\u00e5 norske turprogrammer &#8211; og har nesten 40 &laquo;71 grader nord&raquo;-prosjekter fra b\u00e5de i inn- og utland i sekken. <\/strong><\/p>\n<p>Men p\u00e5 Ekspedisjonen m\u00f8tte turf\u00f8lget <a href=\"https:\/\/www.nrk.no\/trondelag\/hedvig-wessel-fekk-hogdesjuke-pa-veg-mot-toppen-av-denali-1.17572995\" ec-id=\"pp:article:1.17572995\" ec-name=\"flere utfordringer\" rel=\"nofollow noopener\" target=\"_blank\">flere utfordringer<\/a> og m\u00e5tte til slutt avbryte ekspedisjonen p\u00e5 vei opp det 6190 meter h\u00f8ye fjellet.<\/p>\n<p><strong>For i 30-40 minusgrader og mange tusen h\u00f8ydemeter er det heller ikke like enkelt \u00e5 lage TV.<\/strong><\/p>\n<p>Hele serien kan <a href=\"https:\/\/tv.nrk.no\/serie\/ekspedisjonen\/sesong\/1\" ec-id=\"tv:series:ekspedisjonen\" ec-name=\"du se her\" rel=\"nofollow noopener\" target=\"_blank\">du se her<\/a>.<\/p>\n<p>TRAILER: Her kan du f\u00e5 en liten sniktitt p\u00e5 serien. Alt er n\u00e5 tilgjengelig p\u00e5 NRK TV. <\/p>\n<p>Slik tar du gode bilder i kulda<\/p>\n<p>Til daglig bruker Fornebo video- og fotokameraer til mangfoldige tusen kroner. Likevel drar han fram mobilkameraet titt og ofte p\u00e5 sine turer.<\/p>\n<p><strong>Som kjent er det ofte kameraet du har tilgjengelig som er det beste.<\/strong><\/p>\n<p>\u2013 Jeg elsker at kameraene p\u00e5 mobilene har blitt s\u00e5 bra, sier Fornebo.<\/p>\n<p>Han legger kjapt til at bildene ofte m\u00e5 redigeres litt, noe han enkelt gj\u00f8r p\u00e5 mobilen.<\/p>\n<ul>\n<li>Her er Fornebos tre tips til \u00e5 ta gode bilder p\u00e5 tur:<\/li>\n<\/ul>\n<p>    \u2190<\/p>\n<ul data-scroll-container=\"\" role=\"list\">\n<li><img alt=\"Bildet viser en sn\u00f8dekt leir med flere telt, sett gjennom \u00e5pningen av ett av teltene. Solen skinner klart over horisonten, mens lette skyer svever over landskapet. Sn\u00f8en ligger tykt p\u00e5 bakken, og det er spor etter utstyr i sn\u00f8en. Omgivelsene indikerer en h\u00f8yfjellssetting. (Bildebeskrivelsen er laget av en KI-tjeneste)\"  width=\"3840\" height=\"2160\" loading=\"lazy\"\/>\n<p>\n        Christopher Fornebo \/ Privat\n      <\/p>\n<p>1. Jobb med flere lag<\/p>\n<p>Christopher Fornebo anbefaler \u00e5 jobbe i flere lag. Slik som p\u00e5 dette bildet har han tre lag. <\/p>\n<p>I dette bildet ser du litt av hans eget telt i forgrunnen som rammer inn bildet. <\/p>\n<p>\u2013 Det syns jeg gj\u00f8r bildet mye mer spennende. <\/p>\n<\/li>\n<li><img alt=\"I bildet ser vi en gruppe klatrere i sn\u00f8dekket terreng, trolig p\u00e5 en h\u00f8yde. En av klatrerne, if\u00f8rt hjelm og solbriller, smiler mot kamera mens han holder en isplog. Bak ham er flere klatrere synlige, som s\u00f8rger for \u00e5 feste tauene sine i sn\u00f8en. Omgivelsene er preget av bratt fjellside og overskyet himmel, som gir en dramatisk bakgrunn til scenen. (Bildebeskrivelsen er laget av en KI-tjeneste)\"  width=\"3840\" height=\"2160\" loading=\"lazy\"\/>\n<p>\n        Christopher Fornebo \/ Privat\n      <\/p>\n<p>2. Hold mobilen varm<\/p>\n<p>Christoffer har litt erfaring med batteriers svakhet i kulden, og mobilen er ikke noe unntak. <\/p>\n<p>Det er lett \u00e5 se for seg situasjonen hvor man skal ta det perfekte bildet, men s\u00e5 er mobilen tom for str\u00f8m. <\/p>\n<p>\u2013 Det tror jeg alle har opplevd. <\/p>\n<p>Derfor anbefaler Christoffer \u00e5 ha den tett inn til kroppen, og ikke i ytterste lag p\u00e5 skalljakka.<\/p>\n<\/li>\n<li><img alt=\"Bildet viser en person if\u00f8rt en bl\u00e5 jakke med oransje detaljer, st\u00e5ende p\u00e5 en h\u00f8yere fjelltoppe. Bakgrunnen best\u00e5r av sn\u00f8dekte fjell under en klar, bl\u00e5 himmel. Det ser ut til \u00e5 v\u00e6re sollys som skinner, noe som indikerer gode v\u00e6rforhold. Omr\u00e5det viser natur med skyer i det fjerne, som bidrar til den alpine konteksten. (Bildebeskrivelsen er laget av en KI-tjeneste)\"  width=\"3840\" height=\"2160\" loading=\"lazy\"\/>\n<p>\n        Christopher Fornebo \/ Privat\n      <\/p>\n<p>3. Bruk nesa!<\/p>\n<p>Er det kaldt ute handler det om \u00e5 verne huden mot kulde, forklarer Fornebo. <\/p>\n<p>Han sier at det ikke er verdt \u00e5 eksponere huden p\u00e5 hendene for det perfekte bildet i mange minusgrader.\u00a0 <\/p>\n<p>\u2013 Nesa bruker jeg mye. <\/p>\n<p>Da f\u00e5r du likevel tatt det perfekte bildet, med nesetippen! <\/p>\n<\/li>\n<\/ul>\n<p>\u2192<\/p>\n<p>Fornebo har en mobil med tre kameraer og oppfordrer til \u00e5 eksperimentere med dem alle.<\/p>\n<p>Spesielt n\u00e5r man st\u00e5r p\u00e5 toppen av et fjell, for hvem har ikke opplevd at bildet ikke blir like fint som i virkeligheten?<\/p>\n<p>\u2013 Her m\u00e5 man bare pr\u00f8ve seg frem.<\/p>\n<p><img decoding=\"async\"   src=\"data:image\/gif;base64,R0lGODlhAQABAIAAAAAAAP\/\/\/yH5BAEAAAAALAAAAAABAAEAAAIBRAA7\" loading=\"eager\" alt=\"Et videokamera st\u00e5r p\u00e5 et stativ i sn\u00f8dekt landskap, med sn\u00f8drifter i forgrunnen. I bakgrunnen kan man se fjelltopper som stiger opp over en snerik bakgrunn. Lyset er klart, og himmelen er delvis skyet. Oppsettet antyder at kameraet er klar for filming av det omkringliggende landskapet. (Bildebeskrivelsen er laget av en KI-tjeneste)\" title=\"Foto: Christopher Fornebo \/ Privat\"\/><\/p>\n<p class=\"\">BILDET: Det kan v\u00e6re greit \u00e5 ha et ekstra mobilkamera n\u00e5r man skal ta bilde av kameraet. <\/p>\n<p>Foto: Christopher Fornebo \/ Privat<\/p>\n<p>Tursekk og en ekstra 30 kilo<\/p>\n<p>Men p\u00e5 Ekspedisjonen var det mye mer enn mobilen som skulle pakkes av fotoutstyr.<\/p>\n<p><strong>Fornebo ansl\u00e5r at bare utstyret hans veide 30 kilo i tillegg til alt han m\u00e5tte ha med seg av vanlig turutstyr.<\/strong><\/p>\n<p>P\u00e5 vei opp fjellet m\u00e5tte deltagerne g\u00e5 p\u00e5 en linje med et tau i h\u00e5nden, s\u00e5kalt taulag.<\/p>\n<p><strong>\u2013 Det gjorde det utfordrende \u00e5 komme tett p\u00e5 deltakerne.<\/strong><\/p>\n<p>Dermed endte de opp med \u00e5 dele ut actionkamera til alle deltagerne slik at de kunne filme seg selv.<\/p>\n<p><img decoding=\"async\"   src=\"data:image\/gif;base64,R0lGODlhAQABAIAAAAAAAP\/\/\/yH5BAEAAAAALAAAAAABAAEAAAIBRAA7\" loading=\"eager\" alt=\"Gruppen av klatrere traverserer en sn\u00f8dekt isbre, if\u00f8rt fott\u00f8y og sekk. De trekker sledder med utstyr bak seg, mens fjellene reiser seg i bakgrunnen. Noen av deltakerne b\u00e6rer klatreutstyr og staver for stabilitet. V\u00e6ret er klart, noe som gir god sikt over det arktiske landskapet. (Bildebeskrivelsen er laget av en KI-tjeneste)\" title=\"Foto: NRK TV\"\/><\/p>\n<p class=\"\">TAULAG: Hele produksjonen m\u00e5tte g\u00e5 i taulag. <\/p>\n<p>Foto: NRK TV<\/p>\n<p>For \u00e5 slippe \u00e5 g\u00e5 hele turen flere ganger i etapper opp og ned, tok kameramannen \u00e5 plantet et kamera i sn\u00f8en. Siste mann p\u00e5 rekken plukket med seg kameraet igjen.<\/p>\n<p>Det var heller ikke mulig \u00e5 filme med drone p\u00e5 turen.<\/p>\n<p>Derfor gikk Fornebo rundt med en fem meter lang stang som hadde p\u00e5montert et 360-graders kamera.<\/p>\n<p><img decoding=\"async\"   src=\"data:image\/gif;base64,R0lGODlhAQABAIAAAAAAAP\/\/\/yH5BAEAAAAALAAAAAABAAEAAAIBRAA7\" loading=\"eager\" alt=\"To personer klatrer oppover en smal tinde dekket av sn\u00f8. Den ene personen b\u00e6rer en stor ryggsekk, mens den andre f\u00f8lger mot toppen. I bakgrunnen er det sn\u00f8dekte fjell og en klar bl\u00e5 himmel. Solen skinte sterkt over dem, og skyene dekker dalene under. (Bildebeskrivelsen er laget av en KI-tjeneste)\" title=\"Foto: Christopher Fornebo \/ Privat\"\/><\/p>\n<p class=\"\">TELESKOP: Christopher Fornebo gikk rundt med en lang pinne i h\u00e5nden. Dette bildet er tatt fra teleskopstanga. \u00a0Fornebo er en Norges mest erfarne fotografer p\u00e5 norske turprogrammer, og kan skilte med hele 37 produksjoner av 71 grader nord.<\/p>\n<p>Foto: Christopher Fornebo \/ Privat<\/p>\n<p>Spesiallaget varmepose<\/p>\n<p>Det \u00e5 ha str\u00f8m p\u00e5 alt fotoutstyret viste seg \u00e5 bli vanskelig for kamerafolkene, men fotografene kom forberedt.<\/p>\n<p>De gjorde to grep:<\/p>\n<ul>\n<li>Spesiallaget sovepose for batteriene<\/li>\n<li>Solcellepanel, bestilt fra USA.<\/li>\n<\/ul>\n<p>    <img alt=\"Bilde viser en oppsamling av utstyr og soveposer i ulike farger inne i et telt. Det er synlige ledninger og elektronisk utstyr, inkludert en skjerm og lader. R\u00f8de, oransje, gule og bl\u00e5 soveposer ligger lagvis. Innredningen gir inntrykk av et arbeidsomr\u00e5de for friluftsliv eller ekspedisjon. (Bildebeskrivelsen er laget av en KI-tjeneste)\"  loading=\"lazy\"\/><img alt=\"Bildet viser en leir med flere telt plassert p\u00e5 sn\u00f8dekket underlag. Et gr\u00f8nt telt med solcellepaneler er i forgrunnen, mens r\u00f8de og svarte telt er synlige i bakgrunnen. Omgivelsene preges av sn\u00f8dekte fjellsider og en klar bl\u00e5 himmel. Det er tegn p\u00e5 aktivitet i omr\u00e5det, men ingen personer er synlige i bildet. (Bildebeskrivelsen er laget av en KI-tjeneste)\"  loading=\"lazy\"\/><\/p>\n<p>Her ser du en spesiallaget sovepose til elektronikken og et 1,2 kilos solcellepanel. Med det sterke sollyset ble alt ladet opp p\u00e5 noen timer. <\/p>\n<p>Foto: Christopher Fornebo<\/p>\n<p>For fotografen hadde Nord-Amerikas h\u00f8yeste punkt v\u00e6rt en dr\u00f8m i mange \u00e5r.<\/p>\n<p>\u2013 Det var veldig enkelt \u00e5 si ja til det n\u00e5r sp\u00f8rsm\u00e5let kom, forteller Fornebo.<\/p>\n<p>Men dr\u00f8mmen om \u00e5 n\u00e5 toppen av Denali ble aldri oppfylt.<\/p>\n<p>Selv om han mener at det er forberedelsene og veien opp som er den viktigste delen av turen, har han ikke lagt fra seg dr\u00f8mmen om \u00e5 n\u00e5 toppen.<\/p>\n<p>Han bare m\u00e5 tilbake, trolig allerede neste \u00e5r.<\/p>\n<p><img decoding=\"async\"   src=\"data:image\/gif;base64,R0lGODlhAQABAIAAAAAAAP\/\/\/yH5BAEAAAAALAAAAAABAAEAAAIBRAA7\" loading=\"eager\" alt=\"To personer g\u00e5r p\u00e5 en sn\u00f8dekt fjellside med bratte skr\u00e5ninger i bakgrunnen. Den ene personen drar p\u00e5 en slede, mens den andre tar bilder. Begge er if\u00f8rt passende fjellutstyr, inkludert varme kl\u00e6r og klatreutstyr. Det er klart v\u00e6r med noen skyer i horisonten. (Bildebeskrivelsen er laget av en KI-tjeneste)\" title=\"Foto: Christopher Fornebo \/ Privat\"\/><\/p>\n<p class=\"\">RETUR: Christopher Fornebo dr\u00f8mmer om \u00e5 bestige Denali, n\u00e5 planlegger han en ny tur. <\/p>\n<p>Foto: Christopher Fornebo \/ Privat<\/p>\n<p>Publisert<\/p>\n<p>01.01.2026, kl. 09.25<\/p>\n","protected":false},"excerpt":{"rendered":"Saken oppsummert: \u2022 Fotograf Christopher Fornebo deltok i NRK-serien \u00abEkspedisjonen\u00bb, hvor m\u00e5let var \u00e5 bestige Denali, verdens kaldeste&hellip;\n","protected":false},"author":2,"featured_media":126084,"comment_status":"","ping_status":"","sticky":false,"template":"","format":"standard","meta":{"footnotes":""},"categories":[10],"tags":[20,21,24,25,15,22,23,13,30,28,29,14,16,26,27],"class_list":{"0":"post-126083","1":"post","2":"type-post","3":"status-publish","4":"format-standard","5":"has-post-thumbnail","7":"category-norge","8":"tag-breaking-news","9":"tag-breakingnews","10":"tag-featured-news","11":"tag-featurednews","12":"tag-headlines","13":"tag-latest-news","14":"tag-latestnews","15":"tag-news","16":"tag-no","17":"tag-norge","18":"tag-norway","19":"tag-nyheter","20":"tag-overskrifter","21":"tag-top-stories","22":"tag-topstories"},"share_on_mastodon":{"url":"https:\/\/pubeurope.com\/@no\/115819142385095874","error":""},"_links":{"self":[{"href":"https:\/\/www.europesays.com\/no\/wp-json\/wp\/v2\/posts\/126083","targetHints":{"allow":["GET"]}}],"collection":[{"href":"https:\/\/www.europesays.com\/no\/wp-json\/wp\/v2\/posts"}],"about":[{"href":"https:\/\/www.europesays.com\/no\/wp-json\/wp\/v2\/types\/post"}],"author":[{"embeddable":true,"href":"https:\/\/www.europesays.com\/no\/wp-json\/wp\/v2\/users\/2"}],"replies":[{"embeddable":true,"href":"https:\/\/www.europesays.com\/no\/wp-json\/wp\/v2\/comments?post=126083"}],"version-history":[{"count":0,"href":"https:\/\/www.europesays.com\/no\/wp-json\/wp\/v2\/posts\/126083\/revisions"}],"wp:featuredmedia":[{"embeddable":true,"href":"https:\/\/www.europesays.com\/no\/wp-json\/wp\/v2\/media\/126084"}],"wp:attachment":[{"href":"https:\/\/www.europesays.com\/no\/wp-json\/wp\/v2\/media?parent=126083"}],"wp:term":[{"taxonomy":"category","embeddable":true,"href":"https:\/\/www.europesays.com\/no\/wp-json\/wp\/v2\/categories?post=126083"},{"taxonomy":"post_tag","embeddable":true,"href":"https:\/\/www.europesays.com\/no\/wp-json\/wp\/v2\/tags?post=126083"}],"curies":[{"name":"wp","href":"https:\/\/api.w.org\/{rel}","templated":true}]}}