{"id":126087,"date":"2026-01-01T09:36:09","date_gmt":"2026-01-01T09:36:09","guid":{"rendered":"https:\/\/www.europesays.com\/no\/126087\/"},"modified":"2026-01-01T09:36:09","modified_gmt":"2026-01-01T09:36:09","slug":"svenskekongen-samlet-alle-pa-nyttarshilsen","status":"publish","type":"post","link":"https:\/\/www.europesays.com\/no\/126087\/","title":{"rendered":"Svenskekongen samlet alle p\u00e5 nytt\u00e5rshilsen"},"content":{"rendered":"\n<p class=\"_lead_o9xde_2 _lead_xtcu6_50 layout-component text-serif-m layout-normal text-serif-l layout-component layout-wide layout-padded _wide_17hqh_1 layout-padded\">Den svenske kongefamilien \u00f8nsker godt nytt \u00e5r med sommerbilde. Norge og Sverige bruker mer formelle bilder.<\/p>\n<p><img alt=\"SAMLET: Bak f.v.: Prinsesse Madeleine, kronprinsesse Victoria, prins Daniel og prins Carl Philip. Midterste rad: Christopher O'Neill, prins Nicolas, prins Oscar, kong Carl Gustaf, dronning Silvia, prins Gabriel, prinsesse Estelle med prinsesse Ines og prinsesse Sofia. F\u00f8rste rad: prinsesse Leonore, prinsesse Adrienne, prins Alexander og prins Julian Foto: Sara Friberg \/ Kungliga Hovstaterna \/ TT Nyhetsbyr\u00e5n \/ NTB\" class=\"_image_qp4xg_65 layout-component layout-wide\" data-fullscreen- data-track-element-type=\"Article image fullscreen\" data-track-name=\"ImageFullscreen\" fetchpriority=\"high\" decoding=\"sync\" loading=\"eager\" height=\"1749\" itemprop=\"image\"  src=\"https:\/\/www.europesays.com\/no\/wp-content\/uploads\/2026\/01\/2f5f0952-0f29-47f2-9d4b-a4dad1026e18.png\"  style=\"object-position:0% 0%\" width=\"2303\"\/>SAMLET: Bak f.v.: Prinsesse Madeleine, kronprinsesse Victoria, prins Daniel og prins Carl Philip. Midterste rad: Christopher O&#8217;Neill, prins Nicolas, prins Oscar, kong Carl Gustaf, dronning Silvia, prins Gabriel, prinsesse Estelle med prinsesse Ines og prinsesse Sofia. F\u00f8rste rad: prinsesse Leonore, prinsesse Adrienne, prins Alexander og prins Julian Foto: Sara Friberg \/ Kungliga Hovstaterna \/ TT Nyhetsbyr\u00e5n \/ NTB<\/p>\n<ul aria-hidden=\"true\" class=\"_images_ntbth_112\">\n<li><a class=\"_link_ntbth_117\" href=\"https:\/\/www.vg.no\/forfatter\/catherine-gonsholt-ighanian\" style=\"z-index:1\" title=\"Catherine Gonsholt Ighanian\" rel=\"nofollow noopener\" target=\"_blank\"><img alt=\"Bilde av Catherine Gonsholt Ighanian\" class=\"_image_ntbth_93\" fetchpriority=\"low\" loading=\"lazy\" decoding=\"async\" itemprop=\"image\"  src=\"https:\/\/www.europesays.com\/no\/wp-content\/uploads\/2026\/01\/1767260168_325_72dca32d-ee6f-474c-a50e-72a9bb49f38a.jpeg\"  width=\"480\"\/><\/a><\/li>\n<\/ul>\n<p> Oppdatert torsdag 1. januar kl. 10:08    <\/p>\n<ul class=\"_list_o9xde_3 _list_64s2r_85 _unordered_o9xde_106 text-sans-m\">\n<li class=\"_item_o9xde_30\">Den svenske kongefamilien \u00f8nsker godt nytt\u00e5r med et sommerbilde tatt p\u00e5 Solliden Slott.<\/li>\n<li class=\"_item_o9xde_30\">Kong Carl Gustaf og dronning Silvia poserer med barn, svigerbarn og barnebarn.<\/li>\n<li class=\"_item_o9xde_30\">Prinsesse Estelle (13) holder prinsesse Ines (11 mdr.) p\u00e5 fanget.<\/li>\n<li class=\"_item_o9xde_30\">Norge og Sverige deler mer formelle nytt\u00e5rsbilder.<\/li>\n<\/ul>\n<p>Vis mer <\/p>\n<p class=\"_paragraph_o9xde_4 _paragraph_xtcu6_10 layout-component text-serif-m layout-normal text-serif-m layout-padded\">Kong Carl Gustaf (79) og dronning Silvia (82) sitter p\u00e5 gresset omgitt av barn, svigerbarn og barnebarn.<\/p>\n<p class=\"_paragraph_o9xde_4 _paragraph_xtcu6_10 layout-component text-serif-m layout-normal text-serif-m layout-padded\">Bildet er tatt foran lekestuen p\u00e5 ved Solliden Slott p\u00e5 \u00d6land sommeren 2025.<\/p>\n<p class=\"_paragraph_o9xde_4 _paragraph_xtcu6_10 layout-component text-serif-m layout-normal text-serif-m layout-padded\">\u00abGodt nytt\u00e5r!\u00bb, \u00f8nsker storfamilien b\u00e5de p\u00e5 Instagram og Facebook.<\/p>\n<p class=\"_paragraph_o9xde_4 _paragraph_xtcu6_10 layout-component text-serif-m layout-normal text-serif-m layout-padded\">Her f\u00e5r man nok en gang se prinsesse Estelle (13) holde sin lille kusine, prinsesse Ines (11 mdr.).<\/p>\n<p class=\"_paragraph_o9xde_4 _paragraph_xtcu6_10 layout-component text-serif-m layout-normal text-serif-m layout-padded\">I likhet med den \u00e5rlige <a href=\"https:\/\/www.vg.no\/rampelys\/i\/m06mrl\/prinsesse-estelle-poserte-med-kusinen\" data-track-element-type=\"Link\" data-track-id=\"link:m06mrl\" class=\"_link_o9xde_39\" rel=\"nofollow noopener\" target=\"_blank\">julefotograferingen<\/a> i desember, er det Estelle som har Ines i armene p\u00e5 det ganske s\u00e5 uformelle sommerbildet.<\/p>\n<p><img alt=\"Prinsesse Estelle og lille prinsesse Ines p\u00e5 Slottet i Stockholm i desember.  Foto: Jonas Ekstr\u00f6mer\/TT \/ TT Nyhetsbyr\u00e5n \/ NTB\" class=\"_image_qp4xg_65 layout-component layout-normal\" data-fullscreen- data-track-element-type=\"Article image fullscreen\" data-track-name=\"ImageFullscreen\" decoding=\"async\" loading=\"lazy\" height=\"2356\" itemprop=\"image\"  src=\"https:\/\/www.europesays.com\/no\/wp-content\/uploads\/2026\/01\/e84f120d-f089-433e-ad33-27164c506908.jpeg\"  style=\"object-position:0% 0%\" width=\"2846\"\/>Prinsesse Estelle og lille prinsesse Ines p\u00e5 Slottet i Stockholm i desember.  Foto: Jonas Ekstr\u00f6mer\/TT \/ TT Nyhetsbyr\u00e5n \/ NTB<\/p>\n<p class=\"_paragraph_o9xde_4 _paragraph_xtcu6_10 layout-component text-serif-m layout-normal text-serif-m layout-padded\">Prinsesse Ines Marie Lilian Silvia, som er hennes fulle navn, er prinsesse Sofia (41) og prins Carl Philips (46) fjerde barn. Hun ble f\u00f8dt i februar i fjor, og prinsesse Estelle er blant hennes fem faddere.<\/p>\n<p class=\"_paragraph_o9xde_4 _paragraph_xtcu6_10 layout-component text-serif-m layout-normal text-serif-m layout-padded\">Prinsesse Estelle p\u00e5 sin side, er eldste datter til kronprinsesse Victoria (48) og prins Daniel (52) \u2013 og med det nummer to i arverekken til den svenske tronen etter sin mor.<\/p>\n<p class=\"_paragraph_o9xde_4 _paragraph_xtcu6_10 layout-component text-serif-m layout-normal text-serif-m layout-padded\">Som fadder har prinsesse Estelle en spesiell rolle i Ines&#8217; liv.<\/p>\n<p class=\"_paragraph_o9xde_4 _paragraph_xtcu6_10 layout-component text-serif-m layout-normal text-serif-m layout-padded\">Hun skal hjelpe til med \u00e5 guide den lille prinsessen gjennom livet og v\u00e6re en st\u00f8tte n\u00e5r hun vokser opp.<\/p>\n<p class=\"_paragraph_o9xde_4 _paragraph_xtcu6_10 layout-component text-serif-m layout-normal text-serif-m layout-padded\">Blant Estelles egne faddere, er norske kronprins Haakon (52).<\/p>\n<p>Kongebilder<\/p>\n<p class=\"_paragraph_o9xde_4 _paragraph_xtcu6_10 layout-component text-serif-m layout-normal text-serif-m layout-padded\">Det norske kongehuset \u00f8nsker godt nytt\u00e5r med bilde av kong Harald (88) som holder <a href=\"https:\/\/www.vg.no\/nyheter\/i\/wrPJVA\/kongen-i-alvorstung-nyttaarstale-det-er-behov-for-akkurat-deg\" data-track-element-type=\"Link\" data-track-id=\"link:wrPJVA\" class=\"_link_o9xde_39\" rel=\"nofollow noopener\" target=\"_blank\">nytt\u00e5rstale<\/a> p\u00e5 Slottet.<\/p>\n<p class=\"_paragraph_o9xde_4 _paragraph_xtcu6_10 layout-component text-serif-m layout-normal text-serif-m layout-padded\">Kongen minnet oss om verdien av fellesskap, takknemlighet og hverdagsdemokratiet, og om viktigheten av \u00e5 velge det gode, engasjere oss og ta vare p\u00e5 hverandre i en urolig tid. <\/p>\n<p><img alt=\"En alvorspreget Kong Harald p\u00e5 det offisielle nytt\u00e5rsbildet.  Foto: Cornelius Poppe \/ NTB\" class=\"_image_qp4xg_65 layout-component layout-normal\" data-fullscreen- data-track-element-type=\"Article image fullscreen\" data-track-name=\"ImageFullscreen\" decoding=\"async\" loading=\"lazy\" height=\"1350\" itemprop=\"image\"  src=\"https:\/\/www.europesays.com\/no\/wp-content\/uploads\/2026\/01\/018baa9f-1789-452f-bfb3-a10c640db897.jpeg\"  style=\"object-position:0% 0%\" width=\"1080\"\/>En alvorspreget Kong Harald p\u00e5 det offisielle nytt\u00e5rsbildet.  Foto: Cornelius Poppe \/ NTB<\/p>\n<p class=\"_paragraph_o9xde_4 _paragraph_xtcu6_10 layout-component text-serif-m layout-normal text-serif-m layout-padded\">Ogs\u00e5 det danske kongehuset bruker bilde av kongen p\u00e5 sin nytt\u00e5rshilsen. <\/p>\n<p class=\"_paragraph_o9xde_4 _paragraph_xtcu6_10 layout-component text-serif-m layout-normal text-serif-m layout-padded\">Ogs\u00e5 kong Frederik (57) er avbildet under nytt\u00e5rstalen p\u00e5 Amalienborg Slott i K\u00f8benhavn \u2013 men han er blidere enn norskekongen.<\/p>\n<p class=\"_paragraph_o9xde_4 _paragraph_xtcu6_10 layout-component text-serif-m layout-normal text-serif-m layout-padded\">\u00abSorger og gleder g\u00e5r h\u00e5nd i h\u00e5nd. Noen dager f\u00f8les tunge og snegler seg av g\u00e5rde, mens andre er lette som en lek og forsvinner nesten f\u00f8r de har begynt. Livets toneart og tempo svinger opp og ned. Livets skiftninger er en del av det \u00e5 v\u00e6re menneske\u00bb, sa danskekongen i sin tale.<\/p>\n<p><img alt=\"Kong Frederik poserer smilende for nytt\u00e5rshilsen.  Foto: Kongehuset\" class=\"_image_qp4xg_65 layout-component layout-normal\" data-fullscreen- data-track-element-type=\"Article image fullscreen\" data-track-name=\"ImageFullscreen\" decoding=\"async\" loading=\"lazy\" height=\"1439\" itemprop=\"image\"  src=\"https:\/\/www.europesays.com\/no\/wp-content\/uploads\/2026\/01\/ca190b52-ac52-42b4-90d6-f8b694484d94.jpeg\"  style=\"object-position:0% 0%\" width=\"1080\"\/>Kong Frederik poserer smilende for nytt\u00e5rshilsen.  Foto: Kongehuset<\/p>\n<p class=\"_paragraph_o9xde_4 _paragraph_xtcu6_10 layout-component text-serif-m layout-normal text-serif-m layout-padded\"><strong class=\"_strong_o9xde_25\">Se kong Harald holde sin tale her:<\/strong><\/p>\n<p class=\"_paragraph_o9xde_4 _paragraph_xtcu6_10 layout-component text-serif-m layout-normal text-serif-m layout-padded\"><strong class=\"_strong_o9xde_25\">Tilbakeblikk p\u00e5 svenskekongens navneflause da han skulle informere om navnet til sitt yngste barnebarn \u2013 se VGTV:<\/strong><\/p>\n<p>Les ogs\u00e5<\/p>\n","protected":false},"excerpt":{"rendered":"Den svenske kongefamilien \u00f8nsker godt nytt \u00e5r med sommerbilde. Norge og Sverige bruker mer formelle bilder. SAMLET: Bak&hellip;\n","protected":false},"author":2,"featured_media":126088,"comment_status":"","ping_status":"","sticky":false,"template":"","format":"standard","meta":{"footnotes":""},"categories":[10],"tags":[20,21,24,25,15,7424,4479,22,23,13,30,28,29,14,16,1359,26,27],"class_list":{"0":"post-126087","1":"post","2":"type-post","3":"status-publish","4":"format-standard","5":"has-post-thumbnail","7":"category-norge","8":"tag-breaking-news","9":"tag-breakingnews","10":"tag-featured-news","11":"tag-featurednews","12":"tag-headlines","13":"tag-kong-carl-gustaf","14":"tag-kongelige","15":"tag-latest-news","16":"tag-latestnews","17":"tag-news","18":"tag-no","19":"tag-norge","20":"tag-norway","21":"tag-nyheter","22":"tag-overskrifter","23":"tag-sverige","24":"tag-top-stories","25":"tag-topstories"},"share_on_mastodon":{"url":"https:\/\/pubeurope.com\/@no\/115819169969319531","error":""},"_links":{"self":[{"href":"https:\/\/www.europesays.com\/no\/wp-json\/wp\/v2\/posts\/126087","targetHints":{"allow":["GET"]}}],"collection":[{"href":"https:\/\/www.europesays.com\/no\/wp-json\/wp\/v2\/posts"}],"about":[{"href":"https:\/\/www.europesays.com\/no\/wp-json\/wp\/v2\/types\/post"}],"author":[{"embeddable":true,"href":"https:\/\/www.europesays.com\/no\/wp-json\/wp\/v2\/users\/2"}],"replies":[{"embeddable":true,"href":"https:\/\/www.europesays.com\/no\/wp-json\/wp\/v2\/comments?post=126087"}],"version-history":[{"count":0,"href":"https:\/\/www.europesays.com\/no\/wp-json\/wp\/v2\/posts\/126087\/revisions"}],"wp:featuredmedia":[{"embeddable":true,"href":"https:\/\/www.europesays.com\/no\/wp-json\/wp\/v2\/media\/126088"}],"wp:attachment":[{"href":"https:\/\/www.europesays.com\/no\/wp-json\/wp\/v2\/media?parent=126087"}],"wp:term":[{"taxonomy":"category","embeddable":true,"href":"https:\/\/www.europesays.com\/no\/wp-json\/wp\/v2\/categories?post=126087"},{"taxonomy":"post_tag","embeddable":true,"href":"https:\/\/www.europesays.com\/no\/wp-json\/wp\/v2\/tags?post=126087"}],"curies":[{"name":"wp","href":"https:\/\/api.w.org\/{rel}","templated":true}]}}