{"id":126092,"date":"2026-01-01T09:57:21","date_gmt":"2026-01-01T09:57:21","guid":{"rendered":"https:\/\/www.europesays.com\/no\/126092\/"},"modified":"2026-01-01T09:57:21","modified_gmt":"2026-01-01T09:57:21","slug":"vold-fyrverkeri-og-uro-preget-nyttarsfeiringen-flere-steder-i-landet","status":"publish","type":"post","link":"https:\/\/www.europesays.com\/no\/126092\/","title":{"rendered":"Vold, fyrverkeri og uro preget nytt\u00e5rsfeiringen flere steder i landet"},"content":{"rendered":"\n<p data-testid=\"textWithMarkup-text\" data-v-81d7dc2b=\"\" data-v-62d58f52=\"\">Ved 6-tiden p\u00e5 morgenen 1. januar er det ikke kommet meldinger om alvorlige fyrverkeriulykker. <\/p>\n<p data-testid=\"textWithMarkup-text\" data-v-81d7dc2b=\"\" data-v-62d58f52=\"\">Sakene NTB har f\u00e5tt vite om handler stort sett om vold, farlig bruk av fyrverkeri og skadeverk.<\/p>\n<p data-testid=\"textWithMarkup-text\" data-v-81d7dc2b=\"\" data-v-62d58f52=\"\">I Oslo ble en mann knivstukket i sentrum. To menn i 20-\u00e5rene er p\u00e5grepet og siktet for grov kroppsskade, opplyser politiet.<\/p>\n<p data-testid=\"textWithMarkup-text\" data-v-81d7dc2b=\"\" data-v-62d58f52=\"\">Mannen tok selv kontakt med politiet og opplyste at han var knivstukket i magen. Han ble fraktet til sykehus av politiet. Skadegraden er ikke kjent.<\/p>\n<p>Elektrosjokkv\u00e5pen mot ten\u00e5ring i Dr\u00f8bak<\/p>\n<p data-testid=\"textWithMarkup-text\" data-v-81d7dc2b=\"\" data-v-62d58f52=\"\">I Lillestr\u00f8m ble en mann i slutten av 20-\u00e5rene funnet liggende p\u00e5 bakken ved jernbaneundergangen i S\u00f8rumsgata ved 3-tiden.<\/p>\n<p data-testid=\"textWithMarkup-text\" data-v-81d7dc2b=\"\" data-v-62d58f52=\"\">\u2013 Han hadde flere kutt i ansiktet, mulig skade p\u00e5 et \u00f8ye og flere knuste tenner, sier oppdragsleder Ronny Mangseth i \u00d8st politidistrikt.<\/p>\n<p data-testid=\"textWithMarkup-text\" data-v-81d7dc2b=\"\" data-v-62d58f52=\"\">Kort tid etter ble to menn i begynnelsen av 20-\u00e5rene p\u00e5grepet. Begge er siktet for kroppsskade.<\/p>\n<p data-testid=\"textWithMarkup-text\" data-v-81d7dc2b=\"\" data-v-62d58f52=\"\">I Dr\u00f8bak m\u00e5tte politiet ta i bruk elektrosjokkv\u00e5pen etter uroligheter i sentrum, der store grupper ungdom samlet seg og flere sl\u00e5sskamper ble stanset.<\/p>\n<p data-testid=\"textWithMarkup-text\" data-v-81d7dc2b=\"\" data-v-62d58f52=\"\">\u2013 Tidvis ble ogs\u00e5 politiet angrepet av flere personer, sier operasjonsleder H\u00e5kon Hatlen.<\/p>\n<p data-testid=\"textWithMarkup-text\" data-v-81d7dc2b=\"\" data-v-62d58f52=\"\">\u2013 P\u00e5 et tidspunkt ble det s\u00e5pass ubehagelig at vi m\u00e5tte bruke elektrosjokkv\u00e5pen mot en av ungdommene, sier Hatlen. Den aktuelle personen er under 18 \u00e5r.<\/p>\n<p>Fyrverkeri p\u00e5 bybanen<\/p>\n<p data-testid=\"textWithMarkup-text\" data-v-81d7dc2b=\"\" data-v-62d58f52=\"\">I Bergen ble en 13 \u00e5r gammel gutt stanset etter \u00e5 ha skutt fyrverkeri inne p\u00e5 en Bybanevogn p\u00e5 linje 2.<\/p>\n<p data-testid=\"textWithMarkup-text\" data-v-81d7dc2b=\"\" data-v-62d58f52=\"\">\u2013 Det ble mye r\u00f8yk, og passasjerene m\u00e5tte g\u00e5 av mens utlufting p\u00e5gikk, sier operasjonsleder Morten Rebnord.<\/p>\n<p data-testid=\"textWithMarkup-text\" data-v-81d7dc2b=\"\" data-v-62d58f52=\"\">Ingen personer ble meldt skadet. Gutten ble tatt med til barnevernsvakten.<\/p>\n<p data-testid=\"textWithMarkup-text\" data-v-81d7dc2b=\"\" data-v-62d58f52=\"\">I \u00c5lesund ble en mann i slutten av ten\u00e5rene funnet bevisstl\u00f8s p\u00e5 Hellebroa. Politiet opplyser at han skal ha blitt dyttet av en annen person. Mannen begynte \u00e5 komme til seg selv da han ble overtatt av ambulanse. Politiet har identifisert en mistenkt, som ikke var p\u00e5 stedet.<\/p>\n<p>Fyrverkeri i h\u00e5nden<\/p>\n<p data-testid=\"textWithMarkup-text\" data-v-81d7dc2b=\"\" data-v-62d58f52=\"\">I Mandal ble en person kj\u00f8rt til legevakt etter at fyrverkeri eksploderte i h\u00e5nden.<\/p>\n<p data-testid=\"textWithMarkup-text\" data-v-81d7dc2b=\"\" data-v-62d58f52=\"\">\u2013 Vedkommende fikk skader i fingrene og ble fraktet til legevakt for behandling, opplyser operasjonsleder Ole Robert Strandhagen i Agder politidistrikt.<\/p>\n<p data-testid=\"textWithMarkup-text\" data-v-81d7dc2b=\"\" data-v-62d58f52=\"\">Strandhagen skriver p\u00e5 politiloggen at politiet f\u00e5tt mange telefoner om uforsvarlig bruk av fyrverkeri i hele Agder, spesielt rundt midnatt. Det har kommet meldinger om folk som har skutt fyrverkeri mot folk og bygg, samt folk som har skutt opp fyrverkeri i forbudssonene i flere av byene i Agder. Politiet har ikke hatt kapasitet til \u00e5 rykke ut til alle disse meldingene.<\/p>\n<p data-testid=\"textWithMarkup-text\" data-v-81d7dc2b=\"\" data-v-62d58f52=\"\">Politiet etterforsker ogs\u00e5 et omfattende skadeverk ved Radisson Blu Mountain Resort p\u00e5 Beitost\u00f8len.<\/p>\n<p data-testid=\"textWithMarkup-text\" data-v-81d7dc2b=\"\" data-v-62d58f52=\"\">\u2013 En brannslange er tatt fram og vannet har rent utover en etasje og videre nedover i etasjene. Det ser ut til \u00e5 v\u00e6re utf\u00f8rt med vilje som et skadeverk, sier operasjonsleder Haagen L\u00f8vseth i Innlandet politidistrikt.<\/p>\n","protected":false},"excerpt":{"rendered":"Ved 6-tiden p\u00e5 morgenen 1. januar er det ikke kommet meldinger om alvorlige fyrverkeriulykker. Sakene NTB har f\u00e5tt&hellip;\n","protected":false},"author":2,"featured_media":126093,"comment_status":"","ping_status":"","sticky":false,"template":"","format":"standard","meta":{"footnotes":""},"categories":[10],"tags":[20,21,24,25,15,22,23,13,30,28,29,14,16,26,27],"class_list":{"0":"post-126092","1":"post","2":"type-post","3":"status-publish","4":"format-standard","5":"has-post-thumbnail","7":"category-norge","8":"tag-breaking-news","9":"tag-breakingnews","10":"tag-featured-news","11":"tag-featurednews","12":"tag-headlines","13":"tag-latest-news","14":"tag-latestnews","15":"tag-news","16":"tag-no","17":"tag-norge","18":"tag-norway","19":"tag-nyheter","20":"tag-overskrifter","21":"tag-top-stories","22":"tag-topstories"},"share_on_mastodon":{"url":"https:\/\/pubeurope.com\/@no\/115819252444735654","error":""},"_links":{"self":[{"href":"https:\/\/www.europesays.com\/no\/wp-json\/wp\/v2\/posts\/126092","targetHints":{"allow":["GET"]}}],"collection":[{"href":"https:\/\/www.europesays.com\/no\/wp-json\/wp\/v2\/posts"}],"about":[{"href":"https:\/\/www.europesays.com\/no\/wp-json\/wp\/v2\/types\/post"}],"author":[{"embeddable":true,"href":"https:\/\/www.europesays.com\/no\/wp-json\/wp\/v2\/users\/2"}],"replies":[{"embeddable":true,"href":"https:\/\/www.europesays.com\/no\/wp-json\/wp\/v2\/comments?post=126092"}],"version-history":[{"count":0,"href":"https:\/\/www.europesays.com\/no\/wp-json\/wp\/v2\/posts\/126092\/revisions"}],"wp:featuredmedia":[{"embeddable":true,"href":"https:\/\/www.europesays.com\/no\/wp-json\/wp\/v2\/media\/126093"}],"wp:attachment":[{"href":"https:\/\/www.europesays.com\/no\/wp-json\/wp\/v2\/media?parent=126092"}],"wp:term":[{"taxonomy":"category","embeddable":true,"href":"https:\/\/www.europesays.com\/no\/wp-json\/wp\/v2\/categories?post=126092"},{"taxonomy":"post_tag","embeddable":true,"href":"https:\/\/www.europesays.com\/no\/wp-json\/wp\/v2\/tags?post=126092"}],"curies":[{"name":"wp","href":"https:\/\/api.w.org\/{rel}","templated":true}]}}