{"id":126096,"date":"2026-01-01T10:05:09","date_gmt":"2026-01-01T10:05:09","guid":{"rendered":"https:\/\/www.europesays.com\/no\/126096\/"},"modified":"2026-01-01T10:05:09","modified_gmt":"2026-01-01T10:05:09","slug":"nyheter-vaer-bergen-vaknet-opp-til-dette-bergensavisen","status":"publish","type":"post","link":"https:\/\/www.europesays.com\/no\/126096\/","title":{"rendered":"Nyheter, V\u00e6r | Bergen v\u00e5knet opp til dette &#8211; Bergensavisen"},"content":{"rendered":"<ol>\n<li><a href=\"https:\/\/news.google.com\/rss\/articles\/CBMia0FVX3lxTE9ZUTNYRnpTRXFWdzVEYkg0bThXV1Y1MmpiN1JXSTZOYUIwcVpjLUp1NFZteU9HV1o5RWFnYkYzc0hXZzNTbWZfdjJoQzNoR3hXejVBMVRsSnFQV1VPTEhRX0dDQzB4Z2xFVzZV?oc=5\" target=\"_blank\" rel=\"nofollow noopener\">Nyheter, V\u00e6r | Bergen v\u00e5knet opp til dette<\/a>&nbsp;&nbsp;Bergensavisen<\/li>\n<li><a href=\"https:\/\/news.google.com\/rss\/articles\/CBMifkFVX3lxTFBEWTdZRHdveUZzbXJBUTZwc0tYZEVRdl9PUERvUkNIOFBUUmVHbk1CLXZUVEdjTVN3OGs3bl9jR0NhZWlQMHhPTFhFbHk2OVhlLTY4ZmFPRFVCdjJYaUpvU3BXNDNMc3Q0Z1NKXzh5YVZRekF5U0VuZm1iQ29Jdw?oc=5\" target=\"_blank\" rel=\"nofollow noopener\">\u2013 Gj\u00f8r alt de kan for \u00e5 br\u00f8yte veiene<\/a>&nbsp;&nbsp;Bergens Tidende<\/li>\n<li><a href=\"https:\/\/news.google.com\/rss\/articles\/CBMihgFBVV95cUxQQlZYX21feThCUld3dmJmaDhIejdiNnpiZ0NNeWxCaHBoYWY2MlVQeFM5aEpBVU0yQ2otTWRJUkpnM0I5Mzc4bFFsSWRYUzBuaVY2UmhQM0lscjZVRGhQbWU3QVZzWWMyemt3al9aWEtCa1I2WmdVR0NOZFFlTndoeDNidUxXQQ?oc=5\" target=\"_blank\" rel=\"nofollow noopener\">Bybanen innstilt mellom Byparken og busstasjonen<\/a>&nbsp;&nbsp;Bergens Tidende<\/li>\n<li><a href=\"https:\/\/news.google.com\/rss\/articles\/CBMiggFBVV95cUxQd3dBaUlucXhIbzhWbUJTcHB1UU1LYmFyX25TeGpfNlI2TzNwTGdlWk91UEFxSVJpRWdxVi1WakJSVVNYZXJuNlppUjBjNFd3Z2N0NDV5RC1ZV0FwWU5BRWlyQ244T0wxT0Q5Mng1NXBEMnBFQ1NOb0dNVnI5VHhVWHNB?oc=5\" target=\"_blank\" rel=\"nofollow noopener\">Bergen v\u00e5knet til sn\u00f8: \u2013 Vil ligge til over helgen<\/a>&nbsp;&nbsp;Bergens Tidende<\/li>\n<li><a href=\"https:\/\/news.google.com\/rss\/articles\/CBMihgFBVV95cUxOZGM4NENnSXNjV1R2OVlDWlVmdEtId3BOam5QbUxZWC1VN0N3RktYNlR0VjZxOXJTTExwTEJSaWlwRHJLamVIemNGaXA0UFVhUlg3ZzJsdWc0Nm9uYjVYVlJBa2tMdElpdkZ3TThwX3N3Smwya3VfWXFLV0lHUWxrRFd4dWJnZw?oc=5\" target=\"_blank\" rel=\"nofollow noopener\">Glatte veier: \u2013 Utfordrende for saltebilene<\/a>&nbsp;&nbsp;Bergens Tidende<\/li>\n<\/ol>\n","protected":false},"excerpt":{"rendered":"Nyheter, V\u00e6r | Bergen v\u00e5knet opp til dette&nbsp;&nbsp;Bergensavisen \u2013 Gj\u00f8r alt de kan for \u00e5 br\u00f8yte veiene&nbsp;&nbsp;Bergens Tidende&hellip;\n","protected":false},"author":2,"featured_media":126097,"comment_status":"","ping_status":"","sticky":false,"template":"","format":"standard","meta":{"footnotes":""},"categories":[10],"tags":[20,21,24,25,15,22,23,13,30,28,29,14,16,26,27],"class_list":{"0":"post-126096","1":"post","2":"type-post","3":"status-publish","4":"format-standard","5":"has-post-thumbnail","7":"category-norge","8":"tag-breaking-news","9":"tag-breakingnews","10":"tag-featured-news","11":"tag-featurednews","12":"tag-headlines","13":"tag-latest-news","14":"tag-latestnews","15":"tag-news","16":"tag-no","17":"tag-norge","18":"tag-norway","19":"tag-nyheter","20":"tag-overskrifter","21":"tag-top-stories","22":"tag-topstories"},"share_on_mastodon":{"url":"https:\/\/pubeurope.com\/@no\/115819283895567842","error":""},"_links":{"self":[{"href":"https:\/\/www.europesays.com\/no\/wp-json\/wp\/v2\/posts\/126096","targetHints":{"allow":["GET"]}}],"collection":[{"href":"https:\/\/www.europesays.com\/no\/wp-json\/wp\/v2\/posts"}],"about":[{"href":"https:\/\/www.europesays.com\/no\/wp-json\/wp\/v2\/types\/post"}],"author":[{"embeddable":true,"href":"https:\/\/www.europesays.com\/no\/wp-json\/wp\/v2\/users\/2"}],"replies":[{"embeddable":true,"href":"https:\/\/www.europesays.com\/no\/wp-json\/wp\/v2\/comments?post=126096"}],"version-history":[{"count":0,"href":"https:\/\/www.europesays.com\/no\/wp-json\/wp\/v2\/posts\/126096\/revisions"}],"wp:featuredmedia":[{"embeddable":true,"href":"https:\/\/www.europesays.com\/no\/wp-json\/wp\/v2\/media\/126097"}],"wp:attachment":[{"href":"https:\/\/www.europesays.com\/no\/wp-json\/wp\/v2\/media?parent=126096"}],"wp:term":[{"taxonomy":"category","embeddable":true,"href":"https:\/\/www.europesays.com\/no\/wp-json\/wp\/v2\/categories?post=126096"},{"taxonomy":"post_tag","embeddable":true,"href":"https:\/\/www.europesays.com\/no\/wp-json\/wp\/v2\/tags?post=126096"}],"curies":[{"name":"wp","href":"https:\/\/api.w.org\/{rel}","templated":true}]}}