{"id":126098,"date":"2026-01-01T10:07:07","date_gmt":"2026-01-01T10:07:07","guid":{"rendered":"https:\/\/www.europesays.com\/no\/126098\/"},"modified":"2026-01-01T10:07:07","modified_gmt":"2026-01-01T10:07:07","slug":"premier-league-enzo-maresca-maresca-trolig-ferdig-i-chelsea","status":"publish","type":"post","link":"https:\/\/www.europesays.com\/no\/126098\/","title":{"rendered":"Premier League, Enzo Maresca | Maresca trolig ferdig i Chelsea"},"content":{"rendered":"\n<p>En avgj\u00f8relse vedr\u00f8rende italienerens fremtid kan bli tatt allerede torsdag, melder <a href=\"https:\/\/www.skysports.com\/football\/news\/11095\/13489172\/enzo-maresca-on-brink-at-chelsea-with-decision-on-head-coachs-future-expected-ahead-of-manchester-city-trip\" rel=\"Follow nofollow noopener\" target=\"_blank\">Sky Sports<\/a>.<\/p>\n<p>Det har oppst\u00e5tt store uenigheter mellom italieneren og deler av ledelsen i London-klubben, og resultatene den siste tiden har heller ikke v\u00e6rt tilfredsstillende.<\/p>\n<p>M\u00f8tte ikke p\u00e5 pressekonferanse<\/p>\n<p>Chelsea har kun vunnet \u00e9n av sine siste sju kamper i Premier League.<\/p>\n<p>Samtidig som Chelsea vurderer \u00e5 sparke Maresca, vurderer treneren selv \u00e5 trekke seg, og det hersker usikkerhet rundt ordlyden i en eventuell pressmelding om at partene skiller lag.<\/p>\n<p><b>Les ogs\u00e5: <a href=\"https:\/\/www.nettavisen.no\/sport\/forste-nyttarsdags-premier-league-rykter\/s\/5-95-2803677\" rel=\"Follow nofollow noopener\" target=\"_blank\">F\u00f8rste nytt\u00e5rsdagens Premier League-rykter<\/a><\/b><\/p>\n<p>Italieneren har i utgangspunktet kontrakt med Chelsea frem til sommeren 2029.<\/p>\n<p>Tirsdag uteble Maresca fra pressekonferansen etter 2-2 hjemme mot Bournemouth, noe som ogs\u00e5 ses p\u00e5 som et tegn p\u00e5 at ikke alt er som det skal p\u00e5 Stamford Bridge.<\/p>\n<p>Uttalelse vakte oppsikt<\/p>\n<p>F\u00f8r m\u00f8tet med Everton f\u00f8r jul kom Maresca med en uttalelse, som skapte store overskrifter i britiske medier.<\/p>\n<p>\u2013 De siste 48 timene har v\u00e6rt de t\u00f8ffeste siden jeg kom til klubben fordi s\u00e5 mange mennesker ikke har st\u00f8ttet meg og laget, sa Maresca.<\/p>\n<p>Det fikk Sky Sports-ekspert Jamie Carragher til \u00e5 reagere, og den tidligere Liverpool-spilleren uttalte at han ikke kan se for seg at Maresca er trener i Chelsea neste sesong.<\/p>\n<p>Enzo Maresca kom til Chelsea sommeren 2024 og ledet klubben til Conference League- og Club World Cup-triumf i fjor.<\/p>\n<p>Chelsea m\u00f8ter Manchester City p\u00e5 bortebane s\u00f8ndag \u2013 med eller uten Enzo Maresca p\u00e5 sidelinjen.<\/p>\n","protected":false},"excerpt":{"rendered":"En avgj\u00f8relse vedr\u00f8rende italienerens fremtid kan bli tatt allerede torsdag, melder Sky Sports. Det har oppst\u00e5tt store uenigheter&hellip;\n","protected":false},"author":2,"featured_media":126099,"comment_status":"","ping_status":"","sticky":false,"template":"","format":"standard","meta":{"footnotes":""},"categories":[59],"tags":[30,28,29,83,82],"class_list":{"0":"post-126098","1":"post","2":"type-post","3":"status-publish","4":"format-standard","5":"has-post-thumbnail","7":"category-sport","8":"tag-no","9":"tag-norge","10":"tag-norway","11":"tag-sport","12":"tag-sports"},"share_on_mastodon":{"url":"https:\/\/pubeurope.com\/@no\/115819291760954790","error":""},"_links":{"self":[{"href":"https:\/\/www.europesays.com\/no\/wp-json\/wp\/v2\/posts\/126098","targetHints":{"allow":["GET"]}}],"collection":[{"href":"https:\/\/www.europesays.com\/no\/wp-json\/wp\/v2\/posts"}],"about":[{"href":"https:\/\/www.europesays.com\/no\/wp-json\/wp\/v2\/types\/post"}],"author":[{"embeddable":true,"href":"https:\/\/www.europesays.com\/no\/wp-json\/wp\/v2\/users\/2"}],"replies":[{"embeddable":true,"href":"https:\/\/www.europesays.com\/no\/wp-json\/wp\/v2\/comments?post=126098"}],"version-history":[{"count":0,"href":"https:\/\/www.europesays.com\/no\/wp-json\/wp\/v2\/posts\/126098\/revisions"}],"wp:featuredmedia":[{"embeddable":true,"href":"https:\/\/www.europesays.com\/no\/wp-json\/wp\/v2\/media\/126099"}],"wp:attachment":[{"href":"https:\/\/www.europesays.com\/no\/wp-json\/wp\/v2\/media?parent=126098"}],"wp:term":[{"taxonomy":"category","embeddable":true,"href":"https:\/\/www.europesays.com\/no\/wp-json\/wp\/v2\/categories?post=126098"},{"taxonomy":"post_tag","embeddable":true,"href":"https:\/\/www.europesays.com\/no\/wp-json\/wp\/v2\/tags?post=126098"}],"curies":[{"name":"wp","href":"https:\/\/api.w.org\/{rel}","templated":true}]}}