{"id":126102,"date":"2026-01-01T10:13:17","date_gmt":"2026-01-01T10:13:17","guid":{"rendered":"https:\/\/www.europesays.com\/no\/126102\/"},"modified":"2026-01-01T10:13:17","modified_gmt":"2026-01-01T10:13:17","slug":"nyttarsaften-politi-vold-ved-bussterminalen","status":"publish","type":"post","link":"https:\/\/www.europesays.com\/no\/126102\/","title":{"rendered":"Nytt\u00e5rsaften, Politi | Vold ved bussterminalen"},"content":{"rendered":"\n<p>I Sarpsborg er det ikke meldt om branner eller alvorlige hendelser i l\u00f8pet av natten, men flere mindre hendelser:<\/p>\n<p><b>Klokken 23:45:<\/b> &#8211; mann i tyve\u00e5rene kj\u00f8res i arrest. Nektet \u00e5 etterkomme p\u00e5legg om \u00e5 dra hjem etter ordensforstyrrelser i sentrum, ble ogs\u00e5 fysisk mot politiet. Anmeldes. <\/p>\n<p><b>Klokken 00:15:<\/b> &#8211; mann i slutten av ten\u00e5rene p\u00e5gripes for vold mot minst to personer ved bussterminalen. Mulig flere forn\u00e6rmede, men ingen skal v\u00e6re alvorlig skadet. Uviss foranledning til volden. <\/p>\n<p><b>Klokken 01:55: <\/b>&#8211; mann i tyve\u00e5rene bortvist fra sentrum etter \u00e5 ha kommet med trusler mot vekterne p\u00e5 et utested. <\/p>\n<p><b>Klokken 03:14:<\/b> &#8211; mann i tyve\u00e5rene kj\u00f8rt i arresten for ikke \u00e5 ha etterkommet p\u00e5legg fra politiet. Forstyrret offentlig ro og orden i sentrum, og ble etter hvert utagerende. <\/p>\n<p>\u2013 Mange meldinger omhandlende uvettig bruk av fyrverkeri i byen, men dette hadde vi ikke kapasitet til \u00e5 f\u00f8lge opp, opplyser operasjonsleder H\u00e5kon Hatlen hos politiet.<\/p>\n<p>Fredrikstad<\/p>\n<p><b>Klokken 01:46<\/b> &#8211; mann i tyve\u00e5rene kj\u00f8res i arrest etter at han slo til en vekter p\u00e5 et av byens utesteder. Satte seg opp mot politiet og fors\u00f8kte \u00e5 bite politibetjentene. Anmeldes <\/p>\n<p><b>Klokken 01:49<\/b> &#8211; en kvinne og to menn er bortvist fra Cirkle K i Freskoveien etter \u00e5 ha g\u00e5tt l\u00f8s p\u00e5 s\u00f8ppeldunker og diverse skilt. Uvisst hvorfor s\u00e5dan atferd fant sted. <\/p>\n<p><b>Klokken 02:50<\/b> &#8211; gutt i ten\u00e5rene tatt for innbrudd p\u00e5 Coop Extra Kr\u00e5ker\u00f8y. Anmeldes, overtatt av mor og barnevernsvakta. Flere meldinger om uforsvarlig bruk av fyrverkeri, men dette hadde vi stort sett ikke kapasitet til \u00e5 sende patrulje p\u00e5.<\/p>\n<p>Moss<\/p>\n<p><b>Klokken 00:01<\/b> &#8211; en hekk p\u00e5 en privatadresse i Rygge tar fyr etter uforsiktig bruk av fyrverkeri. Politiet oppretter sak. <\/p>\n<p><b>Klokken 00:15<\/b> &#8211; utenlandskregistrert bil kj\u00f8rte i autovernet p\u00e5 E6 like f\u00f8r Solli. F\u00f8rer stakk av f\u00f8r politiet kom, ble ikke funnet. <\/p>\n<p><b>Klokken 01:40<\/b> &#8211; politiet kom over en stj\u00e5let bil p\u00e5 Jel\u00f8ya, og da det ble gitt tegn til at den skulle stanse valgte f\u00f8rer \u00e5 gi gass. Det tok derimot ikke lang tid f\u00f8r bilen skled p\u00e5 det glatte f\u00f8ret, og ferden endte da i gr\u00f8fta. Flere personer sprang fra kj\u00f8ret\u00f8yet, men s\u00f8k med drone og flere patruljer medf\u00f8rte ikke funn av disse. Bil tauet inn, sak opprettes. <\/p>\n<p><b>Klokken 01:43<\/b> &#8211; utagerende gjest p\u00e5 et av byens utesteder. Spyttet p\u00e5 vekter og mot politiet. Mannen i femti\u00e5rene ble kj\u00f8rt til arresten, anmeldes.<\/p>\n","protected":false},"excerpt":{"rendered":"I Sarpsborg er det ikke meldt om branner eller alvorlige hendelser i l\u00f8pet av natten, men flere mindre&hellip;\n","protected":false},"author":2,"featured_media":126103,"comment_status":"","ping_status":"","sticky":false,"template":"","format":"standard","meta":{"footnotes":""},"categories":[10],"tags":[36,20,21,24,25,15,22,23,13,30,28,29,14,13381,16,254,7106,1510,26,27],"class_list":{"0":"post-126102","1":"post","2":"type-post","3":"status-publish","4":"format-standard","5":"has-post-thumbnail","7":"category-norge","8":"tag-art","9":"tag-breaking-news","10":"tag-breakingnews","11":"tag-featured-news","12":"tag-featurednews","13":"tag-headlines","14":"tag-latest-news","15":"tag-latestnews","16":"tag-news","17":"tag-no","18":"tag-norge","19":"tag-norway","20":"tag-nyheter","21":"tag-nyttarsaften","22":"tag-overskrifter","23":"tag-politi","24":"tag-sarpsborg-sentrum","25":"tag-story","26":"tag-top-stories","27":"tag-topstories"},"share_on_mastodon":{"url":"https:\/\/pubeurope.com\/@no\/115819315397422013","error":""},"_links":{"self":[{"href":"https:\/\/www.europesays.com\/no\/wp-json\/wp\/v2\/posts\/126102","targetHints":{"allow":["GET"]}}],"collection":[{"href":"https:\/\/www.europesays.com\/no\/wp-json\/wp\/v2\/posts"}],"about":[{"href":"https:\/\/www.europesays.com\/no\/wp-json\/wp\/v2\/types\/post"}],"author":[{"embeddable":true,"href":"https:\/\/www.europesays.com\/no\/wp-json\/wp\/v2\/users\/2"}],"replies":[{"embeddable":true,"href":"https:\/\/www.europesays.com\/no\/wp-json\/wp\/v2\/comments?post=126102"}],"version-history":[{"count":0,"href":"https:\/\/www.europesays.com\/no\/wp-json\/wp\/v2\/posts\/126102\/revisions"}],"wp:featuredmedia":[{"embeddable":true,"href":"https:\/\/www.europesays.com\/no\/wp-json\/wp\/v2\/media\/126103"}],"wp:attachment":[{"href":"https:\/\/www.europesays.com\/no\/wp-json\/wp\/v2\/media?parent=126102"}],"wp:term":[{"taxonomy":"category","embeddable":true,"href":"https:\/\/www.europesays.com\/no\/wp-json\/wp\/v2\/categories?post=126102"},{"taxonomy":"post_tag","embeddable":true,"href":"https:\/\/www.europesays.com\/no\/wp-json\/wp\/v2\/tags?post=126102"}],"curies":[{"name":"wp","href":"https:\/\/api.w.org\/{rel}","templated":true}]}}