{"id":126108,"date":"2026-01-01T10:20:07","date_gmt":"2026-01-01T10:20:07","guid":{"rendered":"https:\/\/www.europesays.com\/no\/126108\/"},"modified":"2026-01-01T10:20:07","modified_gmt":"2026-01-01T10:20:07","slug":"mest-hektiske-nyttarsaften-pa-mange-ar-i-fredrikstad-med-omegn-fredriksstad-blad","status":"publish","type":"post","link":"https:\/\/www.europesays.com\/no\/126108\/","title":{"rendered":"Mest hektiske nytt\u00e5rsaften p\u00e5 mange \u00e5r i Fredrikstad med omegn &#8211; Fredriksstad Blad"},"content":{"rendered":"<ol>\n<li><a href=\"https:\/\/news.google.com\/rss\/articles\/CBMinAFBVV95cUxOOGxjVWw2Vk00MGR5d21RaVVEVm9xWTlwRDBWN1RMaXphdU1sMU5PRXItOVhPcU1hcXlvcHBieXdUckU3MmFkb3puY29HMU04X3JNWXR4dVdZWC1wZEpuczFudEtCRmFUYUFNcUZoeVEyMmdwQVlHN0hTZTEtbW5ySzktcHBuVlBFWGNKV0E2VzBocVAxMVlNbG9Lcno?oc=5\" target=\"_blank\" rel=\"nofollow noopener\">Mest hektiske nytt\u00e5rsaften p\u00e5 mange \u00e5r i Fredrikstad med omegn<\/a>&nbsp;&nbsp;Fredriksstad Blad<\/li>\n<li><a href=\"https:\/\/news.google.com\/rss\/articles\/CBMiqwFBVV95cUxNdXozOFo1X1BPU2NES3RfREtVcTVjT3B3LWhnX0h5US1Say1VV2FxbVdnMHZyNF85Rmt5WTh5dm9fTUY4cG1FV1c2NmJXQkp2TlFFV3kyaUUxcXpTQ3dLZXJ0aWpISHZXMm4yWHpfZmNtMHN3SC1QR3FieEVvbi05NV81Vy1aYnBzTmpBWWctM005X2VNaUtFbnJNYXFiYWQzYktkRklFaUZIT2s?oc=5\" target=\"_blank\" rel=\"nofollow noopener\">Sleit med \u00e5 rykke ut p\u00e5 alt: Knivstikking, knuste tenner og vold mot politiet<\/a>&nbsp;&nbsp;NRK<\/li>\n<li><a href=\"https:\/\/news.google.com\/rss\/articles\/CBMiigFBVV95cUxPZ0RISGdqaVF0ZWt1dV80M29VMkVfWE5EaFZ4WWtEY3ZnNklJZWhGeFZmREhmblhXZm9TYlMyTXFOdVlnbTR1QWRqQUJiTEplMndsSFNOMkxqVGxnM28ybEtCdUdIeV9HZEd0QUMxUjN0LWxaQ1ktSFNvdDNxZlliY05tb2dSYnc0Qmc?oc=5\" target=\"_blank\" rel=\"nofollow noopener\">Vold, fyrverkeri og kaos: Slik var nytt\u00e5rsnatta<\/a>&nbsp;&nbsp;TV2.no<\/li>\n<li><a href=\"https:\/\/news.google.com\/rss\/articles\/CBMigAFBVV95cUxOc2lYN0tYQ3RJQTNkeEhxZ1A3QXJEMHViOWkyaHkydVVGZUxjdkswVG1lWXJIVU1kVDdHWHRIXy16NE91OElMb2tVVmduRWM0M1pJMW1ocWs2dG5SeVN3cC1scm5qRmVacElzcjBBTXNiR2FHN2xmaTh6NG9pUmNSNA?oc=5\" target=\"_blank\" rel=\"nofollow noopener\">Mange oppdrag for politiet og brannvesenet<\/a>&nbsp;&nbsp;Avisa Oslo<\/li>\n<li><a href=\"https:\/\/news.google.com\/rss\/articles\/CBMiakFVX3lxTFBUMGU3VDdWcnBYcDExN2NET0Nnamdmb0J3LWVWOTJSYml4dHdwMDh6N0d6ZnYycHRTQzdOblhUWGltN0dDT1pGclFkbDlCNTRScEtwQ05Hd2hJR2JpZ2Y2a1EzYVVfNFZEUVE?oc=5\" target=\"_blank\" rel=\"nofollow noopener\">Politiet oppsummerer natta<\/a>&nbsp;&nbsp;Drammens Tidende<\/li>\n<\/ol>\n","protected":false},"excerpt":{"rendered":"Mest hektiske nytt\u00e5rsaften p\u00e5 mange \u00e5r i Fredrikstad med omegn&nbsp;&nbsp;Fredriksstad Blad Sleit med \u00e5 rykke ut p\u00e5 alt:&hellip;\n","protected":false},"author":2,"featured_media":126109,"comment_status":"","ping_status":"","sticky":false,"template":"","format":"standard","meta":{"footnotes":""},"categories":[10],"tags":[20,21,24,25,15,22,23,13,30,28,29,14,16,26,27],"class_list":{"0":"post-126108","1":"post","2":"type-post","3":"status-publish","4":"format-standard","5":"has-post-thumbnail","7":"category-norge","8":"tag-breaking-news","9":"tag-breakingnews","10":"tag-featured-news","11":"tag-featurednews","12":"tag-headlines","13":"tag-latest-news","14":"tag-latestnews","15":"tag-news","16":"tag-no","17":"tag-norge","18":"tag-norway","19":"tag-nyheter","20":"tag-overskrifter","21":"tag-top-stories","22":"tag-topstories"},"share_on_mastodon":{"url":"https:\/\/pubeurope.com\/@no\/115819342879659413","error":""},"_links":{"self":[{"href":"https:\/\/www.europesays.com\/no\/wp-json\/wp\/v2\/posts\/126108","targetHints":{"allow":["GET"]}}],"collection":[{"href":"https:\/\/www.europesays.com\/no\/wp-json\/wp\/v2\/posts"}],"about":[{"href":"https:\/\/www.europesays.com\/no\/wp-json\/wp\/v2\/types\/post"}],"author":[{"embeddable":true,"href":"https:\/\/www.europesays.com\/no\/wp-json\/wp\/v2\/users\/2"}],"replies":[{"embeddable":true,"href":"https:\/\/www.europesays.com\/no\/wp-json\/wp\/v2\/comments?post=126108"}],"version-history":[{"count":0,"href":"https:\/\/www.europesays.com\/no\/wp-json\/wp\/v2\/posts\/126108\/revisions"}],"wp:featuredmedia":[{"embeddable":true,"href":"https:\/\/www.europesays.com\/no\/wp-json\/wp\/v2\/media\/126109"}],"wp:attachment":[{"href":"https:\/\/www.europesays.com\/no\/wp-json\/wp\/v2\/media?parent=126108"}],"wp:term":[{"taxonomy":"category","embeddable":true,"href":"https:\/\/www.europesays.com\/no\/wp-json\/wp\/v2\/categories?post=126108"},{"taxonomy":"post_tag","embeddable":true,"href":"https:\/\/www.europesays.com\/no\/wp-json\/wp\/v2\/tags?post=126108"}],"curies":[{"name":"wp","href":"https:\/\/api.w.org\/{rel}","templated":true}]}}