{"id":126110,"date":"2026-01-01T10:22:46","date_gmt":"2026-01-01T10:22:46","guid":{"rendered":"https:\/\/www.europesays.com\/no\/126110\/"},"modified":"2026-01-01T10:22:46","modified_gmt":"2026-01-01T10:22:46","slug":"ytring-debatt-det-var-mye-bade-a-feire-og-klo-seg-i-hodet-over-i-2025","status":"publish","type":"post","link":"https:\/\/www.europesays.com\/no\/126110\/","title":{"rendered":"Ytring, Debatt | Det var mye b\u00e5de \u00e5 feire og kl\u00f8 seg i hodet over i 2025"},"content":{"rendered":"\n<p><b>2025 var \u00e5ret ordf\u00f8rer Odd Emil Ingebrigtsen <\/b>kom med en genial l\u00f8sning for \u00e5 unng\u00e5 nedleggelse av Bod\u00f8-skoler \u2026<\/p>\n<p>\u2026 som senere viste seg ikke \u00e5 v\u00e6re lov, slik at sparekniven m\u00e5tte frem likevel.<\/p>\n<p><b>2025 var \u00e5ret Jonas Gahr St\u00f8re<\/b> var d\u00f8mt til \u00e5 tape valget \u2026<\/p>\n<p>\u2026 men cruiset inn til seier uansett, takket v\u00e6re en finansminister med Nato-erfaring og et H\u00f8yre som hadde punktert p\u00e5 tre av fire hjul.<\/p>\n<p><b>2025 ble Sylvi Listhaugs beste<\/b> stortingsvalg \u2026<\/p>\n<p>\u2026 uten at det ga henne s\u00e6rlig mye mer makt enn hun hadde fra f\u00f8r.<\/p>\n<p><b>2025 ble \u00e5ret influenserne kastet seg<\/b> inn i valgkampen \u2026<\/p>\n<p>\u2026 for \u00e5 anbefale 18-\u00e5ringer \u2013 som uansett aldri ville f\u00e5tt det \u2013 om \u00e5 stemme mot formueskatten.<\/p>\n<p>  <a href=\"https:\/\/www.an.no\/5-4-2299297\" class=\"related-teaser has-image default-opinion-teaser article--c-eRUmMG article--c-eRUmMG-jKCPdD-design-default\" rel=\"nofollow noopener\" target=\"_blank\"><\/p>\n<p>    <img decoding=\"async\" loading=\"lazy\"  src=\"https:\/\/www.europesays.com\/no\/wp-content\/uploads\/2026\/01\/Gaza.jpg\" alt=\"\" class=\"brick-c-cFOWSL\" style=\"\"\/><\/p>\n<p>\n            Les ogs\u00e5<\/p>\n<p>              Det virkelige julemirakelet\n        <\/p>\n<p>  <\/a><\/p>\n<p><b>2025 var \u00e5ret varmerekorder <\/b>kom tett som hagl i S\u00f8r-Europa og deler av Asia \u2026<\/p>\n<p>\u2026 mens ekstreme, polare lavtrykk, regn og den sure vinden fortsatte ufort\u00f8dent i Salten.<\/p>\n<p><b>2025 var \u00e5ret Helse Nord-direkt\u00f8r<\/b> Marit Lind be tvunget til \u00e5 stilte opp p\u00e5 Debatten i NRK \u2026<\/p>\n<p>\u2026 for mange ganger \u00e5 gjenta: \u201cDette vil jeg ikke kommentere\u201d.<\/p>\n<p><b>2025 var \u00e5ret Parkenfestivalen <\/b>meldte at interessen var s\u00e5 dalende at de kom til \u00e5 legge ned \u00e5ret etter \u2026<\/p>\n<p>\u2026 men salget til den avsluttende festivalen gikk s\u00e5 det ljomet, selv uten \u00e5 ha annonsert \u00e9n eneste artist.<\/p>\n<p><b>2025 var \u00e5ret \u00c5ge Aleksandersen<\/b> hadde avskjedsturn\u00e9, etter mange \u00e5rs tro tjeneste innen musikk \u2026<\/p>\n<p>\u2026 for s\u00e5 \u00e5 dra p\u00e5 soloturn\u00e9 kort tid etter.<\/p>\n<p>  <a href=\"https:\/\/www.an.no\/5-4-2295705\" class=\"related-teaser has-image default-opinion-teaser article--c-eRUmMG article--c-eRUmMG-jKCPdD-design-default\" rel=\"nofollow noopener\" target=\"_blank\"><\/p>\n<p>    <img decoding=\"async\" loading=\"lazy\"  src=\"https:\/\/www.europesays.com\/no\/wp-content\/uploads\/2026\/01\/NTB__u-lDOkoliU_1.jpg\" alt=\"\" class=\"brick-c-cFOWSL\" style=\"\"\/><\/p>\n<p>\n            Les ogs\u00e5<\/p>\n<p>              Torsk p\u00e5 julaften blir som \u00e5 g\u00e5 p\u00e5 julegudstjenesten i sl\u00e5brok\n        <\/p>\n<p>  <\/a><\/p>\n<p><b>2025 var \u00e5ret opposisjonslederen i Venezuela,<\/b> Mar\u00eda Corina Machado, vant Nobels fredspris \u2026<\/p>\n<p>\u2026 og FIFA i panikk m\u00e5tte dikte opp Infantinos fredspris, for \u00e5 blidgj\u00f8re den selvopptatte lederen i ett av landene som skal arrangere fotball-VM.<\/p>\n<p><b>2025 var \u00e5ret grusomhetene i Gaza<\/b> n\u00e5dde et niv\u00e5 ingen tidligere trodde var mulig \u2026<\/p>\n<p>\u2026 og det senere ble forhandlet frem en v\u00e5penhvile, takket v\u00e6re innsatsen til historiens mest kl\u00f8nete statsmann.<\/p>\n<p><b>2025 var \u00e5ret Trump pr\u00f8vde <\/b>\u00e5 f\u00e5 Ukraina til \u00e5 g\u00e5 med p\u00e5 en fredsavtale hvor Russland fikk beholde alle delene av landet de hadde okkupert.<\/p>\n<p><b>2025 var \u00e5ret den historiske<\/b> grunnsteinen for den nye flyplassen ble lagt ned av samferdselsministeren, etter flere ti\u00e5r med planlegging \u2026<\/p>\n<p>\u2026 mens den gamle flyplassen m\u00e5tte stenge rullebanen helt, i perioder rundt stormene i januar og november.<\/p>\n<p><b>2025 var \u00e5ret Frode Thomassen<\/b> og Inge Henning Andersen fikk alle brikkene p\u00e5 plass for \u00e5 starte bygging av nytt Glimt-stadion \u2026<\/p>\n<p>\u2026 selv om kritiske r\u00f8ster ville ha det til at budsjettering med 25 \u00e5rs konstant spill i Europa var en smule optimistisk.<\/p>\n<p>  <a href=\"https:\/\/www.an.no\/5-4-2292276\" class=\"related-teaser has-image default-opinion-teaser article--c-eRUmMG article--c-eRUmMG-jKCPdD-design-default\" rel=\"nofollow noopener\" target=\"_blank\"><\/p>\n<p>    <img decoding=\"async\" loading=\"lazy\"  src=\"https:\/\/www.europesays.com\/no\/wp-content\/uploads\/2025\/12\/NTB_c1ZBuBlGjP4.jpg\" alt=\"\" class=\"brick-c-cFOWSL\" style=\"\"\/><\/p>\n<p>\n            Les ogs\u00e5<\/p>\n<p>              Julebordet er den skikkelig onde, utspekulerte og kjempefulle stebroren til helgefylla\n        <\/p>\n<p>  <\/a><\/p>\n<p><b>2025 var \u00e5ret Patrick Berg<\/b> var med og tok Norge til fotball-VM \u2026<\/p>\n<p>\u2026 selv om han der er forventet \u00e5 v\u00e6re setevarmer for Martin \u00d8degaard.<\/p>\n<p><b>2025 var \u00e5ret verden kastet seg over<\/b> KI-verkt\u00f8yene \u2026<\/p>\n<p>\u2026 for s\u00e5 \u00e5 oppdage at de var like lite til \u00e5 stole p\u00e5 som sladderet til nabokona.<\/p>\n<p><b>2025 var \u00e5ret da Glimt slo stats\u2019ene <\/b>fra gull\u00e5rene 2021, 2023 og 2024 \u2026<\/p>\n<p>\u2026 men fortsatt ikke klarte \u00e5 vinne Eliteserien.<\/p>\n<p><b>2025 var \u00e5ret Odd Eidner<\/b> pensjonerte seg som prost i Bod\u00f8 \u2026<\/p>\n<p>\u2026 men hanket med seg b\u00e5de Petter Dass-prisen og \u00c5rets Nordlending p\u00e5 vei ut.<\/p>\n<p><b>2025 var \u00e5ret Kjetil Knutsens kl\u00f8kt l\u00f8ftet Glimt<\/b> til nye h\u00f8yder i Europa, med semifinale i Europaligaen og kvalifisering til Champions League \u2026<\/p>\n<p>\u2026 men staheten hans \u2013 og hang etter \u00e5 bruke samme f\u00f8rsteellever uansett form \u2013 kostet dem seriegullet.<\/p>\n<p><b>2025 var \u00e5ret Glimt scoret mest<\/b> og slapp inn f\u00e6rrest m\u00e5l i Norge \u2026<\/p>\n<p>\u2026 men fortsatt ble snytt for den store feiringen.<\/p>\n<p><b>2026 blir \u00e5ret <\/b>Glimt vinner gull igjen.<\/p>\n<p>  <a href=\"https:\/\/www.an.no\/5-4-2289195\" class=\"related-teaser has-image default-opinion-teaser article--c-eRUmMG article--c-eRUmMG-jKCPdD-design-default\" rel=\"nofollow noopener\" target=\"_blank\"><\/p>\n<p>    <img decoding=\"async\" loading=\"lazy\"  src=\"https:\/\/www.europesays.com\/no\/wp-content\/uploads\/2025\/12\/1766790438_70_NTB_F5xG1GUOwrY.jpg\" alt=\"\" class=\"brick-c-cFOWSL\" style=\"\"\/><\/p>\n<p>\n            Les ogs\u00e5<\/p>\n<p>              Sjekk bunnlista \u2013 han tjener minst i Nordland\n        <\/p>\n<p>  <\/a><\/p>\n","protected":false},"excerpt":{"rendered":"2025 var \u00e5ret ordf\u00f8rer Odd Emil Ingebrigtsen kom med en genial l\u00f8sning for \u00e5 unng\u00e5 nedleggelse av Bod\u00f8-skoler&hellip;\n","protected":false},"author":2,"featured_media":126111,"comment_status":"","ping_status":"","sticky":false,"template":"","format":"standard","meta":{"footnotes":""},"categories":[59],"tags":[14839,36,37,30,28,29,14090,1533,83,82,963],"class_list":{"0":"post-126110","1":"post","2":"type-post","3":"status-publish","4":"format-standard","5":"has-post-thumbnail","7":"category-sport","8":"tag-arsoppsummering","9":"tag-art","10":"tag-debatt","11":"tag-no","12":"tag-norge","13":"tag-norway","14":"tag-nyttar","15":"tag-opinion","16":"tag-sport","17":"tag-sports","18":"tag-ytring"},"share_on_mastodon":{"url":"https:\/\/pubeurope.com\/@no\/115819354717705848","error":""},"_links":{"self":[{"href":"https:\/\/www.europesays.com\/no\/wp-json\/wp\/v2\/posts\/126110","targetHints":{"allow":["GET"]}}],"collection":[{"href":"https:\/\/www.europesays.com\/no\/wp-json\/wp\/v2\/posts"}],"about":[{"href":"https:\/\/www.europesays.com\/no\/wp-json\/wp\/v2\/types\/post"}],"author":[{"embeddable":true,"href":"https:\/\/www.europesays.com\/no\/wp-json\/wp\/v2\/users\/2"}],"replies":[{"embeddable":true,"href":"https:\/\/www.europesays.com\/no\/wp-json\/wp\/v2\/comments?post=126110"}],"version-history":[{"count":0,"href":"https:\/\/www.europesays.com\/no\/wp-json\/wp\/v2\/posts\/126110\/revisions"}],"wp:featuredmedia":[{"embeddable":true,"href":"https:\/\/www.europesays.com\/no\/wp-json\/wp\/v2\/media\/126111"}],"wp:attachment":[{"href":"https:\/\/www.europesays.com\/no\/wp-json\/wp\/v2\/media?parent=126110"}],"wp:term":[{"taxonomy":"category","embeddable":true,"href":"https:\/\/www.europesays.com\/no\/wp-json\/wp\/v2\/categories?post=126110"},{"taxonomy":"post_tag","embeddable":true,"href":"https:\/\/www.europesays.com\/no\/wp-json\/wp\/v2\/tags?post=126110"}],"curies":[{"name":"wp","href":"https:\/\/api.w.org\/{rel}","templated":true}]}}