{"id":126113,"date":"2026-01-01T10:27:18","date_gmt":"2026-01-01T10:27:18","guid":{"rendered":"https:\/\/www.europesays.com\/no\/126113\/"},"modified":"2026-01-01T10:27:18","modified_gmt":"2026-01-01T10:27:18","slug":"full-brems-i-antall-bedrifter-disse-lever-av-lidenskapen-sin-nrk-nordland","status":"publish","type":"post","link":"https:\/\/www.europesays.com\/no\/126113\/","title":{"rendered":"Full brems i antall bedrifter \u2013 disse lever av lidenskapen sin \u2013 NRK Nordland"},"content":{"rendered":"<p>Saken oppsummert<\/p>\n<ul>\n<li>Maria Skjemstad Tessem gjorde strikking fra hobby til hovedinntekt, men det var en risikofylt overgang.<\/li>\n<li>Antallet nyregistrerte bedrifter og enkeltmannsforetak har falt i 2025, med niv\u00e5er som ligner finanskrise\u00e5ret 2009.<\/li>\n<li>Andreas Nilsen p\u00e5peker at over 70 % av bedrifter legges ned innen fem \u00e5r, men oppfordrer til \u00e5 l\u00e6re av feil og pr\u00f8ve igjen.<\/li>\n<li>Malene Elfrid Ingrebrigsten gikk fra \u00e5 v\u00e6re matros til influenser og understreker viktigheten av \u00e5 fortsette til tross for utfordringer.<\/li>\n<\/ul>\n<p>Oppsummeringen er laget av en KI-tjeneste fra OpenAI. Innholdet er kvalitetssikret av NRKs journalister f\u00f8r publisering.<\/p>\n<p>\u2013 Jeg er en kreativ person s\u00e5 jeg synes det var g\u00f8y \u00e5 eksperimentere og pr\u00f8ve ut nye strikkeoppskrifter, sier Maria Skjemstad Tessem.<\/p>\n<p>Under pandemien l\u00e6rte hun seg \u00e5 strikke.<\/p>\n<p>Sykepleieren begynte etter hvert \u00e5 lage egne oppskrifter som hun solgte.<\/p>\n<p><strong>I august 2024 gikk Tessem ned i stilling som sykepleier. Og i dag er hovedjobben hennes strikkedesigner.<\/strong><\/p>\n<p>\u2013 Det var skummelt \u00e5 g\u00e5 ned i stilling, man vet jo aldri hvordan det g\u00e5r \u00e5 drive for seg selv, sier hun.<\/p>\n<p>Flere og flere begynte \u00e5 kj\u00f8pe oppskriftene p\u00e5 ullgenserne hennes.<\/p>\n<p>\u2013 Strikkingen tok opp mye tid og jeg ville skape mer. Da m\u00e5tte jeg bare satse da jeg hadde sjansen, og det gikk jo fint.<\/p>\n<p>Men det er ikke like mange som t\u00f8r \u00e5 gj\u00f8re som Maria.<\/p>\n<p><img decoding=\"async\"   src=\"data:image\/gif;base64,R0lGODlhAQABAIAAAAAAAP\/\/\/yH5BAEAAAAALAAAAAABAAEAAAIBRAA7\" loading=\"eager\" alt=\"Maria Tessem lever av lidenskapen sin. Hun designer ullgensere. \" title=\"Foto: Privat\"\/><\/p>\n<p class=\"\">Maria Skjemstad Tessem jobbet som sykepleier. Hun \u00f8nsket \u00e5 satse og jobbe som strikkedesigner, da gikk hun ned i stilling som sykepleier. <\/p>\n<p>Foto: Privat<\/p>\n<p>F\u00e6rre oppstarter<\/p>\n<p>I 2025 var det til sammen over 41.000 nyregistrerte bedrifter og enkeltmannsforetak som ble tatt opp i Br\u00f8nn\u00f8ysundregistrene.<\/p>\n<p><strong>Det er nesten to tusen f\u00e6rre enn \u00e5ret f\u00f8r.<\/strong><\/p>\n<p>For enkeltpersonforetak har antallet sunket enda mer:<\/p>\n<p>Statistisk sentralbyr\u00e5 (SSB) skriver at vi m\u00e5 helt tilbake til finanskrise\u00e5ret 2009 for \u00e5 finne en<a href=\"https:\/\/www.ssb.no\/virksomheter-foretak-og-regnskap\/virksomheter-og-foretak\/statistikk\/virksomheter\/artikler\/full-brems-i-antall-bedrifter\" ec-id=\"https:\/\/www.ssb.no\/virksomheter-foretak-og-regnskap\/virksomheter-og-foretak\/statistikk\/virksomheter\/artikler\/full-brems-i-antall-bedrifter\" ec-name=\"like flat utvikling n\u00e5r det gjelder aktive bedrifter.\" rel=\"nofollow noopener\" target=\"_blank\"> like flat utvikling n\u00e5r det gjelder aktive bedrifter. <\/a><\/p>\n<p>Andreas Nilsen, jobber med \u00e5 hjelpe gr\u00fcndere \u00e5 starte opp. Han er selv selvdrivende, og holder foredrag og kurs for de som \u00f8nsker \u00e5 starte noe selv.<\/p>\n<p>Nilsen forteller at litt mer enn 7 av 10 bedrifter blir lagt ned etter fem \u00e5r.<\/p>\n<p>\u2013 Det er h\u00f8y risiko for \u00e5 starte opp. Og det er viktig \u00e5 huske at ingen \u00f8nsker \u00e5 feile.<\/p>\n<ul class=\"dhpg__gallery__list\">\n<li class=\"dhpg__gallery__listItem\"><img alt=\"Andreas Nilsen hjelper gr\u00fcndere \u00e5 starte opp.\"  width=\"2400\" height=\"2400\" loading=\"lazy\"\/>Andreas Nilsen\n<p>Har startet flere selskaper selv og sammen med andre. N\u00e5 driver han blant annet med veiledning for gr\u00fcndere.\u00a0<\/p>\n<\/li>\n<\/ul>\n<p>Han mener det er viktig \u00e5 motivere til \u00e5 pr\u00f8ve p\u00e5 nytt hvis man ikke klarer det f\u00f8rste gangen.<\/p>\n<p>\u2013 Man l\u00e6rte sikkert mye fra f\u00f8rste gangen, s\u00e5 tar man med seg l\u00e6rdommen.<\/p>\n<p>Nilsen forteller at han \u00f8nsker at flere skal starte opp som gr\u00fcnder, men at det er viktig \u00e5 gj\u00f8re forarbeidet grundig.<\/p>\n<p>For 9 \u00e5r gamle Hilmar Johan Haug fra Stokmarknes er karrierevalget enkelt. Han skal bli kj\u00f8pmann p\u00e5 Rema 1000, og er allerede p\u00e5 god vei for \u00e5 n\u00e5 m\u00e5let.<\/p>\n<p>Fra matros til influenser<\/p>\n<p>Malene Elfrid Ingebrigsten (23) er en av de som har et enkeltmannsforetak og driver for seg selv.<\/p>\n<p>I lang stund jobbet hun dobbelt, b\u00e5de p\u00e5 b\u00e5t som matros og som influenser, f\u00f8r hun tok steget videre.<\/p>\n<p><strong>I januar 2024 sluttet hun som matros og satset fullt p\u00e5 lidenskapen sin, underholdning og sosiale medier.<\/strong><\/p>\n<p>\u2013 Jeg la en plan i 2023 om \u00e5 slutte i jobben og satse fullt som influenser. Det er lite fritid, men jeg trives med det jeg holder p\u00e5 med.<\/p>\n<p>Hun har samme tankegang som Andreas Nilsen n\u00e5r det gjelder \u00e5 mislykkes.<\/p>\n<p>\u2013 Jeg kunne godt blitt n\u00f8dt til \u00e5 ta opp noen vakter p\u00e5 b\u00e5ten. Det betyr ikke at jeg har mislyktes. Hvis du virkelig \u00f8nsker det, er det er viktig \u00e5 fortsette, selv om du m\u00f8ter noen humper i veien, sier hun.<\/p>\n<p>Innovasjon Norge har full forst\u00e5else for at det kan virke skummelt \u00e5 satse for seg selv.<\/p>\n<p><img decoding=\"async\"   src=\"data:image\/gif;base64,R0lGODlhAQABAIAAAAAAAP\/\/\/yH5BAEAAAAALAAAAAABAAEAAAIBRAA7\" loading=\"eager\" alt=\"Malene Elfrid Ingebrigtsen\" title=\"Foto: Ine-Sofie Bruhaug \/ NRK\"\/><\/p>\n<p class=\"\">Malene Elfrid Ingebrigtsen lever av \u00e5 lage videoer og innhold p\u00e5 sosiale medier som TikTok og Snapchat.<\/p>\n<p>Foto: Ine-Sofie Bruhaug \/ NRK<\/p>\n<p>R\u00e5d for \u00e5 lykkes som gr\u00fcnder<\/p>\n<p>\u2013 Norske selskaper har ofte gode l\u00f8sninger og spennende teknologi, sier Gaute Gaarder, kommunikasjonsr\u00e5dgiver i Innovasjon Norge.<\/p>\n<p>\u2013 Men de m\u00f8ter ofte p\u00e5 utfordringer som et begrenset hjemmemarked og mangel p\u00e5 t\u00e5lmodig kapital og skaleringskompetanse.<\/p>\n<p>Bedrifter i Norge konkurrerer med internasjonale selskaper som Gaarder mener ofte har bedre forutsetninger.<\/p>\n<p>\u2013 Norske selskaper vokser ofte saktere enn utenlandske bedrifter, som har st\u00f8rre hjemmemarkeder og sterkere salgskultur. For investorer i utlandet blir Norge sjeldent prioritert.<\/p>\n<p>Andreas Nilsen understreker at det er viktig \u00e5 huske at du ikke trenger \u00e5 endre verden n\u00e5r du skal starte opp din egen bedrift.<\/p>\n<p>\u2013 Det er ogs\u00e5 viktig at folk starter opp bedrifter som bare er i lokalsamfunnet, for eksempel en r\u00f8rleggerbedrift.<\/p>\n<p><strong>Nilsen og Innovasjon Norge har tips til de som \u00f8nsker \u00e5 starte opp for seg selv.<\/strong><\/p>\n<p>Publisert<\/p>\n<p>01.01.2026, kl. 08.16<\/p>\n","protected":false},"excerpt":{"rendered":"Saken oppsummert Maria Skjemstad Tessem gjorde strikking fra hobby til hovedinntekt, men det var en risikofylt overgang. Antallet&hellip;\n","protected":false},"author":2,"featured_media":126114,"comment_status":"","ping_status":"","sticky":false,"template":"","format":"standard","meta":{"footnotes":""},"categories":[10],"tags":[20,21,24,25,15,22,23,13,30,28,29,14,16,26,27],"class_list":{"0":"post-126113","1":"post","2":"type-post","3":"status-publish","4":"format-standard","5":"has-post-thumbnail","7":"category-norge","8":"tag-breaking-news","9":"tag-breakingnews","10":"tag-featured-news","11":"tag-featurednews","12":"tag-headlines","13":"tag-latest-news","14":"tag-latestnews","15":"tag-news","16":"tag-no","17":"tag-norge","18":"tag-norway","19":"tag-nyheter","20":"tag-overskrifter","21":"tag-top-stories","22":"tag-topstories"},"share_on_mastodon":{"url":"https:\/\/pubeurope.com\/@no\/115819370383760345","error":""},"_links":{"self":[{"href":"https:\/\/www.europesays.com\/no\/wp-json\/wp\/v2\/posts\/126113","targetHints":{"allow":["GET"]}}],"collection":[{"href":"https:\/\/www.europesays.com\/no\/wp-json\/wp\/v2\/posts"}],"about":[{"href":"https:\/\/www.europesays.com\/no\/wp-json\/wp\/v2\/types\/post"}],"author":[{"embeddable":true,"href":"https:\/\/www.europesays.com\/no\/wp-json\/wp\/v2\/users\/2"}],"replies":[{"embeddable":true,"href":"https:\/\/www.europesays.com\/no\/wp-json\/wp\/v2\/comments?post=126113"}],"version-history":[{"count":0,"href":"https:\/\/www.europesays.com\/no\/wp-json\/wp\/v2\/posts\/126113\/revisions"}],"wp:featuredmedia":[{"embeddable":true,"href":"https:\/\/www.europesays.com\/no\/wp-json\/wp\/v2\/media\/126114"}],"wp:attachment":[{"href":"https:\/\/www.europesays.com\/no\/wp-json\/wp\/v2\/media?parent=126113"}],"wp:term":[{"taxonomy":"category","embeddable":true,"href":"https:\/\/www.europesays.com\/no\/wp-json\/wp\/v2\/categories?post=126113"},{"taxonomy":"post_tag","embeddable":true,"href":"https:\/\/www.europesays.com\/no\/wp-json\/wp\/v2\/tags?post=126113"}],"curies":[{"name":"wp","href":"https:\/\/api.w.org\/{rel}","templated":true}]}}