{"id":126117,"date":"2026-01-01T10:33:07","date_gmt":"2026-01-01T10:33:07","guid":{"rendered":"https:\/\/www.europesays.com\/no\/126117\/"},"modified":"2026-01-01T10:33:07","modified_gmt":"2026-01-01T10:33:07","slug":"rundt-40-fryktes-omkommet-i-eksplosjon-og-brann-ved-skisted-i-sveits","status":"publish","type":"post","link":"https:\/\/www.europesays.com\/no\/126117\/","title":{"rendered":"Rundt 40 fryktes omkommet i eksplosjon og brann ved skisted i Sveits"},"content":{"rendered":"<p>Sveitsisk politi opplyser at \u00abflere titalls\u00bb mennesker trolig har omkommet i brannen.<\/p>\n<p> Den sveitsiske avisen <a href=\"https:\/\/www.lenouvelliste.ch\/valais\/valais-central\/sierre-district\/crans-montana\/des-dizaines-de-morts-apres-une-explosion-dans-un-bar-a-crans-montana-1481645\" rel=\"noopener nofollow\" target=\"_blank\">Le Nouvelliste<\/a> melder at s\u00e5 mange som 40 mennesker kan ha mistet livet p\u00e5 utestedet Le Constellation Bar and Lounge i Crans-Montana nytt\u00e5rsaften.<\/p>\n<p>Italiensk UD, som viser til opplysninger de har f\u00e5tt fra sveitsisk politi, opplyser ogs\u00e5 at rundt 40 mennesker kan ha omkommet.<\/p>\n<p>Sveitsisk politiet opplyser at tilstanden til flertallet av de skadede er alvorlig og at det er flere utenlandske statsborgere blant ofrene.<\/p>\n<p>UD har ingen indikasjoner p\u00e5 at nordmenn er ber\u00f8rt, men unders\u00f8ker saken med sveitsiske myndigheter, opplyser pressevakt Ane Haavardsdatter Lunde til NTB.<\/p>\n<p>Ikke terror<\/p>\n<p>Sveitsisk politi bekrefter overfor Sky News at ingenting tyder p\u00e5 at det var et terrorangrep.<\/p>\n<p> Brannen kan if\u00f8lge avisen <a href=\"https:\/\/www.blick.ch\/schweiz\/westschweiz\/wallis\/silvester-tragoedie-feuer-tragoedie-in-crans-montana-vs-fordert-tote-und-schwerverletzte-id21561097.html\" rel=\"noopener nofollow\" target=\"_blank\">Blick <\/a> derimot ha blitt for\u00e5rsaket av pyroteknikk under en konsert.<\/p>\n<p>De f\u00f8rste meldingene om hendelsen kom ved 1.30-tiden. Det ble meldt om en eksplosjon, men det er uklart om den utl\u00f8ste brannen eller var et resultat av brannen.<\/p>\n<p>Lokalet l\u00e5 i underetasjen og skal if\u00f8lge sveitsiske medier bare ha hatt en utgang.<\/p>\n<p>Overfylt av brannskadede<\/p>\n<p>Ti helikoptre og 40 ambulanser g\u00e5tt i skytteltrafikk for \u00e5 frakte skadede til sykehus etter hendelsen, og det er opprettet flere samlingssteder for overlevende og p\u00e5r\u00f8rende.<\/p>\n<p> \u2013 Sykehusene er overfylt av brannskadede, sier en lege i den sveitsiske luftambulanse- og redningstjenesten til <a href=\"https:\/\/www.rts.ch\/info\/regions\/valais\/2026\/minute-par-minute\/29104815.html\" rel=\"noopener nofollow\" target=\"_blank\">kringkasteren RTS<\/a>.<\/p>\n<p>Intensivavdelingene p\u00e5 sykehusene i Valais har ikke kapasitet til \u00e5 behandle alle, og mange er derfor overf\u00f8rt til sykehus andre steder i Sveits, opplyser en talsperson for regjeringen i kantonen, Mathias Reynard.<\/p>\n<p>Det eksklusive skistedet Crans-Montana ligger i 1500-meters h\u00f8yde, omgitt av over 4500 meter h\u00f8ye fjelltopper i Valais-alpene, rundt 145 kilometer \u00f8st for Gen\u00e8ve.<\/p>\n","protected":false},"excerpt":{"rendered":"Sveitsisk politi opplyser at \u00abflere titalls\u00bb mennesker trolig har omkommet i brannen. Den sveitsiske avisen Le Nouvelliste melder&hellip;\n","protected":false},"author":2,"featured_media":126118,"comment_status":"","ping_status":"","sticky":false,"template":"","format":"standard","meta":{"footnotes":""},"categories":[12],"tags":[20,21,24,25,15,22,23,13,30,28,29,14,16,26,27,42,43,44,45],"class_list":{"0":"post-126117","1":"post","2":"type-post","3":"status-publish","4":"format-standard","5":"has-post-thumbnail","7":"category-verden","8":"tag-breaking-news","9":"tag-breakingnews","10":"tag-featured-news","11":"tag-featurednews","12":"tag-headlines","13":"tag-latest-news","14":"tag-latestnews","15":"tag-news","16":"tag-no","17":"tag-norge","18":"tag-norway","19":"tag-nyheter","20":"tag-overskrifter","21":"tag-top-stories","22":"tag-topstories","23":"tag-verden","24":"tag-world","25":"tag-world-news","26":"tag-worldnews"},"share_on_mastodon":{"url":"https:\/\/pubeurope.com\/@no\/115819394581496337","error":""},"_links":{"self":[{"href":"https:\/\/www.europesays.com\/no\/wp-json\/wp\/v2\/posts\/126117","targetHints":{"allow":["GET"]}}],"collection":[{"href":"https:\/\/www.europesays.com\/no\/wp-json\/wp\/v2\/posts"}],"about":[{"href":"https:\/\/www.europesays.com\/no\/wp-json\/wp\/v2\/types\/post"}],"author":[{"embeddable":true,"href":"https:\/\/www.europesays.com\/no\/wp-json\/wp\/v2\/users\/2"}],"replies":[{"embeddable":true,"href":"https:\/\/www.europesays.com\/no\/wp-json\/wp\/v2\/comments?post=126117"}],"version-history":[{"count":0,"href":"https:\/\/www.europesays.com\/no\/wp-json\/wp\/v2\/posts\/126117\/revisions"}],"wp:featuredmedia":[{"embeddable":true,"href":"https:\/\/www.europesays.com\/no\/wp-json\/wp\/v2\/media\/126118"}],"wp:attachment":[{"href":"https:\/\/www.europesays.com\/no\/wp-json\/wp\/v2\/media?parent=126117"}],"wp:term":[{"taxonomy":"category","embeddable":true,"href":"https:\/\/www.europesays.com\/no\/wp-json\/wp\/v2\/categories?post=126117"},{"taxonomy":"post_tag","embeddable":true,"href":"https:\/\/www.europesays.com\/no\/wp-json\/wp\/v2\/tags?post=126117"}],"curies":[{"name":"wp","href":"https:\/\/api.w.org\/{rel}","templated":true}]}}