{"id":126119,"date":"2026-01-01T10:34:09","date_gmt":"2026-01-01T10:34:09","guid":{"rendered":"https:\/\/www.europesays.com\/no\/126119\/"},"modified":"2026-01-01T10:34:09","modified_gmt":"2026-01-01T10:34:09","slug":"vent-til-du-horer-hvordan-dette-loste-seg","status":"publish","type":"post","link":"https:\/\/www.europesays.com\/no\/126119\/","title":{"rendered":"Vent til du h\u00f8rer hvordan dette l\u00f8ste seg"},"content":{"rendered":"<p>        Saken oppsummert<\/p>\n<ul lang=\"nb-NO\">\n<li>En varebil med byggematerialer ble stoppet av Statens vegvesen.<\/li>\n<li>Plankene stakk ut minst en halv meter fra bilens sidevindu.<\/li>\n<li>Sj\u00e5f\u00f8ren brukte m\u00e5leb\u00e5nd og sag for \u00e5 tilpasse plankene til bilens innside.<\/li>\n<li>Utstikkende gjenstander som kan v\u00e6re farlige er ikke tillatt i trafikken.<\/li>\n<\/ul>\n<p class=\"italic ai-disclaimer\" data-lab-italic=\"italic\">Oppsummeringen er laget med kunstig intelligens (KI) fra OpenAI. Innholdet er kvalitetssikret av TV 2s journalister. <a target=\"_blank\" href=\"https:\/\/hjelp.tv2.no\/info\/artikkel\/slik-jobber-vi-med-ki-i-tv-2\" title=\"Les om hvordan vi jobber med KI\" rel=\"nofollow noopener\">Les om hvordan vi jobber med KI<\/a><\/p>\n<p>\u2013 Jeg sto selv p\u00e5 forpost da denne kom kj\u00f8rende. Og da jeg s\u00e5 hva som stakk ut av sidevinduet, var det ikke mye tvil. Denne m\u00e5tte vi stoppe!<\/p>\n<p>Det sier Joakim Tur\u00f8y \u00c5dland i Statens vegvesen. Like f\u00f8r jul gjennomf\u00f8rte de kontroll ved\u00a0Hylkje kontrollplass i \u00c5sane nord for Bergen. Og der ble det br\u00e5stopp for en Toyota Hiace.<\/p>\n<p>Sj\u00e5f\u00f8ren kom tilsynelatende rett fra et byggevarehus. Men denne plankekj\u00f8ringen var ikke akkurat etter forskriftene.\u00a0<\/p>\n<p>        <img class=\"image__img lazyload\" itemprop=\"image\" title=\"Foto: Statens vegvesen.\" alt=\"TOK SAGEN i EGNE HENDER: Sj\u00e5f\u00f8ren visste r\u00e5d da han ble stoppet. Han tok fram m\u00e5leb\u00e5nd og sag \u2013 og fikk kj\u00f8re videre etter at lasten fikk plass inne i bilen. Foto: Statens vegvesen.\" width=\"338\" height=\"467\" bad-src=\"https:\/\/www.europesays.com\/no\/wp-content\/uploads\/2026\/01\/18388784.webp.jpeg\" fetchpriority=\"auto\" \/><\/p>\n<p>      TOK SAGEN i EGNE HENDER: Sj\u00e5f\u00f8ren visste r\u00e5d da han ble stoppet. Han tok fram m\u00e5leb\u00e5nd og sag \u2013 og fikk kj\u00f8re videre etter at lasten fikk plass inne i bilen.<br \/>\n         Foto: Statens vegvesen.<\/p>\n<p>Hentet m\u00e5leb\u00e5ndet<\/p>\n<p>\u2013 Nei, plankene stakk minst en halv meter ut p\u00e5 siden av bilen. Det kan potensielt v\u00e6re sv\u00e6rt farlig. Og sj\u00e5f\u00f8ren skj\u00f8nte nok fort alvoret han ogs\u00e5, forteller \u00c5dland.<\/p>\n<p class=\"italic m-italic\" data-lab-italic=\"italic\">\u2013 Hva skjedde s\u00e5?<\/p>\n<p>\u2013 Jo, han tok rett og slett fram m\u00e5leb\u00e5nd, deretter en sag. S\u00e5 saget han plankene slik at de fikk plass inne i bilen. Og dermed var alt i orden. Bare s\u00e5 dumt at han ikke gjorde det f\u00f8r han la ut p\u00e5 kj\u00f8retur, sier \u00c5dland.<\/p>\n<p> <a href=\"https:\/\/www.tv2.no\/a\/11506726\/\" rel=\"nofollow noopener\" target=\"_blank\">Noen biler er det forbudt \u00e5 ha takboks p\u00e5<\/a> <\/p>\n<p>Ser ikke veldig ofte<\/p>\n<p class=\"italic m-italic\" data-lab-italic=\"italic\">\u2013 Hvor vanlig er ting som dette?<\/p>\n<p>\u2013 Det er heldigvis ikke noe vi ser veldig ofte. Og godt er det, avslutter \u00c5dland.\u00a0<\/p>\n<p> Hovedregelen her er at gjenstander ikke b\u00f8r stikke ut over bilens bredde i det hele tatt. P\u00e5 en personbil er det likevel tillatt med utstikk inntil 15 cm p\u00e5 hver side, men ikke over en totalbredde p\u00e5 2,55 meter.\u00a0 Da m\u00e5 dette v\u00e6re godt merket.<\/p>\n<p>Og utstikkende gjenstander som kan v\u00e6re til fare for andre i trafikken, er ikke tillatt, uansett merking.\u00a0<\/p>\n<p><a href=\"https:\/\/www.tv2.no\/broom\/nei-dette-trenger-ikke-vaere-ulovlig\/13912255\/\" rel=\"nofollow noopener\" target=\"_blank\">Nei, dette trenger ikke \u00e5 v\u00e6re ulovlig\u00a0<\/a><\/p>\n<p class=\"bold m-bold\" data-lab-font_weight=\"bold\">Her fikk politiet tips, les mer i artikkelen under:<\/p>\n<p>    <a class=\"article__link\" data-ga-active-label=\"\" data-ga-active-label-animation=\"\" href=\"https:\/\/www.tv2.no\/broom\/flere-reagerte-og-ringte-politiet\/16490238\/\" rel=\"nofollow noopener\" target=\"_blank\"><\/p>\n<p>    <img class=\"image__img lazyload\" itemprop=\"image\" title=\"\" alt=\"\" width=\"978\" height=\"411\" bad-src=\"https:\/\/www.europesays.com\/no\/wp-content\/uploads\/2026\/01\/16490321.webp.jpeg\" fetchpriority=\"auto\" \/><\/p>\n<p>            Flere reagerte og ringte politiet<\/p>\n<p>    <\/a><\/p>\n","protected":false},"excerpt":{"rendered":"Saken oppsummert En varebil med byggematerialer ble stoppet av Statens vegvesen. Plankene stakk ut minst en halv meter&hellip;\n","protected":false},"author":2,"featured_media":126120,"comment_status":"","ping_status":"","sticky":false,"template":"","format":"standard","meta":{"footnotes":""},"categories":[10],"tags":[20,21,24,25,15,22,23,13,30,28,29,14,16,26,27],"class_list":{"0":"post-126119","1":"post","2":"type-post","3":"status-publish","4":"format-standard","5":"has-post-thumbnail","7":"category-norge","8":"tag-breaking-news","9":"tag-breakingnews","10":"tag-featured-news","11":"tag-featurednews","12":"tag-headlines","13":"tag-latest-news","14":"tag-latestnews","15":"tag-news","16":"tag-no","17":"tag-norge","18":"tag-norway","19":"tag-nyheter","20":"tag-overskrifter","21":"tag-top-stories","22":"tag-topstories"},"share_on_mastodon":{"url":"https:\/\/pubeurope.com\/@no\/115819397924367306","error":""},"_links":{"self":[{"href":"https:\/\/www.europesays.com\/no\/wp-json\/wp\/v2\/posts\/126119","targetHints":{"allow":["GET"]}}],"collection":[{"href":"https:\/\/www.europesays.com\/no\/wp-json\/wp\/v2\/posts"}],"about":[{"href":"https:\/\/www.europesays.com\/no\/wp-json\/wp\/v2\/types\/post"}],"author":[{"embeddable":true,"href":"https:\/\/www.europesays.com\/no\/wp-json\/wp\/v2\/users\/2"}],"replies":[{"embeddable":true,"href":"https:\/\/www.europesays.com\/no\/wp-json\/wp\/v2\/comments?post=126119"}],"version-history":[{"count":0,"href":"https:\/\/www.europesays.com\/no\/wp-json\/wp\/v2\/posts\/126119\/revisions"}],"wp:featuredmedia":[{"embeddable":true,"href":"https:\/\/www.europesays.com\/no\/wp-json\/wp\/v2\/media\/126120"}],"wp:attachment":[{"href":"https:\/\/www.europesays.com\/no\/wp-json\/wp\/v2\/media?parent=126119"}],"wp:term":[{"taxonomy":"category","embeddable":true,"href":"https:\/\/www.europesays.com\/no\/wp-json\/wp\/v2\/categories?post=126119"},{"taxonomy":"post_tag","embeddable":true,"href":"https:\/\/www.europesays.com\/no\/wp-json\/wp\/v2\/tags?post=126119"}],"curies":[{"name":"wp","href":"https:\/\/api.w.org\/{rel}","templated":true}]}}