{"id":126138,"date":"2026-01-01T11:01:40","date_gmt":"2026-01-01T11:01:40","guid":{"rendered":"https:\/\/www.europesays.com\/no\/126138\/"},"modified":"2026-01-01T11:01:40","modified_gmt":"2026-01-01T11:01:40","slug":"russland-offentliggjor-opptak-av-pastatt-nedskutt-drone-fra-angrep-ved-putin-bolig","status":"publish","type":"post","link":"https:\/\/www.europesays.com\/no\/126138\/","title":{"rendered":"Russland offentliggj\u00f8r opptak av p\u00e5st\u00e5tt nedskutt drone fra angrep ved Putin-bolig"},"content":{"rendered":"<p>    Russland har offentliggjort en video av det de hevder er en nedskutt drone etter det p\u00e5st\u00e5tte ukrainske angrepet mot Putins bolig. \u2013 Latterlig, sier Ukraina.<\/p>\n<p>\n        Bildet er et utsnitt fra en video offentliggjort av det russiske forsvarsdepartementet onsdag, som viser det de hevder er en nedskutt ukrainsk drone. Videoen er ikke datert.<br \/>\n        Foto: Russlands forsvarsdepartement\/AP\/NTB\n    <\/p>\n<p class=\"kicker tertiary color_mobile_tertiary\" style=\"\">Verden<\/p>\n<p>Videoen er offentliggjort av Russlands forsvarsdepartement onsdag, melder nyhetsbyr\u00e5et Reuters. <\/p>\n<p>I videoen legger den h\u00f8ytst\u00e5ende offiseren generalmajor Aleksandr Romanenkov fram detaljer om hvordan de tror Ukraina angrep boligen, if\u00f8lge Reuters. <\/p>\n<p>Videoen skal ogs\u00e5 vise fragmenter av det de hevder er en nedskutt ukrainsk Chaklun-V-drone som bar en 6 kilo tung udetonert eksplosiv ladning.<\/p>\n<p>Det ble ikke forklart hvordan de visste hva dronens m\u00e5l var. Reuters kunne ikke bekrefte stedet og datoen for opptaket og kunne heller ikke umiddelbart verifisere hvilken modell dronen var. <\/p>\n<p>Det var mandag denne uken at Russlands utenriksminister Sergej Lavrov f\u00f8rst kom med p\u00e5standen om at Ukraina skal ha fors\u00f8kt \u00e5 angripe Putins residens i Novgorod-regionen med 91 droner, som russiske styrker skal ha skutt ned. Informasjonen er ikke verifisert av uavhengige kilder, og Russland har heller ikke lagt fram noe bevis for at angrepet har funnet sted. <\/p>\n<p>Myndighetene i Ukraina har hele tiden avvist at de har angrepet noen av Putins boliger og kaller de russiske anklagene for ren l\u00f8gn, motivert av et russisk \u00f8nske om \u00e5 undergrave fredssamtalene. En talsperson for Ukrainas utenriksdepartement avviser videoen som noe form for bevis. <\/p>\n<p>\u2013 Dette er latterlig \u2013 b\u00e5de at det tok dem to dager \u00e5 produsere dette, og det faktum at de fors\u00f8ker \u00e5 fremlegge det som bevis, viser tydelig at de ikke engang er seri\u00f8se om \u00e5 fabrikkere en historie, sier talspersonen til Reuters.<\/p>\n<p>        <a itemprop=\"url\" class=\"\" href=\"https:\/\/www.dagsavisen.no\/nyheter\/putin-i-nyttarstale-sikker-pa-seier-i-ukraina\/10130802\" data-k5a-url=\"https:\/\/www.dagsavisen.no\/a\/10130802\" rel=\"nofollow noopener\" target=\"_blank\"><\/p>\n<p>            Putin i nytt\u00e5rstale: \u2013 Sikker p\u00e5 seier i Ukraina<\/p>\n<p>        <\/a><\/p>\n","protected":false},"excerpt":{"rendered":"Russland har offentliggjort en video av det de hevder er en nedskutt drone etter det p\u00e5st\u00e5tte ukrainske angrepet&hellip;\n","protected":false},"author":2,"featured_media":126139,"comment_status":"","ping_status":"","sticky":false,"template":"","format":"standard","meta":{"footnotes":""},"categories":[12],"tags":[20,21,24,25,15,22,23,13,30,28,29,14,16,26,27,42,43,44,45],"class_list":{"0":"post-126138","1":"post","2":"type-post","3":"status-publish","4":"format-standard","5":"has-post-thumbnail","7":"category-verden","8":"tag-breaking-news","9":"tag-breakingnews","10":"tag-featured-news","11":"tag-featurednews","12":"tag-headlines","13":"tag-latest-news","14":"tag-latestnews","15":"tag-news","16":"tag-no","17":"tag-norge","18":"tag-norway","19":"tag-nyheter","20":"tag-overskrifter","21":"tag-top-stories","22":"tag-topstories","23":"tag-verden","24":"tag-world","25":"tag-world-news","26":"tag-worldnews"},"share_on_mastodon":{"url":"https:\/\/pubeurope.com\/@no\/115819504525808043","error":""},"_links":{"self":[{"href":"https:\/\/www.europesays.com\/no\/wp-json\/wp\/v2\/posts\/126138","targetHints":{"allow":["GET"]}}],"collection":[{"href":"https:\/\/www.europesays.com\/no\/wp-json\/wp\/v2\/posts"}],"about":[{"href":"https:\/\/www.europesays.com\/no\/wp-json\/wp\/v2\/types\/post"}],"author":[{"embeddable":true,"href":"https:\/\/www.europesays.com\/no\/wp-json\/wp\/v2\/users\/2"}],"replies":[{"embeddable":true,"href":"https:\/\/www.europesays.com\/no\/wp-json\/wp\/v2\/comments?post=126138"}],"version-history":[{"count":0,"href":"https:\/\/www.europesays.com\/no\/wp-json\/wp\/v2\/posts\/126138\/revisions"}],"wp:featuredmedia":[{"embeddable":true,"href":"https:\/\/www.europesays.com\/no\/wp-json\/wp\/v2\/media\/126139"}],"wp:attachment":[{"href":"https:\/\/www.europesays.com\/no\/wp-json\/wp\/v2\/media?parent=126138"}],"wp:term":[{"taxonomy":"category","embeddable":true,"href":"https:\/\/www.europesays.com\/no\/wp-json\/wp\/v2\/categories?post=126138"},{"taxonomy":"post_tag","embeddable":true,"href":"https:\/\/www.europesays.com\/no\/wp-json\/wp\/v2\/tags?post=126138"}],"curies":[{"name":"wp","href":"https:\/\/api.w.org\/{rel}","templated":true}]}}