{"id":126140,"date":"2026-01-01T11:02:31","date_gmt":"2026-01-01T11:02:31","guid":{"rendered":"https:\/\/www.europesays.com\/no\/126140\/"},"modified":"2026-01-01T11:02:31","modified_gmt":"2026-01-01T11:02:31","slug":"2026-okonomi-ekspertenes-beste-rad-for-2026-det-viktigste-du-gjor-drammens-tidende","status":"publish","type":"post","link":"https:\/\/www.europesays.com\/no\/126140\/","title":{"rendered":"2026, \u00d8konomi | Ekspertenes beste r\u00e5d for 2026: \u2013 Det viktigste du gj\u00f8r &#8211; Drammens Tidende"},"content":{"rendered":"<ol>\n<li><a href=\"https:\/\/news.google.com\/rss\/articles\/CBMijgFBVV95cUxQUEs4eGdwZUFtTmc1RmtsM1dUejFQNHJQVURTazVKTFgtdjRGdWIwLTJ5QmRRT0h2czdiV0dONDBfdXl0ajRndFM2dnBoT0d5dmN4Z0p0dnI0bFNncm1Cc21GV3V1NGlpQngwa0t2anZQTk83SlM2N0FleGx1TzRVOWJubS1jR096azFTT0dR?oc=5\" target=\"_blank\" rel=\"nofollow noopener\">2026, \u00d8konomi | Ekspertenes beste r\u00e5d for 2026: \u2013 Det viktigste du gj\u00f8r<\/a>&nbsp;&nbsp;Drammens Tidende<\/li>\n<li><a href=\"https:\/\/news.google.com\/rss\/articles\/CBMijgFBVV95cUxQYjRRY3hGSjNkdG9pMVBFUXNmcHZ4NkVpZHNlSlpZblR0UDRKU0pUREtuRkZVQ29qMFZYOTVyUlRMdDF2aW1aWjhMTlFLa3oxODMxbTZkU3dya0t2STBkek1MT2xHVW1pVkVJZkhlb0NiZk16a3RGN2NDRTRMY21RMjhEN2sxcl94ZVBQcl9n?oc=5\" target=\"_blank\" rel=\"nofollow noopener\">Dette skjer i norsk politikk i 2026<\/a>&nbsp;&nbsp;adressa.no<\/li>\n<li><a href=\"https:\/\/news.google.com\/rss\/articles\/CBMieEFVX3lxTE1BU0x6bUw1TEp2RDZqRi1nZnNDNGZiWUZNT2VxaU9IcXBycjY0MDhjY0hLZkFpeEgxTzc2VE83eVdfdmlvM3F5blZ2V3pHclVfZmdrcEx3OWRHSDRBa2x6R0ZNa08zbVV2RVRKYS1lQXlaWmRPbThHYg?oc=5\" target=\"_blank\" rel=\"nofollow noopener\">Slik blir penge\u00e5ret 2026<\/a>&nbsp;&nbsp;Dagbladet<\/li>\n<li><a href=\"https:\/\/news.google.com\/rss\/articles\/CBMisAFBVV95cUxOYmlGLWpzbWU0ODlxaU54dFFyTzB0MUE2MEdybTNFMXRMOHZOU0dqNFFYa2pjMEFNeU0wNXdtQ3AtR0ZBRXpUSEtROGkxaG5wNEl5N1kwVGlYNzJPVHBDUF84R2dPWVhYY3BRX1NyWjVXUmFBazE2Vy1xcXliWDVmTFYyaTRoaGtYWDYxQWtpQVE2aGVJSkxIMVhnOUtZazZPd3pPRVBuZFNuWERDNjh5Rw?oc=5\" target=\"_blank\" rel=\"nofollow noopener\">Livskvaliteten falt i 2025. Slik blir 2026 bedre.<\/a>&nbsp;&nbsp;Aftenposten<\/li>\n<li><a href=\"https:\/\/news.google.com\/rss\/articles\/CBMivAFBVV95cUxPRkxMUmFZdkxqcjdTcTNJZDhXLUI3M3ozQ01NWlBWSUlLVC1EVTdjWi1KVzJiR2Z6Y2pCQnl5c1cxMGRGVHFMOVBoeUdlSzM0Y2tVejdqcTQ1TkJOQXJpMWoxOEx4aGRSYWNuVU95Q2oySm12WVpqZzIxcjUtSDIxdTdKMUpOejFZYXJMYzVvUFphN3hzeWVwUUI1ZUcxMGFaeG1vSkJLSV96bTQ4Zy01SkxyLXJYdGFqZndpSA?oc=5\" target=\"_blank\" rel=\"nofollow noopener\">Slik tror \u00f8konomene det g\u00e5r med norsk \u00f8konomi i 2026<\/a>&nbsp;&nbsp;Dagens N\u00e6ringsliv<\/li>\n<\/ol>\n","protected":false},"excerpt":{"rendered":"2026, \u00d8konomi | Ekspertenes beste r\u00e5d for 2026: \u2013 Det viktigste du gj\u00f8r&nbsp;&nbsp;Drammens Tidende Dette skjer i norsk&hellip;\n","protected":false},"author":2,"featured_media":126141,"comment_status":"","ping_status":"","sticky":false,"template":"","format":"standard","meta":{"footnotes":""},"categories":[10],"tags":[20,21,24,25,15,22,23,13,30,28,29,14,16,26,27],"class_list":{"0":"post-126140","1":"post","2":"type-post","3":"status-publish","4":"format-standard","5":"has-post-thumbnail","7":"category-norge","8":"tag-breaking-news","9":"tag-breakingnews","10":"tag-featured-news","11":"tag-featurednews","12":"tag-headlines","13":"tag-latest-news","14":"tag-latestnews","15":"tag-news","16":"tag-no","17":"tag-norge","18":"tag-norway","19":"tag-nyheter","20":"tag-overskrifter","21":"tag-top-stories","22":"tag-topstories"},"share_on_mastodon":{"url":"https:\/\/pubeurope.com\/@no\/115819508521270505","error":""},"_links":{"self":[{"href":"https:\/\/www.europesays.com\/no\/wp-json\/wp\/v2\/posts\/126140","targetHints":{"allow":["GET"]}}],"collection":[{"href":"https:\/\/www.europesays.com\/no\/wp-json\/wp\/v2\/posts"}],"about":[{"href":"https:\/\/www.europesays.com\/no\/wp-json\/wp\/v2\/types\/post"}],"author":[{"embeddable":true,"href":"https:\/\/www.europesays.com\/no\/wp-json\/wp\/v2\/users\/2"}],"replies":[{"embeddable":true,"href":"https:\/\/www.europesays.com\/no\/wp-json\/wp\/v2\/comments?post=126140"}],"version-history":[{"count":0,"href":"https:\/\/www.europesays.com\/no\/wp-json\/wp\/v2\/posts\/126140\/revisions"}],"wp:featuredmedia":[{"embeddable":true,"href":"https:\/\/www.europesays.com\/no\/wp-json\/wp\/v2\/media\/126141"}],"wp:attachment":[{"href":"https:\/\/www.europesays.com\/no\/wp-json\/wp\/v2\/media?parent=126140"}],"wp:term":[{"taxonomy":"category","embeddable":true,"href":"https:\/\/www.europesays.com\/no\/wp-json\/wp\/v2\/categories?post=126140"},{"taxonomy":"post_tag","embeddable":true,"href":"https:\/\/www.europesays.com\/no\/wp-json\/wp\/v2\/tags?post=126140"}],"curies":[{"name":"wp","href":"https:\/\/api.w.org\/{rel}","templated":true}]}}