{"id":126142,"date":"2026-01-01T11:03:14","date_gmt":"2026-01-01T11:03:14","guid":{"rendered":"https:\/\/www.europesays.com\/no\/126142\/"},"modified":"2026-01-01T11:03:14","modified_gmt":"2026-01-01T11:03:14","slug":"styr-unna-farlige-gasser","status":"publish","type":"post","link":"https:\/\/www.europesays.com\/no\/126142\/","title":{"rendered":"Styr unna: &#8211; Farlige gasser"},"content":{"rendered":"<p class=\"kicker bg-cyan color_mobile_bg-cyan text-black hasTextPadding mobile-hasTextPadding\" style=\"\">Forsker advarer:<\/p>\n<p>  N\u00e5r jula er over og treet skal ut av hjemmet, kan det bli en brannfelle om du behandler det p\u00e5 denne m\u00e5ten.<\/p>\n<p>\n    STYR UNNA: Om du ser p\u00e5 juletreet som brennbart f\u00f4r for peisen, b\u00f8r du passe p\u00e5 og tenke deg om to ganger, if\u00f8lge forsker. Foto: Odd Roar Lange\n  <\/p>\n<p>    Kort fortalt<\/p>\n<p lang=\"nb-NO\">Juletreet kan v\u00e6re en brannfelle hvis det brukes som ved i peisen.<\/p>\n<p lang=\"nb-NO\">Forskeren Morten Seljeskog advarer mot \u00e5 brenne juletreet p\u00e5 grunn av farlige gasser.<\/p>\n<p lang=\"nb-NO\">Det anbefales \u00e5 resirkulere treet i stedet for \u00e5 brenne det hjemme.<\/p>\n<p lang=\"nb-NO\">Flere kommuner tilbyr henting av juletr\u00e6r for \u00e5 unng\u00e5 brannfare.<\/p>\n<p class=\"italic ai-disclaimer\" data-lab-italic=\"italic\">Sammendraget er laget av ChatGPT og godkjent av DinSide.<\/p>\n<p>      Vis mer<br \/>\n      Vis mindre<\/p>\n<p>N\u00e5 som jula g\u00e5r mot slutten, kjenner mange p\u00e5 behovet for \u00e5 rydde bort julepynten som har preget hjemmet i ukesvis. <\/p>\n<p>S\u00e6rlig n\u00e5r juletreet, som i mange hjem er midtpunktet i stua, skal fjernes, kan fristelsen for en enkel l\u00f8sning bli stor.<\/p>\n<p>N\u00e5r hundrevis av bar\u00adn\u00e5ler drysser rundt i hjemmet kan blant annet peisen virke som en enkel utvei. Det b\u00f8r du imidlertid styre unna, advarer forsker Morten Seljeskog.\u00a0\u00a0<\/p>\n<p>&#8211; Selv om det kan virke som en god id\u00e9 \u00e5 bruke juletreet som ved etter julesesongen, er det faktisk sv\u00e6rt farlig, sier Seljeskog til DinSide.\u00a0<\/p>\n<p>    <a itemprop=\"url\" href=\"https:\/\/dinside.dagbladet.no\/reise\/advarer-slutter-a-fungere\/83998913\" rel=\"nofollow noopener\" target=\"_blank\"><\/p>\n<p>        <img loading=\"lazy\" decoding=\"async\" src=\"https:\/\/www.europesays.com\/no\/wp-content\/uploads\/2026\/01\/83998978.webp.webp\" width=\"980\" height=\"441\" title=\"Iskald tabbe\" alt=\"\" class=\"lazyload\" style=\"--aspect-ratio-image: 2.22; \"\/><\/p>\n<p>        Iskald tabbe<\/p>\n<p>    <\/a><\/p>\n<p>Sv\u00e6rt brennbart\u00a0\t<\/p>\n<p>Om du deler opp og fyrer med juletreet i peisen, og ovnen fylles med granbar, oppst\u00e5r det en umiddelbar og intens varmeutvikling. Det kan f\u00f8re til pipebrann og utslipp av giftige gasser fra bar\u00adn\u00e5lene.\u00a0<\/p>\n<p>De er nemlig dekket med et lag voks og har et innvendig nettverk av kanaler fylt med kvae, if\u00f8lge Seljeskog. Begge er sv\u00e6rt brennbare.\u00a0<\/p>\n<p>        <img loading=\"lazy\" decoding=\"async\" itemprop=\"image\" src=\"https:\/\/www.europesays.com\/no\/wp-content\/uploads\/2026\/01\/84036831.webp.webp\" width=\"180\" height=\"180\" alt=\"&lt;br&gt;Morten Seljeskog\"\/><\/p>\n<p>Morten Seljeskog<br \/>\n            <br \/>Morten<br \/>\n            Seljeskog        <\/p>\n<p>Forsker ved termisk avdeling hos forskningsinstituttet SINTEF<\/p>\n<p>Det resulterer i h\u00f8ye konsentrasjoner av uforbrente hydrokarboner, partikler, karbonmonoksid (CO), ammoniakk (NH3), hydrogenfluorid (HF), formaldehyd (CHOH) og hydrogencyanid (HCN).<\/p>\n<p>&#8211; Disse gassene er farlige, spesielt hydrogencyanid. H\u00f8ye konsentrasjoner av disse gassene kan v\u00e6re d\u00f8delige, forklarer Seljeskog.<\/p>\n<p>        Skal du rydde ut juletreet? Pr\u00f8v dette trikset! Video: Rolf Fiske \/ Dinside<\/p>\n<p>&#8211; Kan gj\u00f8re stua uutholdelig\u00a0\t<\/p>\n<p>Seljeskog understreker ogs\u00e5 at juletreet etter flere dager og muligens uker inne i en t\u00f8rr og varm stue, mister nesten all fuktighet.\u00a0<\/p>\n<p>&#8211;\u00a0Det du har st\u00e5ende i stua er i realiteten en brannfakkel, nesten som en fyrstikk, bare enda lettere \u00e5 f\u00e5 fyr p\u00e5. En feil i en elektrisk p\u00e6re, et stearinlys p\u00e5 avveie eller andre varmekilder, er nok til at det kan ta fyr.\u00a0<\/p>\n<p>Tar treet, inkludert julepynten f\u00f8rst fyr, kan det skje p\u00e5 bare f\u00e5 sekunder.\u00a0<\/p>\n<p>&#8211; S\u00e5 raskt\u00a0at man i realiteten har null sjanse for \u00e5 f\u00e5 slukket. Giftige gasser og h\u00f8ye temperaturer vil kunne gj\u00f8re stua uutholdelig f\u00f8r det har g\u00e5tt ett minutt, noe som gj\u00f8r at det bare er \u00e5 komme seg ut raskest mulig.<\/p>\n<p>Derfor r\u00e5der han om \u00e5 f\u00e5 juletreet ut i tide til avfallshenting etter h\u00f8ytida (og lenge f\u00f8r p\u00e5ske).\u00a0<\/p>\n<p>&#8211; Ikke lagre det i kjelleren eller n\u00e6r husvegger eller andre brennbare materialer, forklarer forskeren.\u00a0<\/p>\n<p>    <a itemprop=\"url\" href=\"https:\/\/dinside.dagbladet.no\/fritid\/vinter-advarsel-kan-fa-skade\/84002184\" rel=\"nofollow noopener\" target=\"_blank\"><\/p>\n<p>        <img loading=\"lazy\" decoding=\"async\" src=\"https:\/\/www.europesays.com\/no\/wp-content\/uploads\/2026\/01\/84002620.webp.webp\" width=\"147\" height=\"98\" title=\"Vinter-advarsel: - Kan f\u00e5 skade\" alt=\"\" class=\"lazyload\" style=\"--aspect-ratio-image: 1.50; \"\/><\/p>\n<p>        Vinter-advarsel: &#8211; Kan f\u00e5 skade<\/p>\n<p>    <\/a><\/p>\n<p>F\u00f8lg med p\u00e5 retningslinjer\u00a0\t<\/p>\n<p>Stammen kan derimot brukes som ved, men det er da viktig \u00e5 passe p\u00e5 at treet ikke er for fuktig, da det kan f\u00f8re til beksot i pipa, og at granbaret ikke f\u00f8lger med inn i ovnen, if\u00f8lge\u00a0<a href=\"https:\/\/www.sikkerhverdag.no\/brann\/forebygge-brann\/slik-unngaar-du-pipebrann\/\" style=\"font-size: var(--font-size-body); font-family: var(--font-family-body);\" rel=\"nofollow noopener\" target=\"_blank\">sikkerhverdag.no<\/a>.\u00a0<\/p>\n<p>Forsker Seljeskog poengterer likevel at fyring i peisen har f\u00f8lger for milj\u00f8et.\u00a0<\/p>\n<p>&#8211;\u00a0Det er viktig \u00e5 forst\u00e5 hvordan man fyrer p\u00e5 en trygg og effektiv m\u00e5te for \u00e5 minimere milj\u00f8p\u00e5virkningen, sier han.\u00a0<\/p>\n<p>Han anbefaler derfor heller \u00e5 resirkulere juletreet ditt, framfor \u00e5 brenne det hjemme i egen peis eller p\u00e5 b\u00e5l. Forskeren r\u00e5der \u00e5 f\u00f8lge med p\u00e5 kommunale retningslinjer for henting.\u00a0<\/p>\n<p>        KLAR ADVARSEL: Har du vurdert \u00e5 bruke juletreet som ved? I s\u00e5 fall b\u00f8r du tenke deg ekstra om. Video: Embla Hjort-Larsen \/ Storyblocks. <\/p>\n<p>Flere kommuner tilbyr nettopp henting av juletr\u00e6rne for \u00e5 unng\u00e5 brenning eller dumping av tr\u00e6r dit de ikke skal. \u00a0<\/p>\n<p>I <a href=\"https:\/\/www.oslo.kommune.no\/avfall-og-gjenvinning\/nar-hentes-avfallet\/henting-av-juletrar\/\" target=\"_blank\" rel=\"nofollow noopener\">Oslo kommune<\/a> samles tr\u00e6rne inn fra over tusen hentesteder mellom mandag 5. januar og mandag 12. januar. De m\u00e5 settes som de er, fri for b\u00e5de pynt og sekk, p\u00e5 markerte punkter i kommunen.\u00a0<\/p>\n<p>Det samme gjelder i <a href=\"https:\/\/www.stavanger.kommune.no\/renovasjon-og-miljo\/innsamling-av-juletrar\/\" target=\"_blank\" rel=\"nofollow noopener\">Stavanger kommune<\/a>. Der kan du sette treet i veien sammen med avfallskonteineren som skal t\u00f8mmes i uke to og tre.\u00a0<\/p>\n<p>Henting av juletre i <a href=\"https:\/\/trv.no\/rastoff\/tag\/juletre\/\" target=\"_blank\" rel=\"nofollow noopener\">Trondheim kommune<\/a> skjer s\u00f8ndag tredje uka i januar.\u00a0<\/p>\n<p>I <a href=\"https:\/\/bir.no\/miljoeportalen\/miljoetips\/dette-kan-du-gjoere-med-juletreet\/\" target=\"_blank\" rel=\"nofollow noopener\">Bergen kommune<\/a> m\u00e5 det imidlertid leveres til gjenvinningsstasjoner, men det er gratis og kan gj\u00f8res b\u00e5de i januar og februar.\u00a0<\/p>\n","protected":false},"excerpt":{"rendered":"Forsker advarer: N\u00e5r jula er over og treet skal ut av hjemmet, kan det bli en brannfelle om&hellip;\n","protected":false},"author":2,"featured_media":126143,"comment_status":"","ping_status":"","sticky":false,"template":"","format":"standard","meta":{"footnotes":""},"categories":[5],"tags":[367,14841,20,21,24,25,728,15,19,5593,6683,12117,22,23,17,18,13,30,28,29,14,16,26,27],"class_list":{"0":"post-126142","1":"post","2":"type-post","3":"status-publish","4":"format-standard","5":"has-post-thumbnail","7":"category-overskrifter","8":"tag-brann","9":"tag-brannfare","10":"tag-breaking-news","11":"tag-breakingnews","12":"tag-featured-news","13":"tag-featurednews","14":"tag-fritid","15":"tag-headlines","16":"tag-hovedoppslag","17":"tag-jul","18":"tag-jul-2025","19":"tag-juletre","20":"tag-latest-news","21":"tag-latestnews","22":"tag-main-news","23":"tag-mainnews","24":"tag-news","25":"tag-no","26":"tag-norge","27":"tag-norway","28":"tag-nyheter","29":"tag-overskrifter","30":"tag-top-stories","31":"tag-topstories"},"share_on_mastodon":{"url":"https:\/\/pubeurope.com\/@no\/115819512029130783","error":""},"_links":{"self":[{"href":"https:\/\/www.europesays.com\/no\/wp-json\/wp\/v2\/posts\/126142","targetHints":{"allow":["GET"]}}],"collection":[{"href":"https:\/\/www.europesays.com\/no\/wp-json\/wp\/v2\/posts"}],"about":[{"href":"https:\/\/www.europesays.com\/no\/wp-json\/wp\/v2\/types\/post"}],"author":[{"embeddable":true,"href":"https:\/\/www.europesays.com\/no\/wp-json\/wp\/v2\/users\/2"}],"replies":[{"embeddable":true,"href":"https:\/\/www.europesays.com\/no\/wp-json\/wp\/v2\/comments?post=126142"}],"version-history":[{"count":0,"href":"https:\/\/www.europesays.com\/no\/wp-json\/wp\/v2\/posts\/126142\/revisions"}],"wp:featuredmedia":[{"embeddable":true,"href":"https:\/\/www.europesays.com\/no\/wp-json\/wp\/v2\/media\/126143"}],"wp:attachment":[{"href":"https:\/\/www.europesays.com\/no\/wp-json\/wp\/v2\/media?parent=126142"}],"wp:term":[{"taxonomy":"category","embeddable":true,"href":"https:\/\/www.europesays.com\/no\/wp-json\/wp\/v2\/categories?post=126142"},{"taxonomy":"post_tag","embeddable":true,"href":"https:\/\/www.europesays.com\/no\/wp-json\/wp\/v2\/tags?post=126142"}],"curies":[{"name":"wp","href":"https:\/\/api.w.org\/{rel}","templated":true}]}}