{"id":126144,"date":"2026-01-01T11:11:15","date_gmt":"2026-01-01T11:11:15","guid":{"rendered":"https:\/\/www.europesays.com\/no\/126144\/"},"modified":"2026-01-01T11:11:15","modified_gmt":"2026-01-01T11:11:15","slug":"de-fikk-arets-nyttarsbarn-i-bodo-avisa-nordland","status":"publish","type":"post","link":"https:\/\/www.europesays.com\/no\/126144\/","title":{"rendered":"De fikk \u00e5rets nytt\u00e5rsbarn i Bod\u00f8 &#8211; Avisa Nordland"},"content":{"rendered":"<ol>\n<li><a href=\"https:\/\/news.google.com\/rss\/articles\/CBMickFVX3lxTE5uaGRUWHFUQzcxMTlPY05lbGR0aXdTZnVwQTd1cHBFTUsycWh1Q3RZcTRkSUNWNjJ1RWlna3o2V0NhRy1OdkJ5enBrcHczT1lTZVNncjhSMUZ2NFIyV1h3amstN3lnUG83ZHIteWJnZElmdw?oc=5\" target=\"_blank\" rel=\"nofollow noopener\">De fikk \u00e5rets nytt\u00e5rsbarn i Bod\u00f8<\/a>&nbsp;&nbsp;Avisa Nordland<\/li>\n<li><a href=\"https:\/\/news.google.com\/rss\/articles\/CBMingFBVV95cUxNQjRSM2pkN0NLVFFxX2R2LURyZDRwRW11eHdGeDFNQVItVnpNMkU0LTYyMXYwbFRkTE5rdGhFdmVSc1ZwYkEwVmNacHhrbkFHVXdtYmRJRXlJZUhJRncwZDFweWlNekNKWU8xb3dMcXB6S0tOUmE4UVd0VjZqY3hYT0dha1Znb2NwOEpnd0NzTHc3aFN2MzhJQ2h3MGZHUQ?oc=5\" target=\"_blank\" rel=\"nofollow noopener\">Forn\u00f8yd far etter nytt\u00e5rsbarn ble f\u00f8dt p\u00e5 S\u00f8rlandet sykehus: \u2013 Jeg er s\u00e5 glad<\/a>&nbsp;&nbsp;NRK<\/li>\n<li><a href=\"https:\/\/news.google.com\/rss\/articles\/CBMifEFVX3lxTE0zZ1FoYzFLQ3JlemkzNVhFQW45aVgtT3kyejlCWGRqYUtYRFRZOFZKeXZKeV9fUmpXbTAxRFZsNmlMOFVwMHU0VVBPc1V6bTFqcldGd0JXSy1saml4Z2RyTjFjcEJKMUpfd2RKTllBS2dMUWhLaGZQLVJUT3Q?oc=5\" target=\"_blank\" rel=\"nofollow noopener\">Nyheter, Ahus | Nytt\u00e5rsbarnet kom ikke f\u00f8r klokka 04.28<\/a>&nbsp;&nbsp;Romerikes Blad<\/li>\n<li><a href=\"https:\/\/news.google.com\/rss\/articles\/CBMiakFVX3lxTE1WVUkzemh4aDVvczJ2UUtPOUQzX21Lc2lGaXZJQjZjQ2VDajhWQ2JIQjhjTl9EZTV6cmE1S3d0MXcwUWk0QVdUV0kyLW5qTGtKZ29wZldkSF9GdmdyUkt2c3V5NzJTNnBqN0E?oc=5\" target=\"_blank\" rel=\"nofollow noopener\">Nytt\u00e5rsbarn p\u00e5 S\u00f8rlandet sykehus<\/a>&nbsp;&nbsp;VG<\/li>\n<li><a href=\"https:\/\/news.google.com\/rss\/articles\/CBMid0FVX3lxTFBaZnJJQ25WOUFwNENWTWZjVXhQa1dIbDJaR1FDaWEwZnBnWjZfbVdqQ3lZV1NQd1h5UlJnS3p2SlByU1ZiZ3JZS3dkQ1FLTG84MXh4WGQtemVHVFdnREplTlpSZTNjWG9rQUVhNXExXzkxdUpfTHNF?oc=5\" target=\"_blank\" rel=\"nofollow noopener\">Her er \u00e5rets nytt\u00e5rsbarn: \u2013 Det var spennende<\/a>&nbsp;&nbsp;Bergensavisen<\/li>\n<\/ol>\n","protected":false},"excerpt":{"rendered":"De fikk \u00e5rets nytt\u00e5rsbarn i Bod\u00f8&nbsp;&nbsp;Avisa Nordland Forn\u00f8yd far etter nytt\u00e5rsbarn ble f\u00f8dt p\u00e5 S\u00f8rlandet sykehus: \u2013 Jeg&hellip;\n","protected":false},"author":2,"featured_media":126145,"comment_status":"","ping_status":"","sticky":false,"template":"","format":"standard","meta":{"footnotes":""},"categories":[10],"tags":[20,21,24,25,15,22,23,13,30,28,29,14,16,26,27],"class_list":{"0":"post-126144","1":"post","2":"type-post","3":"status-publish","4":"format-standard","5":"has-post-thumbnail","7":"category-norge","8":"tag-breaking-news","9":"tag-breakingnews","10":"tag-featured-news","11":"tag-featurednews","12":"tag-headlines","13":"tag-latest-news","14":"tag-latestnews","15":"tag-news","16":"tag-no","17":"tag-norge","18":"tag-norway","19":"tag-nyheter","20":"tag-overskrifter","21":"tag-top-stories","22":"tag-topstories"},"share_on_mastodon":{"url":"https:\/\/pubeurope.com\/@no\/115819543450389038","error":""},"_links":{"self":[{"href":"https:\/\/www.europesays.com\/no\/wp-json\/wp\/v2\/posts\/126144","targetHints":{"allow":["GET"]}}],"collection":[{"href":"https:\/\/www.europesays.com\/no\/wp-json\/wp\/v2\/posts"}],"about":[{"href":"https:\/\/www.europesays.com\/no\/wp-json\/wp\/v2\/types\/post"}],"author":[{"embeddable":true,"href":"https:\/\/www.europesays.com\/no\/wp-json\/wp\/v2\/users\/2"}],"replies":[{"embeddable":true,"href":"https:\/\/www.europesays.com\/no\/wp-json\/wp\/v2\/comments?post=126144"}],"version-history":[{"count":0,"href":"https:\/\/www.europesays.com\/no\/wp-json\/wp\/v2\/posts\/126144\/revisions"}],"wp:featuredmedia":[{"embeddable":true,"href":"https:\/\/www.europesays.com\/no\/wp-json\/wp\/v2\/media\/126145"}],"wp:attachment":[{"href":"https:\/\/www.europesays.com\/no\/wp-json\/wp\/v2\/media?parent=126144"}],"wp:term":[{"taxonomy":"category","embeddable":true,"href":"https:\/\/www.europesays.com\/no\/wp-json\/wp\/v2\/categories?post=126144"},{"taxonomy":"post_tag","embeddable":true,"href":"https:\/\/www.europesays.com\/no\/wp-json\/wp\/v2\/tags?post=126144"}],"curies":[{"name":"wp","href":"https:\/\/api.w.org\/{rel}","templated":true}]}}