{"id":126146,"date":"2026-01-01T11:19:11","date_gmt":"2026-01-01T11:19:11","guid":{"rendered":"https:\/\/www.europesays.com\/no\/126146\/"},"modified":"2026-01-01T11:19:11","modified_gmt":"2026-01-01T11:19:11","slug":"victor-carnel-16-har-wolfram-syndrom-er-tatt-ut-pa-juniorlandslaget-i-svomming","status":"publish","type":"post","link":"https:\/\/www.europesays.com\/no\/126146\/","title":{"rendered":"Victor Carnel (16) har Wolfram syndrom \u2013 er tatt ut p\u00e5 juniorlandslaget i sv\u00f8mming"},"content":{"rendered":"\n<ul class=\"_list_o9xde_3 _list_64s2r_85 _unordered_o9xde_106 text-sans-m\">\n<li class=\"_item_o9xde_30\">Victor Carnel (16) har Wolfram-syndrom, som har gjort ham nesten blind.<\/li>\n<li class=\"_item_o9xde_30\">Han m\u00e5tte gi opp fotball og tennis, men satser n\u00e5 p\u00e5 sv\u00f8mming.<\/li>\n<li class=\"_item_o9xde_30\">Victor ble nylig tatt ut p\u00e5 juniorlandslaget i sv\u00f8mming.<\/li>\n<li class=\"_item_o9xde_30\">Hans motto er \u00abAlt alle kan, kan jeg ogs\u00e5.\u00bb<\/li>\n<\/ul>\n<p>Vis mer <\/p>\n<p class=\"_paragraph_o9xde_4 _paragraph_xtcu6_10 layout-component text-serif-m layout-normal text-serif-m layout-padded\">\u2013 Jeg har ett motto i livet, og det er: \u00abAlt alle kan, kan jeg ogs\u00e5\u00bb, sier Victor Carnel (16) selvsikkert. <\/p>\n<p class=\"_paragraph_o9xde_4 _paragraph_xtcu6_10 layout-component text-serif-m layout-normal text-serif-m layout-padded\">Som seks\u00e5ring ble han diagnostisert med Wolfram syndrom. Syndromet rammer ulikt. For Victor startet det med at synet ble d\u00e5rligere.<\/p>\n<p class=\"_paragraph_o9xde_4 _paragraph_xtcu6_10 layout-component text-serif-m layout-normal text-serif-m layout-padded\">\u2013 Det var litt skummelt. Man mister jo en sans, sier han selv.<\/p>\n<p><img alt=\"Mamma Eline Vanden Bussche hjelper s\u00f8nnen med skolissene utenfor huset deres i Porsgrunn.   Foto: Elisabeth Altenborg \/ VG\" class=\"_image_qp4xg_65 layout-component layout-normal\" data-fullscreen- data-track-element-type=\"Article image fullscreen\" data-track-name=\"ImageFullscreen\" decoding=\"async\" loading=\"lazy\" height=\"3784\" itemprop=\"image\"  src=\"https:\/\/www.europesays.com\/no\/wp-content\/uploads\/2026\/01\/34336f7f-6362-4716-b833-baf344a6bc78.jpeg\"  style=\"object-position:0% 0%\" width=\"5676\"\/>Mamma Eline Vanden Bussche hjelper s\u00f8nnen med skolissene utenfor huset deres i Porsgrunn.   Foto: Elisabeth Altenborg \/ VG<\/p>\n<p class=\"_paragraph_o9xde_4 _paragraph_xtcu6_10 layout-component text-serif-m layout-normal text-serif-m layout-padded\">Selv husker ikke Victor s\u00e5 mye, men det gj\u00f8r mamma Eline Vanden Bussche.<\/p>\n<p class=\"_paragraph_o9xde_4 _paragraph_xtcu6_10 layout-component text-serif-m layout-normal text-serif-m layout-padded\">\u2013 Du sa til meg: \u00abMamma, n\u00e5 er det p\u00e5 tide at de finner en l\u00f8sning, for jeg ser ganske d\u00e5rlig n\u00e5\u00bb, sier hun.<\/p>\n<p>Wolfram syndromHva er Wolfram syndrom?<\/p>\n<p class=\"_paragraph_o9xde_4 _paragraph_xtcu6_10 _paragraph_16v91_10 layout-component text-serif-m layout-normal text-sans-m layout-padded\" itemprop=\"text\">Professor Anne Hege Aamodt, spesialist i nevrologi, overlege og seniorforsker, ved Oslo universitetssykehus uttaler seg p\u00e5 generelt grunnlag: <\/p>\n<p class=\"_paragraph_o9xde_4 _paragraph_xtcu6_10 _paragraph_16v91_10 layout-component text-serif-m layout-normal text-sans-m layout-padded\" itemprop=\"text\">\u00abWolfram-syndrom er en sv\u00e6rt sjelden, arvelig sykdom som ofte starter i barndommen og p\u00e5virker flere deler av kroppen. <\/p>\n<p class=\"_paragraph_o9xde_4 _paragraph_xtcu6_10 _paragraph_16v91_10 layout-component text-serif-m layout-normal text-sans-m layout-padded\" itemprop=\"text\">Sykdommen er alvorlig og utvikler seg gradvis. Mange lever kortere enn gjennomsnittet. D\u00f8ds\u00e5rsaken er ofte knyttet til p\u00e5virkning av nervesystemet.<\/p>\n<p class=\"_paragraph_o9xde_4 _paragraph_xtcu6_10 _paragraph_16v91_10 layout-component text-serif-m layout-normal text-sans-m layout-padded\" itemprop=\"text\">Det finnes forel\u00f8pig ingen kur, men st\u00f8ttende behandling kan lindre symptomer og bedre livskvaliteten. Samtidig p\u00e5g\u00e5r det internasjonal forskning for \u00e5 finne bedre og mer m\u00e5lrettet behandling.\u00bb<\/p>\n<p>Hva er vanlige symptomer?<\/p>\n<p class=\"_paragraph_o9xde_4 _paragraph_xtcu6_10 _paragraph_16v91_10 layout-component text-serif-m layout-normal text-sans-m layout-padded\" itemprop=\"text\">De fleste f\u00e5r sukkersyke (diabetes) tidlig i livet. Etter hvert utvikler mange gradvis synstap fordi synsnerven blir skadet, og mange f\u00e5r ogs\u00e5 nedsatt h\u00f8rsel. Noen f\u00e5r i tillegg en form for diabetes som gir sterk t\u00f8rste og store urinmengder.<\/p>\n<p class=\"_paragraph_o9xde_4 _paragraph_xtcu6_10 _paragraph_16v91_10 layout-component text-serif-m layout-normal text-sans-m layout-padded\" itemprop=\"text\">Sykdommen kan ogs\u00e5 f\u00f8re til balanseproblemer, pustevansker, problemer med urinbl\u00e6ren og psykiske plager som angst og depresjon. Symptomene utvikler seg over tid og varierer fra person til person.<\/p>\n<p>Hvor mange har Wolfram syndrom?<\/p>\n<p class=\"_paragraph_o9xde_4 _paragraph_xtcu6_10 _paragraph_16v91_10 layout-component text-serif-m layout-normal text-sans-m layout-padded\" itemprop=\"text\">Wolfram syndrom er ekstremt sjeldent. Internasjonalt ansl\u00e5s det at rundt \u00e9n av 700 000 mennesker har sykdommen. I Norge betyr det trolig at f\u00e6rre enn ti personer lever med diagnosen.<\/p>\n<p class=\"_paragraph_o9xde_4 _paragraph_xtcu6_10 _paragraph_16v91_10 layout-component text-serif-m layout-normal text-sans-m layout-padded\" itemprop=\"text\">Kilde: Professor Anne Hege Aamodt, spesialist i nevrologi, overlege og seniorforsker, ved Oslo universitetssykehus<\/p>\n<p class=\"_paragraph_o9xde_4 _paragraph_xtcu6_10 layout-component text-serif-m layout-normal text-serif-m layout-padded\">P\u00e5 tre \u00e5r gikk han fra \u00e5 se normalt til \u00e5 m\u00e5tte lese punktskrift. <\/p>\n<p class=\"_paragraph_o9xde_4 _paragraph_xtcu6_10 layout-component text-serif-m layout-normal text-serif-m layout-padded\">\u2013 Det var tungt, man er veldig bekymret som forelder, sier moren om tiden da Victor fikk diagnosen.<\/p>\n<p class=\"_paragraph_o9xde_4 _paragraph_xtcu6_10 layout-component text-serif-m layout-normal text-serif-m layout-padded\"> \u2013 Men hvis du hadde sagt til meg da han var fem-seks hvordan det er n\u00e5, hadde jeg v\u00e6rt mye mindre bekymret, sier Vanden Bussche videre.<\/p>\n<p><img alt=\"Victor m\u00e5tte l\u00e6re seg punktskrift.   Foto: Elisabeth Altenborg \/ VG\" class=\"_image_qp4xg_65 layout-component layout-normal\" data-fullscreen- data-track-element-type=\"Article image fullscreen\" data-track-name=\"ImageFullscreen\" decoding=\"async\" loading=\"lazy\" height=\"3648\" itemprop=\"image\"  src=\"https:\/\/www.europesays.com\/no\/wp-content\/uploads\/2026\/01\/90e10927-0ce1-48b5-9280-445a70251edc.jpeg\"  style=\"object-position:0% 0%\" width=\"5472\"\/>Victor m\u00e5tte l\u00e6re seg punktskrift.   Foto: Elisabeth Altenborg \/ VG<\/p>\n<p class=\"_paragraph_o9xde_4 _paragraph_xtcu6_10 layout-component text-serif-m layout-normal text-serif-m layout-padded\">Victor m\u00e5tte slutte med fotball og tennis.<\/p>\n<p class=\"_paragraph_o9xde_4 _paragraph_xtcu6_10 layout-component text-serif-m layout-normal text-serif-m layout-padded\">\u2013 Det var irriterende, men n\u00e5r en ikke ser ballen m\u00e5 man slutte, forklarer han.<\/p>\n<p class=\"_paragraph_o9xde_4 _paragraph_xtcu6_10 layout-component text-serif-m layout-normal text-serif-m layout-padded\">N\u00e5 har synet stabilisert seg p\u00e5 omtrent fem prosent. Victor ser kontraster og konturer. Han har diabetes, men h\u00f8rselen er god.<\/p>\n<p class=\"_paragraph_o9xde_4 _paragraph_xtcu6_10 layout-component text-serif-m layout-normal text-serif-m layout-padded\">Han vet ikke om han noen gang kommer til \u00e5 miste synet helt.<\/p>\n<p class=\"_paragraph_o9xde_4 _paragraph_xtcu6_10 layout-component text-serif-m layout-normal text-serif-m layout-padded\">\u2013 Jeg tenker at negativitet er noe du kan gj\u00f8re n\u00e5r du er helt p\u00e5 b\u00e5nn, sier han.<\/p>\n<p><img alt=\"Pappa Lode Carnel hjelper ogs\u00e5 til med skolissene.  Foto: Elisabeth Altenborg \/ VG\" class=\"_image_qp4xg_65 layout-component layout-normal\" data-fullscreen- data-track-element-type=\"Article image fullscreen\" data-track-name=\"ImageFullscreen\" decoding=\"async\" loading=\"lazy\" height=\"3441\" itemprop=\"image\"  src=\"https:\/\/www.europesays.com\/no\/wp-content\/uploads\/2026\/01\/fdd049f7-331e-4a6b-a7e1-68e40f676e62.jpeg\"  style=\"object-position:0% 0%\" width=\"5161\"\/>Pappa Lode Carnel hjelper ogs\u00e5 til med skolissene.  Foto: Elisabeth Altenborg \/ VG<\/p>\n<p class=\"_paragraph_o9xde_4 _paragraph_xtcu6_10 layout-component text-serif-m layout-normal text-serif-m layout-padded\">Victor lar alts\u00e5 ikke sykdommen prege aktiviteten i hverdagen, han har funnet nye sporter.<\/p>\n<p class=\"_paragraph_o9xde_4 _paragraph_xtcu6_10 layout-component text-serif-m layout-normal text-serif-m layout-padded\">\u2013 Jeg kjeder meg egentlig aldri, s\u00e5 jeg har aldri tid til \u00e5 v\u00e6re ulykkelig, sier 16-\u00e5ringen.<\/p>\n<p class=\"_paragraph_o9xde_4 _paragraph_xtcu6_10 layout-component text-serif-m layout-normal text-serif-m layout-padded\">Victor og familien bor i et stort hvitt hus i Porsgrunn. Fra kj\u00f8kkenet kan man se Eidangerfjorden. Rett nedenfor huset er det en brygge i fjorden. <\/p>\n<p class=\"_paragraph_o9xde_4 _paragraph_xtcu6_10 layout-component text-serif-m layout-normal text-serif-m layout-padded\">Victor har bodd i huset ved vannet hele livet, og badet ved bryggen s\u00e5 lenge han kan huske.<\/p>\n<p><img alt=\"Familien ved huset ved vannet.  Foto: Elisabeth Altenborg \/ VG\" class=\"_image_qp4xg_65 layout-component layout-normal\" data-fullscreen- data-track-element-type=\"Article image fullscreen\" data-track-name=\"ImageFullscreen\" decoding=\"async\" loading=\"lazy\" height=\"3955\" itemprop=\"image\"  src=\"https:\/\/www.europesays.com\/no\/wp-content\/uploads\/2026\/01\/75f3d9f4-71ba-4a25-89ae-0082cb679cc1.png\"  style=\"object-position:0% 0%\" width=\"5933\"\/>Familien ved huset ved vannet.  Foto: Elisabeth Altenborg \/ VG<\/p>\n<p class=\"_paragraph_o9xde_4 _paragraph_xtcu6_10 layout-component text-serif-m layout-normal text-serif-m layout-padded\">Det er i sv\u00f8mmehallen han tar tak.<\/p>\n<p class=\"_paragraph_o9xde_4 _paragraph_xtcu6_10 layout-component text-serif-m layout-normal text-serif-m layout-padded\">\u2013 Jeg sier alltid at sv\u00f8mming er en m\u00e5te \u00e5 bli fri. Alt g\u00e5r jo mye saktere i vann enn p\u00e5 land.<\/p>\n<p class=\"_paragraph_o9xde_4 _paragraph_xtcu6_10 layout-component text-serif-m layout-normal text-serif-m layout-padded\">I sv\u00f8mmehallen og sv\u00f8mmeklubben Poseidon fikk Victor kjenne p\u00e5 mestringsf\u00f8lelse. Victor g\u00e5r p\u00e5 toppidrettslinjen p\u00e5 TTG i Skien. I h\u00f8st ble han tatt ut p\u00e5 juniorlandslaget. <\/p>\n<p class=\"_paragraph_o9xde_4 _paragraph_xtcu6_10 layout-component text-serif-m layout-normal text-serif-m layout-padded\">Der sv\u00f8mmer han med funksjonsfriske juniorsv\u00f8mmere. I november tok han to medaljer under nordisk mesterskap p\u00e5 Island. <\/p>\n<p class=\"_paragraph_o9xde_4 _paragraph_xtcu6_10 layout-component text-serif-m layout-normal text-serif-m layout-padded\">Men sv\u00f8mming uten \u00e5 se er ikke bare enkelt.<\/p>\n<p class=\"_paragraph_o9xde_4 _paragraph_xtcu6_10 layout-component text-serif-m layout-normal text-serif-m layout-padded\">I konkurranser f\u00e5r Victor hjelp av blant annet Espen Helland. <\/p>\n<p class=\"_paragraph_o9xde_4 _paragraph_xtcu6_10 layout-component text-serif-m layout-normal text-serif-m layout-padded\">Helland \u00abtapper\u00bbVictor p\u00e5 hodet n\u00e5r han n\u00e6rmer seg bassengkanten:<\/p>\n<p class=\"_paragraph_o9xde_4 _paragraph_xtcu6_10 layout-component text-serif-m layout-normal text-serif-m layout-padded\">\u2013 Sv\u00f8mmingen har betydd en \u00e5pning i hverdagen, en \u00e5pning til \u00e5 gj\u00f8re noe annet enn \u00e5 h\u00f8re p\u00e5 lydbok.<\/p>\n<p class=\"_paragraph_o9xde_4 _paragraph_xtcu6_10 layout-component text-serif-m layout-normal text-serif-m layout-padded\">\u2013 Du h\u00f8rer mye p\u00e5 lydbok?<\/p>\n<p class=\"_paragraph_o9xde_4 _paragraph_xtcu6_10 layout-component text-serif-m layout-normal text-serif-m layout-padded\">\u2013 Det er ganske selvf\u00f8lgelig da &#8230; Det er det samme som \u00e5 sp\u00f8rre en annen ungdom: \u00abSpiller du mye eller ser du mye p\u00e5 Netflix?\u00bb, sier han. .<\/p>\n<p class=\"_paragraph_o9xde_4 _paragraph_xtcu6_10 layout-component text-serif-m layout-normal text-serif-m layout-padded\">\u2013 Jeg ser ikke mye p\u00e5 Netflix og jeg spiller ikke mye, men jeg h\u00f8rer ganske ofte p\u00e5 lydbok, ja.<\/p>\n<p><img alt=\"Foto: Elisabeth Altenborg \/ VG\" class=\"_image_qp4xg_65 layout-component layout-normal\" data-fullscreen- data-track-element-type=\"Article image fullscreen\" data-track-name=\"ImageFullscreen\" decoding=\"async\" loading=\"lazy\" height=\"3453\" itemprop=\"image\"  src=\"https:\/\/www.europesays.com\/no\/wp-content\/uploads\/2026\/01\/37388fd1-3a2d-425a-8b8a-4da980cc31cd.jpeg\"  style=\"object-position:0% 0%\" width=\"5179\"\/>Foto: Elisabeth Altenborg \/ VG<\/p>\n<p class=\"_paragraph_o9xde_4 _paragraph_xtcu6_10 layout-component text-serif-m layout-normal text-serif-m layout-padded\">\u2013 Du m\u00e5 vise hvordan du h\u00f8rer p\u00e5 lydbok, oppfordrer pappa Lode Carnel.<\/p>\n<p class=\"_paragraph_o9xde_4 _paragraph_xtcu6_10 layout-component text-serif-m layout-normal text-serif-m layout-padded\">Victor tar opp telefonen, tar den helt inntil ansiktet. Han gj\u00f8r noen tastetrykk f\u00f8r en engelsk stemme skyter fart fra mobilh\u00f8yttalerne. <\/p>\n<p class=\"_paragraph_o9xde_4 _paragraph_xtcu6_10 layout-component text-serif-m layout-normal text-serif-m layout-padded\">Det leses s\u00e5 fort at stemmen forvrenges.<\/p>\n<p class=\"_paragraph_o9xde_4 _paragraph_xtcu6_10 layout-component text-serif-m layout-normal text-serif-m layout-padded\">\u2013 Dere f\u00e5r hodepine, konstaterer Victor selv.<\/p>\n<p><img alt=\"Foto: Elisabeth Altenborg \/ VG\" class=\"_image_qp4xg_65 layout-component layout-normal\" data-fullscreen- data-track-element-type=\"Article image fullscreen\" data-track-name=\"ImageFullscreen\" decoding=\"async\" loading=\"lazy\" height=\"3648\" itemprop=\"image\"  src=\"https:\/\/www.europesays.com\/no\/wp-content\/uploads\/2026\/01\/83e66244-d608-4ba4-b3ba-50f435d29d2f.jpeg\"  style=\"object-position:0% 0%\" width=\"5472\"\/>Foto: Elisabeth Altenborg \/ VG<\/p>\n<p class=\"_paragraph_o9xde_4 _paragraph_xtcu6_10 layout-component text-serif-m layout-normal text-serif-m layout-padded\">Men dette h\u00f8rer Victor p\u00e5 omtrent en og en halv time hver eneste dag. I firedobbel hastighet.<\/p>\n<p class=\"_paragraph_o9xde_4 _paragraph_xtcu6_10 layout-component text-serif-m layout-normal text-serif-m layout-padded\">\u2013 Hvorfor?<\/p>\n<p class=\"_paragraph_o9xde_4 _paragraph_xtcu6_10 layout-component text-serif-m layout-normal text-serif-m layout-padded\">\u2013 Hvem vil h\u00f8re p\u00e5 lydbok i 12 timer n\u00e5r det kan gj\u00f8res p\u00e5 3 timer? sp\u00f8r 16-\u00e5ringen seg.<\/p>\n<p class=\"_paragraph_o9xde_4 _paragraph_xtcu6_10 layout-component text-serif-m layout-normal text-serif-m layout-padded\">Victor mener lydbok og sv\u00f8mming gir mye av det samme.<\/p>\n<p class=\"_paragraph_o9xde_4 _paragraph_xtcu6_10 layout-component text-serif-m layout-normal text-serif-m layout-padded\">\u2013 Du kommer deg litt ut av hverdagen, det er som \u00e5 flykte litt fra \u00e5 v\u00e6re blind hele tiden, sier han.<\/p>\n<p><img alt=\"Victor forteller at han spiser minst fem boller etter trening p\u00e5 l\u00f8rdager. Han har ogs\u00e5 funnet en optimal frokost: En sk\u00e5l med havregr\u00f8t, fire br\u00f8dskiver med salami, to med egger\u00f8re og to med syltet\u00f8y. M\u00e5ltidet avsluttes med pannekaker.   Foto: Elisabeth Altenborg \/ VG\" class=\"_image_qp4xg_65 layout-component layout-normal\" data-fullscreen- data-track-element-type=\"Article image fullscreen\" data-track-name=\"ImageFullscreen\" decoding=\"async\" loading=\"lazy\" height=\"3648\" itemprop=\"image\"  src=\"https:\/\/www.europesays.com\/no\/wp-content\/uploads\/2026\/01\/60d01a5b-c954-4d0e-9c93-fe2c8a00f78e.jpeg\"  style=\"object-position:0% 0%\" width=\"5472\"\/>Victor forteller at han spiser minst fem boller etter trening p\u00e5 l\u00f8rdager. Han har ogs\u00e5 funnet en optimal frokost: En sk\u00e5l med havregr\u00f8t, fire br\u00f8dskiver med salami, to med egger\u00f8re og to med syltet\u00f8y. M\u00e5ltidet avsluttes med pannekaker.   Foto: Elisabeth Altenborg \/ VG<\/p>\n<p class=\"_paragraph_o9xde_4 _paragraph_xtcu6_10 layout-component text-serif-m layout-normal text-serif-m layout-padded\">Eline forteller at hun var redd for \u00e5 m\u00e5tte bruke mange \u00e5r p\u00e5 \u00e5 stelle med s\u00f8nnen, men slik har det ikke blitt.<\/p>\n<p class=\"_paragraph_o9xde_4 _paragraph_xtcu6_10 layout-component text-serif-m layout-normal text-serif-m layout-padded\">\u2013 Han blir bare irritert hvis jeg skal hjelpe ham med ting, sier hun. <\/p>\n<p class=\"_paragraph_o9xde_4 _paragraph_xtcu6_10 layout-component text-serif-m layout-normal text-serif-m layout-padded\">B\u00e5de hun og pappa Lode Carnel har v\u00e6rt opptatt av \u00e5 ikke begrense Victor med sine bekymringer.<\/p>\n<p class=\"_paragraph_o9xde_4 _paragraph_xtcu6_10 layout-component text-serif-m layout-normal text-serif-m layout-padded\">\u2013 Selv om jeg av og til m\u00e5 svelge litt \u00e5 si \u00abEr du s\u00e5 sikker p\u00e5 det?\u00bb sier hun og ler.<\/p>\n<p class=\"_paragraph_o9xde_4 _paragraph_xtcu6_10 layout-component text-serif-m layout-normal text-serif-m layout-padded\">I vinter syklet Victor opp TeideTeideVulkan 3 718 meter over havet. Sykkelturen er p\u00e5 40 kilometer. p\u00e5 Tenerife sammen med faren og s\u00f8steren sin. <\/p>\n<p class=\"_paragraph_o9xde_4 _paragraph_xtcu6_10 layout-component text-serif-m layout-normal text-serif-m layout-padded\">\u2013 Jeg tror de fleste blinde har problemer med at de ikke f\u00e5r tatt ut potensialet sitt fordi de er redde for \u00e5 pr\u00f8ve, sier Victor.<\/p>\n<p class=\"_paragraph_o9xde_4 _paragraph_xtcu6_10 layout-component text-serif-m layout-normal text-serif-m layout-padded\">\u2013 Man m\u00e5 kaste seg ut i det, og g\u00e5r det ikke som det skulle g\u00e5? Nei vel, da f\u00e5r man kaste seg ut i noe annet da.<\/p>\n<p> Eline Rustad \u00d8stmoe<\/p>\n<p class=\"text-sans-s\">Journalist<\/p>\n<p><img decoding=\"async\" alt=\"Eline Rustad \u00d8stmoe\" class=\"_image_uv074_179\" src=\"https:\/\/www.europesays.com\/no\/wp-content\/uploads\/2026\/01\/3bf80b5d-24fb-4d03-bfe4-7dc57ed1aea3.jpeg\" width=\"480\"\/>Kontakt Eline Rustad \u00d8stmoe     <\/p>\n","protected":false},"excerpt":{"rendered":"Victor Carnel (16) har Wolfram-syndrom, som har gjort ham nesten blind. Han m\u00e5tte gi opp fotball og tennis,&hellip;\n","protected":false},"author":2,"featured_media":126147,"comment_status":"","ping_status":"","sticky":false,"template":"","format":"standard","meta":{"footnotes":""},"categories":[10],"tags":[20,21,24,25,15,22,23,13,30,28,29,14,16,14563,238,26,27],"class_list":{"0":"post-126146","1":"post","2":"type-post","3":"status-publish","4":"format-standard","5":"has-post-thumbnail","7":"category-norge","8":"tag-breaking-news","9":"tag-breakingnews","10":"tag-featured-news","11":"tag-featurednews","12":"tag-headlines","13":"tag-latest-news","14":"tag-latestnews","15":"tag-news","16":"tag-no","17":"tag-norge","18":"tag-norway","19":"tag-nyheter","20":"tag-overskrifter","21":"tag-paraidrett","22":"tag-svomming","23":"tag-top-stories","24":"tag-topstories"},"share_on_mastodon":{"url":"https:\/\/pubeurope.com\/@no\/115819575024037093","error":""},"_links":{"self":[{"href":"https:\/\/www.europesays.com\/no\/wp-json\/wp\/v2\/posts\/126146","targetHints":{"allow":["GET"]}}],"collection":[{"href":"https:\/\/www.europesays.com\/no\/wp-json\/wp\/v2\/posts"}],"about":[{"href":"https:\/\/www.europesays.com\/no\/wp-json\/wp\/v2\/types\/post"}],"author":[{"embeddable":true,"href":"https:\/\/www.europesays.com\/no\/wp-json\/wp\/v2\/users\/2"}],"replies":[{"embeddable":true,"href":"https:\/\/www.europesays.com\/no\/wp-json\/wp\/v2\/comments?post=126146"}],"version-history":[{"count":0,"href":"https:\/\/www.europesays.com\/no\/wp-json\/wp\/v2\/posts\/126146\/revisions"}],"wp:featuredmedia":[{"embeddable":true,"href":"https:\/\/www.europesays.com\/no\/wp-json\/wp\/v2\/media\/126147"}],"wp:attachment":[{"href":"https:\/\/www.europesays.com\/no\/wp-json\/wp\/v2\/media?parent=126146"}],"wp:term":[{"taxonomy":"category","embeddable":true,"href":"https:\/\/www.europesays.com\/no\/wp-json\/wp\/v2\/categories?post=126146"},{"taxonomy":"post_tag","embeddable":true,"href":"https:\/\/www.europesays.com\/no\/wp-json\/wp\/v2\/tags?post=126146"}],"curies":[{"name":"wp","href":"https:\/\/api.w.org\/{rel}","templated":true}]}}