{"id":126148,"date":"2026-01-01T11:20:14","date_gmt":"2026-01-01T11:20:14","guid":{"rendered":"https:\/\/www.europesays.com\/no\/126148\/"},"modified":"2026-01-01T11:20:14","modified_gmt":"2026-01-01T11:20:14","slug":"astrid-oyre-slind-bryter-tour-de-ski-2","status":"publish","type":"post","link":"https:\/\/www.europesays.com\/no\/126148\/","title":{"rendered":"Astrid \u00d8yre Slind bryter Tour de Ski"},"content":{"rendered":"<p>Astrid \u00d8yre Slind l\u00e5 p\u00e5 andreplass i sammendraget, men reiser n\u00e5 alts\u00e5 hjem fra Italia. Grunnen er sykdom.<\/p>\n<p> Det opplyser Norges Skiforbund. Forbundet skriver at 37-\u00e5ringen v\u00e5knet med s\u00e5r hals i morges.<\/p>\n<p data-lab-font_weight=\"\"> \u2013 Kjedelig, men ikke noe \u00e5 f\u00e5 gjort noe med. Jeg er dessverre blitt syk i natt, og det er bare \u00e5 \u00f8nske de andre jentene lykke til, sier Slind. <\/p>\n<p data-lab-font_weight=\"\"> F\u00f8r den 4. etappen torsdag l\u00e5 hun 50 sekunder bak amerikanske Jessie Diggins i sammendraget.\u00a0<\/p>\n<p data-lab-font_weight=\"\">\u2013 Hun hadde tidenes mulighet til \u00e5 vinne sin f\u00f8rste Tour de Ski, sier trener Chris Jespersen til NRK. <\/p>\n<p data-lab-font_weight=\"\">Det er dr\u00f8yt en m\u00e5ned til sesongens store m\u00e5l: OL i Milano og Cortina.<\/p>\n<p data-lab-font_weight=\"\">\u2013 Hvis dette er noe Astrid blir plaget med lenge, s\u00e5 er det klart det kan p\u00e5virke OL-sjansene, men i utgangspunktet b\u00f8r dette g\u00e5 bra, sier TV 2s langrennsekspert Petter Soleng Skinstad, og fortsetter:<\/p>\n<p data-lab-font_weight=\"\">\u2013 N\u00f8kkelen er \u00e5 ta tak i dette raskt, og da synes jeg det er voksent \u00e5 trekke seg fra en tour der hun faktisk var med \u00e5 kjempe om seieren totalt. Jeg krysser fingrene for at hun er i trening igjen ganske snart og at hun f\u00e5r lagt ned en like god jobb inn mot OL som det hun fikk gjort inn mot touren. Her har hun v\u00e6rt veldig, veldig sterk.<\/p>\n<p> Oskar Opstad Vike reiser ogs\u00e5 hjem. Han sliter med ryggen.<\/p>\n<p>\u2013 Han fikk etter g\u00e5rsdagens renn i Toblach kjenning med smerter i rygg. I samr\u00e5d med helseteamet, er det besluttet at Opstad Vike st\u00e5r av \u00e5rets tour f\u00f8r dagens renn, sier landslagslege Ove Feragen.<\/p>\n<p>        <img class=\"image__img lazyload\" itemprop=\"image\" title=\"Foto: Geir Olsen \/ NTB\" alt=\"REISER OGS\u00c5 HJEM: Oskar Opstad Vike. Foto: Geir Olsen \/ NTB\" width=\"978\" height=\"551\" bad-src=\"https:\/\/www.europesays.com\/no\/wp-content\/uploads\/2026\/01\/1767266414_643_18424210.webp.jpeg\" fetchpriority=\"auto\" \/><\/p>\n<p>      REISER OGS\u00c5 HJEM: Oskar Opstad Vike.<br \/>\n         Foto: Geir Olsen \/ NTB<\/p>\n<p>Det er s\u00e6rdeles ugunstig for sprinteren, ettersom det er\u00a0klassisksprint i Val di Fiemme 3. januar, i den samme l\u00f8ypa som skal v\u00e6re i OL.<\/p>\n<p>21-\u00e5ringen er er blant de norske ut\u00f8verne som kjemper for en plass i Norges OL-tropp.<\/p>\n<p>\u2013 Oskar var p\u00e5 full fart inn i OL-troppen etter noen fantastiske renn i Gran\u00e5sen, Davos og Toblach. N\u00e5 g\u00e5r han glipp av en viktig test av OL-l\u00f8ypene, og et uttaksrenn der\u00a0l\u00f8perne som konkurrerer om sprintplassen kanskje ender opp med et kjemperesultat, sier Skinstad, og fortsetter:<\/p>\n<p>\u2013 I ytterste konsekvens kan denne kjenningen i ryggen sende han ut av OL. For Oskars del m\u00e5 vi uansett h\u00e5pe han er raskt tilbake i trening, for n\u00e5 kan det bli kamp om OL-plassen i sprint helt inn mot mesterskapet. <\/p>\n<p>Torsdag er det duket for den fjerde etappen av \u00e5rets Tour de Ski-utgave. 20km jaktstart st\u00e5r p\u00e5 programmet for b\u00e5de herrene og kvinnene.<\/p>\n","protected":false},"excerpt":{"rendered":"Astrid \u00d8yre Slind l\u00e5 p\u00e5 andreplass i sammendraget, men reiser n\u00e5 alts\u00e5 hjem fra Italia. Grunnen er sykdom.&hellip;\n","protected":false},"author":2,"featured_media":126086,"comment_status":"","ping_status":"","sticky":false,"template":"","format":"standard","meta":{"footnotes":""},"categories":[5],"tags":[20,21,24,25,15,19,22,23,17,18,13,30,28,29,14,16,26,27],"class_list":{"0":"post-126148","1":"post","2":"type-post","3":"status-publish","4":"format-standard","5":"has-post-thumbnail","7":"category-overskrifter","8":"tag-breaking-news","9":"tag-breakingnews","10":"tag-featured-news","11":"tag-featurednews","12":"tag-headlines","13":"tag-hovedoppslag","14":"tag-latest-news","15":"tag-latestnews","16":"tag-main-news","17":"tag-mainnews","18":"tag-news","19":"tag-no","20":"tag-norge","21":"tag-norway","22":"tag-nyheter","23":"tag-overskrifter","24":"tag-top-stories","25":"tag-topstories"},"share_on_mastodon":{"url":"https:\/\/pubeurope.com\/@no\/115819578850657726","error":""},"_links":{"self":[{"href":"https:\/\/www.europesays.com\/no\/wp-json\/wp\/v2\/posts\/126148","targetHints":{"allow":["GET"]}}],"collection":[{"href":"https:\/\/www.europesays.com\/no\/wp-json\/wp\/v2\/posts"}],"about":[{"href":"https:\/\/www.europesays.com\/no\/wp-json\/wp\/v2\/types\/post"}],"author":[{"embeddable":true,"href":"https:\/\/www.europesays.com\/no\/wp-json\/wp\/v2\/users\/2"}],"replies":[{"embeddable":true,"href":"https:\/\/www.europesays.com\/no\/wp-json\/wp\/v2\/comments?post=126148"}],"version-history":[{"count":0,"href":"https:\/\/www.europesays.com\/no\/wp-json\/wp\/v2\/posts\/126148\/revisions"}],"wp:featuredmedia":[{"embeddable":true,"href":"https:\/\/www.europesays.com\/no\/wp-json\/wp\/v2\/media\/126086"}],"wp:attachment":[{"href":"https:\/\/www.europesays.com\/no\/wp-json\/wp\/v2\/media?parent=126148"}],"wp:term":[{"taxonomy":"category","embeddable":true,"href":"https:\/\/www.europesays.com\/no\/wp-json\/wp\/v2\/categories?post=126148"},{"taxonomy":"post_tag","embeddable":true,"href":"https:\/\/www.europesays.com\/no\/wp-json\/wp\/v2\/tags?post=126148"}],"curies":[{"name":"wp","href":"https:\/\/api.w.org\/{rel}","templated":true}]}}