{"id":126156,"date":"2026-01-01T11:32:09","date_gmt":"2026-01-01T11:32:09","guid":{"rendered":"https:\/\/www.europesays.com\/no\/126156\/"},"modified":"2026-01-01T11:32:09","modified_gmt":"2026-01-01T11:32:09","slug":"historisk-new-york-borgermester-tatt-i-ed","status":"publish","type":"post","link":"https:\/\/www.europesays.com\/no\/126156\/","title":{"rendered":"Historisk New York-borgermester tatt i ed"},"content":{"rendered":"\n<ul class=\"_list_o9xde_3 _list_64s2r_85 _unordered_o9xde_106 text-sans-m\">\n<li class=\"_item_o9xde_30\">Zohran Mamdani er New Yorks f\u00f8rste muslimske borgermester, tatt i ed p\u00e5 nytt\u00e5rsaften.<\/li>\n<li class=\"_item_o9xde_30\">Seremonien ble ledet av delstatsadvokat Letitia James.<\/li>\n<li class=\"_item_o9xde_30\">Mamdani har s\u00f8rasiatisk opphav.<\/li>\n<li class=\"_item_o9xde_30\">Han, som har s\u00f8rasiatisk opphav og er muslimsk, har m\u00f8tt kritikk og rasisme, blant annet fra Geert Wilders.<\/li>\n<li class=\"_item_o9xde_30\">Offentlig seremoni holdes torsdag med senator Bernie Sanders.<\/li>\n<\/ul>\n<p>Vis mer <\/p>\n<p class=\"_paragraph_o9xde_4 _paragraph_xtcu6_10 layout-component text-serif-m layout-normal text-serif-m layout-padded\">Han er sosialdemokrat og bare 34 \u00e5r gammel. Han er muslim med s\u00f8rasiatisks\u00f8rasiatiskMor og far fra India; Mahmood Mamdani er en anerkjent professor ved Columbia University, mens hans mor, Mira Nair, er en Oscar-nominert filmregiss\u00f8r. opphav \u2013 f\u00f8dt i Kampala i Uganda.<\/p>\n<p class=\"_paragraph_o9xde_4 _paragraph_xtcu6_10 layout-component text-serif-m layout-normal text-serif-m layout-padded\"><strong class=\"_strong_o9xde_25\">Han er New Yorks 112. borgermester.<\/strong><\/p>\n<p class=\"_paragraph_o9xde_4 _paragraph_xtcu6_10 layout-component text-serif-m layout-normal text-serif-m layout-padded\">Den unge politikeren <a href=\"https:\/\/www.vg.no\/tag\/zohran-mamdani?utm_source=vg-article&amp;utm_medium=auto-tagger&amp;utm_campaign=L4ABVJ\" class=\"_link_o9xde_39\" rel=\"nofollow noopener\" target=\"_blank\">Zohran Mamdani<\/a> ble<a href=\"https:\/\/www.youtube.com\/watch?v=zj4hZVxitpU\" class=\"_link_o9xde_39\" rel=\"nofollow noopener\" target=\"_blank\"> tatt i ed<\/a> av New Yorks delstatsadvokat Letitia James da klokken slo midnatt p\u00e5 nytt\u00e5rsaften. Den private seremonien ble gjennomf\u00f8rt p\u00e5 den nedlagte \u2013 men \u00e6rverdige \u2013 Old City Hall undergrunnsstasjon.<\/p>\n<p class=\"_paragraph_o9xde_4 _paragraph_xtcu6_10 layout-component text-serif-m layout-normal text-serif-m layout-padded\">Under innsettelsesseremonien ble Mamdani ogs\u00e5 den f\u00f8rste ordf\u00f8reren som sverget til Koranen, islams helligste bok. Boken tilh\u00f8rte hans bestefar, if\u00f8lge <a href=\"https:\/\/www.nytimes.com\/2025\/12\/31\/nyregion\/mamdani-quran-inauguration-muslim.html\" class=\"_link_o9xde_39\" rel=\"nofollow noopener\" target=\"_blank\">The New York Times<\/a>.<\/p>\n<p class=\"_paragraph_o9xde_4 _paragraph_xtcu6_10 layout-component text-serif-m layout-normal text-serif-m layout-padded\"><strong class=\"_strong_o9xde_25\">\u2013 Dette er virkelig en \u00e6re og et privilegium for livet, sa Mamdani i en kort tale.<\/strong><\/p>\n<p><img alt=\"Rama Duwaji, Mamdanis kone, holdt koranen under seremonien.  Foto: AMIR HAMJA \/ AFP \/ NTB\" class=\"_image_qp4xg_65 layout-component layout-normal\" data-fullscreen- data-track-element-type=\"Article image fullscreen\" data-track-name=\"ImageFullscreen\" decoding=\"async\" loading=\"lazy\" height=\"2667\" itemprop=\"image\"  src=\"https:\/\/www.europesays.com\/no\/wp-content\/uploads\/2026\/01\/ce1cb6dd-37ac-4cdd-9dfd-d15708f3629c.png\"  style=\"object-position:0% 0%\" width=\"4000\"\/>Rama Duwaji, Mamdanis kone, holdt koranen under seremonien.  Foto: AMIR HAMJA \/ AFP \/ NTB<\/p>\n<p class=\"_paragraph_o9xde_4 _paragraph_xtcu6_10 layout-component text-serif-m layout-normal text-serif-m layout-padded\">Den nye borgermesteren kalte den gamle undergrunnsstasjon et \u00abvitnesbyrd om viktigheten av offentlig transport for vitaliteten, helsen og arven til byen v\u00e5r\u00bb. <\/p>\n<p class=\"_paragraph_o9xde_4 _paragraph_xtcu6_10 layout-component text-serif-m layout-normal text-serif-m layout-padded\">Etter seremonien betalte Mamdani de tradisjonelle ni dollarene og signerte den offisielle boken som gjorde innsettelsen komplett. <\/p>\n<p>\u2013 Ugyldig ed<\/p>\n<p class=\"_paragraph_o9xde_4 _paragraph_xtcu6_10 layout-component text-serif-m layout-normal text-serif-m layout-padded\">Den nederlandske, h\u00f8yreekstreme rikspolitikeren Geert Wilders kommenterte innsettelsen p\u00e5 sosiale medier med kritikk, og skrev at USA m\u00e5 \u00abv\u00e5kne\u00bb.<\/p>\n<p class=\"_paragraph_o9xde_4 _paragraph_xtcu6_10 layout-component text-serif-m layout-normal text-serif-m layout-padded\">\u2013 Ugyldig ed. Ingen Koran. USA er ikke islamsk. Enn\u00e5. V\u00e5kn opp, Amerika.<\/p>\n<p><img decoding=\"async\" alt=\"Bilde av Geert Wilders\" class=\"_image_ygndg_42\" height=\"27\" itemprop=\"image\" loading=\"lazy\"  src=\"https:\/\/www.europesays.com\/no\/wp-content\/uploads\/2026\/01\/83d23178-5cf3-4a6b-a695-8e8cefc10de1.png\"  width=\"40\"\/><strong class=\"_name_ygndg_51 title-serif-xs\">Geert Wilders<\/strong><\/p>\n<p class=\"_paragraph_o9xde_4 text-sans-m _description_ygndg_56\">grunnlegger og leder i partiet Partij voor de Vrijheid (PVV).<\/p>\n<p class=\"_paragraph_o9xde_4 _paragraph_xtcu6_10 layout-component text-serif-m layout-normal text-serif-m layout-padded\">Wilders er grunnlegger og leder i partiet Partij voor de Vrijheid (PVV), et av Nederlands st\u00f8rste partier. Han var \u00ablenge kjent som den mest innbitte islam-motstanderen av alle ytre h\u00f8yre-ledere ellers i Europa\u00bb, skrev <a href=\"https:\/\/www.dn.no\/kommentar\/wilders-fristelser\/2-1-1891952\" class=\"_link_o9xde_39\" rel=\"nofollow noopener\" target=\"_blank\">DN-kommentator<\/a> Simen Ekern. <\/p>\n<p class=\"_paragraph_o9xde_4 _paragraph_xtcu6_10 layout-component text-serif-m layout-normal text-serif-m layout-padded\">Wilders ble i 2011 stilt for retten i Nederland for <a href=\"https:\/\/www.telegraph.co.uk\/news\/worldnews\/europe\/netherlands\/8419643\/Geert-Wilders-steps-up-anti-Islam-rhetoric.html\" class=\"_link_o9xde_39\" rel=\"nofollow noopener\" target=\"_blank\">rasistiske utsagn<\/a>, men ble frikjent.<\/p>\n<p><img alt=\"Andrew Cuomo under en pressekonferanse i New York 9. september 2025, der han kritiserte partifelle Zohran Mamdani for \u00e5 ha opptr\u00e5dt sammen med influencer Hasan Piker, som uttalte at \u00abUSA fortjente 11. september\u00bb. Cuomo hevdet at Mamdani ikke var egnet som ordf\u00f8rer for byens j\u00f8diske befolkning.   Foto: MICHAEL M. SANTIAGO \/ AFP \/ NTB\" class=\"_image_qp4xg_65 layout-component layout-normal\" data-fullscreen- data-track-element-type=\"Article image fullscreen\" data-track-name=\"ImageFullscreen\" decoding=\"async\" loading=\"lazy\" height=\"4000\" itemprop=\"image\"  src=\"https:\/\/www.europesays.com\/no\/wp-content\/uploads\/2026\/01\/417c9355-0479-4300-b4e7-c6aabc3fba76.jpeg\"  style=\"object-position:0% 0%\" width=\"6000\"\/>Andrew Cuomo under en pressekonferanse i New York 9. september 2025, der han kritiserte partifelle Zohran Mamdani for \u00e5 ha opptr\u00e5dt sammen med influencer Hasan Piker, som uttalte at \u00abUSA fortjente 11. september\u00bb. Cuomo hevdet at Mamdani ikke var egnet som ordf\u00f8rer for byens j\u00f8diske befolkning.   Foto: MICHAEL M. SANTIAGO \/ AFP \/ NTB<\/p>\n<p class=\"_paragraph_o9xde_4 _paragraph_xtcu6_10 layout-component text-serif-m layout-normal text-serif-m layout-padded\">Gjennom hele valgkampen har den nye borgermesteren m\u00e5ttet h\u00e5ndtere rasistiske utsagn og kommentarer om sitt opphav.<\/p>\n<p class=\"_paragraph_o9xde_4 _paragraph_xtcu6_10 layout-component text-serif-m layout-normal text-serif-m layout-padded\">To dager f\u00f8r valget publiserte super-PACsuper-PACPolitical Action Committee (PAC), politisk handlingskomit\u00e9, er en organisasjon som samler inn valgkampbidrag for \u00e5 st\u00f8tte en politisk kandidat i USA.-en Fix the City, som st\u00f8ttet ordf\u00f8rerkandidat Andrew Cuomo, en <a href=\"https:\/\/www.nbcnews.com\/politics\/elections\/-andrew-cuomo-super-pac-depicts-zohran-mamdani-front-twin-towers-attac-rcna241651\" class=\"_link_o9xde_39\" rel=\"nofollow noopener\" target=\"_blank\">annonse<\/a> der Mamdani ble vist foran tvillingt\u00e5rnene idet de kollapset etter terrorangrepet 11. september.<\/p>\n<p class=\"_paragraph_o9xde_4 _paragraph_xtcu6_10 layout-component text-serif-m layout-normal text-serif-m layout-padded\">Tidligere hadde den samme gruppen <a href=\"https:\/\/x.com\/jacobkornbluh\/status\/1932929433502925102?s=20\" class=\"_link_o9xde_39\" rel=\"nofollow\">manipulert et bilde<\/a> av Mamdani ved \u00e5 kunstig forsterke og forst\u00f8rre skjegget hans p\u00e5 et flygeblad, slik at han fremsto mer truende. Gruppens talsperson hevdet de ikke hadde godkjent publiseringen av bildet. <\/p>\n<p class=\"_paragraph_o9xde_4 _paragraph_xtcu6_10 layout-component text-serif-m layout-normal layout-padded\"><strong class=\"_strong_o9xde_25\">Les ogs\u00e5:<\/strong> <a href=\"https:\/\/www.vg.no\/i\/qPoWy0\" data-track-element-type=\"Link\" data-track-id=\"link:qPoWy0\" class=\"_link_o9xde_39\" rel=\"nofollow noopener\" target=\"_blank\">R\u00f8d i New York<\/a><\/p>\n<p class=\"_paragraph_o9xde_4 _paragraph_xtcu6_10 layout-component text-serif-m layout-normal text-serif-m layout-padded\">En <a href=\"https:\/\/www.csohate.org\/2025\/11\/03\/islamophobia-and-new-york-city-mayoral-election\/\" class=\"_link_o9xde_39\" rel=\"nofollow noopener\" target=\"_blank\">rapport<\/a> fra Center for Study of Organized Hate viste en kraftig \u00f8kning i islamofobiske kommentarer p\u00e5 nettet mellom juli og oktober. De fleste kalte Mamdani for ekstremist eller terrorist.<\/p>\n<p>Offentlig seremoni torsdag<\/p>\n<p class=\"_paragraph_o9xde_4 _paragraph_xtcu6_10 layout-component text-serif-m layout-normal text-serif-m layout-padded\">Mamdani vil offentlig avlegge embetseden torsdag klokken 13 p\u00e5 r\u00e5dhuset. Senator Bernie Sanders fra Vermont skal administrere eden.<\/p>\n<p class=\"_paragraph_o9xde_4 _paragraph_xtcu6_10 layout-component text-serif-m layout-normal text-serif-m layout-padded\">Feiringen, kalt \u00abInnvielsen av en ny \u00e6ra\u00bb, finner sted i den ber\u00f8mte \u00abCanyon of Heroes\u00bb, fra Liberty Street til Murray Street \u2013 en historisk strekning langs Broadway kjent for konfettiparader til \u00e6re for idrettsut\u00f8vere, astronauter, politikere og andre New York-helter.<\/p>\n<p class=\"_paragraph_o9xde_4 _paragraph_xtcu6_10 layout-component text-serif-m layout-normal text-serif-m layout-padded\">Programmet vil inkludere musikk, sceniske innslag og tverreligi\u00f8se elementer, opplyser Mamdanis overgangsteam.<\/p>\n<p class=\"_paragraph_o9xde_4 _paragraph_xtcu6_10 layout-component text-serif-m layout-normal text-serif-m layout-padded\">Innsettelsen ventes \u00e5 tiltrekke seg stor oppmerksomhet fra medier b\u00e5de nasjonalt og internasjonalt.<\/p>\n<p class=\"_paragraph_o9xde_4 _paragraph_xtcu6_10 layout-component text-serif-m layout-normal layout-padded\"><strong class=\"_strong_o9xde_25\">Les ogs\u00e5:<\/strong> <a href=\"https:\/\/www.vg.no\/i\/0Vew8M\" data-track-element-type=\"Link\" data-track-id=\"link:0Vew8M\" class=\"_link_o9xde_39\" rel=\"nofollow noopener\" target=\"_blank\">Mamdani har knekt koden<\/a><\/p>\n<p>Nye utnevnelser<\/p>\n<p class=\"_paragraph_o9xde_4 _paragraph_xtcu6_10 layout-component text-serif-m layout-normal text-serif-m layout-padded\">I forkant av maktskiftet har Mamdani de siste to dagene utnevnt fem nye h\u00f8ytst\u00e5ende medlemmer av sin administrasjon, blant dem en ny skoledirekt\u00f8r, Kamar Samuels.<\/p>\n<p class=\"_paragraph_o9xde_4 _paragraph_xtcu6_10 layout-component text-serif-m layout-normal text-serif-m layout-padded\">Den nye transportsjefen, Mike Flynn, har mer enn to ti\u00e5rs erfaring fra b\u00e5de offentlig og privat sektor. Han f\u00e5r en sentral rolle i arbeidet med \u00e5 realisere Mamdanis m\u00e5l om \u00e5 gj\u00f8re byen mer tilgjengelig for innbyggerne, blant annet gjennom gratis busser \u2013 en av den nye borgermesterens viktigste politiske satsinger.<\/p>\n<p><img alt=\"Mike Flynn og Zohran Mamdani under seremonien.  Foto: Yuki Iwamura \/ AP \/ NTB\" class=\"_image_qp4xg_65 layout-component layout-normal\" data-fullscreen- data-track-element-type=\"Article image fullscreen\" data-track-name=\"ImageFullscreen\" decoding=\"async\" loading=\"lazy\" height=\"5514\" itemprop=\"image\"  src=\"https:\/\/www.europesays.com\/no\/wp-content\/uploads\/2026\/01\/30adb6cc-bc2c-4b6f-9a7f-4c5bd5d0923b.png\"  style=\"object-position:0% 0%\" width=\"8271\"\/>Mike Flynn og Zohran Mamdani under seremonien.  Foto: Yuki Iwamura \/ AP \/ NTB<\/p>\n<p class=\"_paragraph_o9xde_4 _paragraph_xtcu6_10 layout-component text-serif-m layout-normal text-serif-m layout-padded\">\u2013 Det er en \u00e6re \u00e5 ha Mike her ved siden av meg n\u00e5r vi starter en administrasjon som vil ta ansvar og muligheten vi har til \u00e5 gj\u00f8re gatebildet og den offentlige transporten i byen vi kaller hjem til verdens misunnelse, sa Mamdani under seremonien.<\/p>\n<p class=\"_paragraph_o9xde_4 _paragraph_xtcu6_10 layout-component text-serif-m layout-normal layout-padded\"><strong class=\"_strong_o9xde_25\">Les ogs\u00e5:<\/strong> <a href=\"https:\/\/www.vg.no\/i\/kwqa7Q\" data-track-element-type=\"Link\" data-track-id=\"link:kwqa7Q\" class=\"_link_o9xde_39\" rel=\"nofollow noopener\" target=\"_blank\">Zohran Mamdani til VG: \u2013 Inspirert av Finland<\/a><\/p>\n<p class=\"_paragraph_o9xde_4 _paragraph_xtcu6_10 layout-component text-serif-m layout-normal text-serif-m layout-padded\">Flynn har tidligere arbeidet nesten ti \u00e5r i New York Citys transportetat, der han hadde en direkt\u00f8rstilling.<\/p>\n<p class=\"_paragraph_o9xde_4 _paragraph_xtcu6_10 layout-component text-serif-m layout-normal text-serif-m layout-padded\">\u2013 Jeg er hedret over tilliten borgermester Zohran Mamdani har vist meg ved \u00e5 lede transportdepartementet og jobbe sammen med dette teamet for \u00e5 levere for New Yorks beboere, sa Flynn.<\/p>\n<p class=\"_paragraph_o9xde_4 _paragraph_xtcu6_10 layout-component text-serif-m layout-normal layout-padded\"><strong class=\"_strong_o9xde_25\">Les ogs\u00e5:<\/strong> <a href=\"https:\/\/www.vg.no\/i\/0VewxA\" data-track-element-type=\"Link\" data-track-id=\"link:0VewxA\" class=\"_link_o9xde_39\" rel=\"nofollow noopener\" target=\"_blank\">Er Mamdani demokratenes h\u00e5p eller en gavepakke til Trump?<\/a><\/p>\n","protected":false},"excerpt":{"rendered":"Zohran Mamdani er New Yorks f\u00f8rste muslimske borgermester, tatt i ed p\u00e5 nytt\u00e5rsaften. Seremonien ble ledet av delstatsadvokat&hellip;\n","protected":false},"author":2,"featured_media":126157,"comment_status":"","ping_status":"","sticky":false,"template":"","format":"standard","meta":{"footnotes":""},"categories":[12],"tags":[1238,20,21,24,25,15,22,23,97,13,30,28,29,14,16,26,27,42,43,44,45,5877],"class_list":{"0":"post-126156","1":"post","2":"type-post","3":"status-publish","4":"format-standard","5":"has-post-thumbnail","7":"category-verden","8":"tag-amerikansk-politikk","9":"tag-breaking-news","10":"tag-breakingnews","11":"tag-featured-news","12":"tag-featurednews","13":"tag-headlines","14":"tag-latest-news","15":"tag-latestnews","16":"tag-new-york","17":"tag-news","18":"tag-no","19":"tag-norge","20":"tag-norway","21":"tag-nyheter","22":"tag-overskrifter","23":"tag-top-stories","24":"tag-topstories","25":"tag-verden","26":"tag-world","27":"tag-world-news","28":"tag-worldnews","29":"tag-zohran-mamdani"},"share_on_mastodon":{"url":"https:\/\/pubeurope.com\/@no\/115819626377051221","error":""},"_links":{"self":[{"href":"https:\/\/www.europesays.com\/no\/wp-json\/wp\/v2\/posts\/126156","targetHints":{"allow":["GET"]}}],"collection":[{"href":"https:\/\/www.europesays.com\/no\/wp-json\/wp\/v2\/posts"}],"about":[{"href":"https:\/\/www.europesays.com\/no\/wp-json\/wp\/v2\/types\/post"}],"author":[{"embeddable":true,"href":"https:\/\/www.europesays.com\/no\/wp-json\/wp\/v2\/users\/2"}],"replies":[{"embeddable":true,"href":"https:\/\/www.europesays.com\/no\/wp-json\/wp\/v2\/comments?post=126156"}],"version-history":[{"count":0,"href":"https:\/\/www.europesays.com\/no\/wp-json\/wp\/v2\/posts\/126156\/revisions"}],"wp:featuredmedia":[{"embeddable":true,"href":"https:\/\/www.europesays.com\/no\/wp-json\/wp\/v2\/media\/126157"}],"wp:attachment":[{"href":"https:\/\/www.europesays.com\/no\/wp-json\/wp\/v2\/media?parent=126156"}],"wp:term":[{"taxonomy":"category","embeddable":true,"href":"https:\/\/www.europesays.com\/no\/wp-json\/wp\/v2\/categories?post=126156"},{"taxonomy":"post_tag","embeddable":true,"href":"https:\/\/www.europesays.com\/no\/wp-json\/wp\/v2\/tags?post=126156"}],"curies":[{"name":"wp","href":"https:\/\/api.w.org\/{rel}","templated":true}]}}