{"id":126164,"date":"2026-01-01T11:36:07","date_gmt":"2026-01-01T11:36:07","guid":{"rendered":"https:\/\/www.europesays.com\/no\/126164\/"},"modified":"2026-01-01T11:36:07","modified_gmt":"2026-01-01T11:36:07","slug":"se-kjendisenes-nyttarshilsener-2025","status":"publish","type":"post","link":"https:\/\/www.europesays.com\/no\/126164\/","title":{"rendered":"Se kjendisenes nytt\u00e5rshilsener 2025"},"content":{"rendered":"\n<p class=\"_paragraph_o9xde_4 _paragraph_xtcu6_10 layout-component text-serif-m layout-normal text-serif-m layout-padded\">\u00abTakk for 2025 skal komme med en s\u00e5nn recap-post, men er jo s\u00e5 heldig \u00e5 ha et s\u00e5 innholdsrikt liv at det tar litt tid \u00e5 g\u00e5 igjennom takknemlig for helse, opplevelser, karriere og fine mennesker i livet\u00bb, skriver artist Carina Dahl (40) p\u00e5 <a href=\"https:\/\/www.instagram.com\/p\/DS7C0RMjDpW\/?hl=en\" class=\"_link_o9xde_39\" rel=\"nofollow noopener\" target=\"_blank\">Instagram<\/a>.<\/p>\n<p class=\"_paragraph_o9xde_4 _paragraph_xtcu6_10 layout-component text-serif-m layout-normal text-serif-m layout-padded\">Hun deler bilde inne fra f\u00f8rsteklasse p\u00e5 flyet i Paris \u2013 under en mellomlanding med kurs for Zanzibar, der hun skal feriere to uker.<\/p>\n<p class=\"_paragraph_o9xde_4 _paragraph_xtcu6_10 layout-component text-serif-m layout-normal text-serif-m layout-padded\">\u2013 Jeg drar med venner, skriver Dahl i en SMS til VG.<\/p>\n<p class=\"_paragraph_o9xde_4 _paragraph_xtcu6_10 layout-component text-serif-m layout-normal text-serif-m layout-padded\">\u00abJeg skal recharge etter et meget travelt \u00e5r, et veldig krevende og g\u00f8y siste kvartal, og hvile s\u00e5 mye at kreativiteten kommer tilbake til meg\u00bb, skriver Dahl \u2013 som de siste m\u00e5nedene har svingt seg p\u00e5 parketten i \u00abSkal vi danse\u00bb.<\/p>\n<p class=\"_paragraph_o9xde_4 _paragraph_xtcu6_10 layout-component text-serif-m layout-normal text-serif-m layout-padded\">Artist Sandra Lyng (38) har lagt ut bilde av seg og ektemannen Lasse Joachim Langerud (41), hun med stjerneskudd i h\u00e5nden. Dette er parets f\u00f8rste nytt\u00e5rsaften som gift.<\/p>\n<p class=\"_paragraph_o9xde_4 _paragraph_xtcu6_10 layout-component text-serif-m layout-normal text-serif-m layout-padded\">\u00abGodt nytt\u00e5r, fineste folka her inne\u00bb, skriver hun til f\u00f8lgerne sine.<\/p>\n<p class=\"_paragraph_o9xde_4 _paragraph_xtcu6_10 layout-component text-serif-m layout-normal text-serif-m layout-padded\">Skuespiller Janne Formoe (50) deler flere bilder, blant annet av seg og kj\u00e6resten, forlagstopp Alexander Even Henriksen (52).<\/p>\n<p class=\"_paragraph_o9xde_4 _paragraph_xtcu6_10 layout-component text-serif-m layout-normal text-serif-m layout-padded\">\u00abTusen takk, 2025, det var g\u00f8y!\u00bb, skriver Formoe.<\/p>\n<p class=\"_paragraph_o9xde_4 _paragraph_xtcu6_10 layout-component text-serif-m layout-normal text-serif-m layout-padded\">Influencer og nybakt <a href=\"https:\/\/www.vg.no\/rampelys\/i\/n1gEVa\/martine-halvorsen-aa-gi-morsmelk-ble-nesten-en-besettelse\" data-track-element-type=\"Link\" data-track-id=\"link:n1gEVa\" class=\"_link_o9xde_39\" rel=\"nofollow noopener\" target=\"_blank\">tvillingmamma<\/a> Martine Halvorsen skriver at hun feirer nytt\u00e5rsaften i pysj for tredje \u00e5ret p\u00e5 rad. <\/p>\n<p class=\"_paragraph_o9xde_4 _paragraph_xtcu6_10 layout-component text-serif-m layout-normal text-serif-m layout-padded\">27-\u00e5ringen har lagt ut bilde if\u00f8rt ansiktsmaske, der hun blant annet skriver at hun ofte synes nytt\u00e5rsaften er en krevende dag.<\/p>\n<p class=\"_paragraph_o9xde_4 _paragraph_xtcu6_10 layout-component text-serif-m layout-normal text-serif-m layout-padded\">\u00abDet er s\u00e5 mye forventninger og s\u00e5 mye sammenligning. Og n\u00e5r man ikke helt matcher det bildet, kan det fort kjennes ekstra ensomt\u00bb, skriver hun.<\/p>\n<p class=\"_paragraph_o9xde_4 _paragraph_xtcu6_10 layout-component text-serif-m layout-normal text-serif-m layout-padded\">\u00abNytt\u00e5rsaften har ingen fasit. Den trenger hverken v\u00e6re h\u00f8ylytt, perfekt eller supersosial for \u00e5 v\u00e6re riktig. Man kan v\u00e6re lykkelig med mange, med f\u00e5 \u2013 eller helt alene\u00bb, lyder det fra influenceren \u2013 som selv har samboer. <\/p>\n<p class=\"_paragraph_o9xde_4 _paragraph_xtcu6_10 layout-component text-serif-m layout-normal text-serif-m layout-padded\">Hun legger til:<\/p>\n<p class=\"_paragraph_o9xde_4 _paragraph_xtcu6_10 layout-component text-serif-m layout-normal text-serif-m layout-padded\">\u00abOg det er faktisk helt ok, og kanskje litt lurt \u00e5 logge av Insta og logge p\u00e5 livet, hvis scrolling bare gir deg en klump i magen.\u00bb<\/p>\n<p class=\"_paragraph_o9xde_4 _paragraph_xtcu6_10 layout-component text-serif-m layout-normal text-serif-m layout-padded\">TV-profil Benjamin Silseth (34) deler bildeserie av seg og ektemannen, programleder Niklas Baarli (36) \u2013 samt parets nye hund, som de skaffet seg da de i fjor <a href=\"https:\/\/www.vg.no\/rampelys\/i\/eMroWK\/kjendishunden-bjarne-er-doed\" data-track-element-type=\"Link\" data-track-id=\"link:eMroWK\" class=\"_link_o9xde_39\" rel=\"nofollow noopener\" target=\"_blank\">mistet sin firbente Bjarne<\/a>.<\/p>\n<p class=\"_paragraph_o9xde_4 _paragraph_xtcu6_10 layout-component text-serif-m layout-normal text-serif-m layout-padded\">\u00abTakk for n\u00e5 2025, jeg h\u00e5per 2026 blir enda bedre\u00bb, skriver Silseth.<\/p>\n<p class=\"_paragraph_o9xde_4 _paragraph_xtcu6_10 layout-component text-serif-m layout-normal text-serif-m layout-padded\">Sammen med Baarli gikk han p\u00e5 tampen av 2025 seirende ut av realityserien \u00abHotellet\u00bb.<\/p>\n<p class=\"_paragraph_o9xde_4 _paragraph_xtcu6_10 layout-component text-serif-m layout-normal text-serif-m layout-padded\">Artist Helene B\u00f8ksle (44) har turnert land og strand med julekonserter. Hun deler bilde av seg og journalistektemannen Espen Tjersland (49).<\/p>\n<p class=\"_paragraph_o9xde_4 _paragraph_xtcu6_10 layout-component text-serif-m layout-normal text-serif-m layout-padded\">\u00abGodt nytt \u00e5r! Jeg gleder meg til 2026!\u00bb, skriver sangeren.<\/p>\n<p class=\"_paragraph_o9xde_4 _paragraph_xtcu6_10 layout-component text-serif-m layout-normal text-serif-m layout-padded\">TV-profil og modell Kathrine S\u00f8rland (45) tilbrakte nytt\u00e5rsaften p\u00e5 hytta i Tvedestrand sammen med ektemannen Andreas Holck (54).<\/p>\n<p class=\"_paragraph_o9xde_4 _paragraph_xtcu6_10 layout-component text-serif-m layout-normal text-serif-m layout-padded\">Men det var ikke noe tradisjonelt hytteantrekk hun gikk for.<\/p>\n<p class=\"_paragraph_o9xde_4 _paragraph_xtcu6_10 layout-component text-serif-m layout-normal text-serif-m layout-padded\">\u00ab10 \u00e5r gammel kjole, men like fin. Godt nytt\u00e5r!\u00bb, skriver S\u00f8rland foran en speil-selfie.<\/p>\n<p class=\"_paragraph_o9xde_4 _paragraph_xtcu6_10 layout-component text-serif-m layout-normal text-serif-m layout-padded\">Programleder Camilla Botilsrud Sagen (33) viser frem bilde av seg og samboer Markus Botten (30) med datteren Hedvig (et halvt \u00e5r) i armene. Hun skjuler datterens ansikt med en hjerte-emoji.<\/p>\n<p class=\"_paragraph_o9xde_4 _paragraph_xtcu6_10 layout-component text-serif-m layout-normal text-serif-m layout-padded\"> \u00abDette \u00e5ret har virkelig v\u00e6rt livets beste, s\u00e5 langt. Godt nytt \u00e5r, alle sammen\u00bb, skriver Sagen.<\/p>\n<p class=\"_paragraph_o9xde_4 _paragraph_xtcu6_10 layout-component text-serif-m layout-normal text-serif-m layout-padded\">Sagen og Botten m\u00f8ttes da hun var trekkplaster og han frier i \u00abJakten p\u00e5 kj\u00e6rligheten\u00bb i 2024, og resten er historie. Familien bor i Grue.<\/p>\n<p class=\"_paragraph_o9xde_4 _paragraph_xtcu6_10 layout-component text-serif-m layout-normal text-serif-m layout-padded\">Skuespiller og influencer Tale Torjussen (20) \u00f8nsker sine f\u00f8lgere godt nytt\u00e5r med en bildeserie if\u00f8rt finstasen foran et dekket festbord.<\/p>\n<p class=\"_paragraph_o9xde_4 _paragraph_xtcu6_10 layout-component text-serif-m layout-normal text-serif-m layout-padded\">20-\u00e5ringen gikk i slutten av desember av med seieren i \u00abSkal vi danse\u00bb.<\/p>\n<p class=\"_paragraph_o9xde_4 _paragraph_xtcu6_10 layout-component text-serif-m layout-normal text-serif-m layout-padded\">Artist Emilie Hollow (27) rundet av 2025 under sol og bl\u00e5 himmel i Vinter-Norge.<\/p>\n<p class=\"_paragraph_o9xde_4 _paragraph_xtcu6_10 layout-component text-serif-m layout-normal text-serif-m layout-padded\">\u00abAvslutter nydelige 2025 p\u00e5 skitur!\u00bb, skriver hun.<\/p>\n<p class=\"_paragraph_o9xde_4 _paragraph_xtcu6_10 layout-component text-serif-m layout-normal text-serif-m layout-padded\">\u00abEt \u00e5r jeg har reist mye, skrevet musikk, startet podkast, og til og med blitt tante. Gleder meg S\u00c5 til et nytt \u00e5r med masse ny musikk, konserter og ikke minst flere episoder av Hos Hollow! Sees i 2026.\u00bb<\/p>\n<p class=\"_paragraph_o9xde_4 _paragraph_xtcu6_10 layout-component text-serif-m layout-normal text-serif-m layout-padded\">Influencer Liva Ingebrigtsen (28) sk\u00e5lte det nye \u00e5ret inn med l\u00f8per-ektemannen Henrik Ingebrigtsen (34).<\/p>\n<p class=\"_paragraph_o9xde_4 _paragraph_xtcu6_10 layout-component text-serif-m layout-normal text-serif-m layout-padded\">\u00abGodt nytt \u00e5r\u00bb, skriver hun til f\u00f8lgerne og deler flere bilder fra feiringen.<\/p>\n<p class=\"_paragraph_o9xde_4 _paragraph_xtcu6_10 layout-component text-serif-m layout-normal text-serif-m layout-padded\">Modell, TV-profil og gr\u00fcnder Vendela Kirsebom (58) har sammen med ektemannen Petter Pilgaard (45) lagt nytt\u00e5rsfeiringen til Barcelona.<\/p>\n<p class=\"_paragraph_o9xde_4 _paragraph_xtcu6_10 layout-component text-serif-m layout-normal text-serif-m layout-padded\">\u00abNytt\u00e5rsklem fra oss!\u00bb, skriver hun under en par-selfie, der de begge er if\u00f8rt finstasen \u2013 i bygater varmere enn hjemme i Norge.<\/p>\n<p class=\"_paragraph_o9xde_4 _paragraph_xtcu6_10 layout-component text-serif-m layout-normal text-serif-m layout-padded\">Komiker Odd-Magnus Williamson (45) deler bilde av seg og kona Tinashe Williamson (41) og skriver:<\/p>\n<p class=\"_paragraph_o9xde_4 _paragraph_xtcu6_10 layout-component text-serif-m layout-normal text-serif-m layout-padded\">\u00abSame procedure as every year\u00bb \u2013 etterfulgt av et r\u00f8dt hjerte.<\/p>\n<p class=\"_paragraph_o9xde_4 _paragraph_xtcu6_10 layout-component text-serif-m layout-normal text-serif-m layout-padded\">\u00abTakknemlig for s\u00e5 mye, og utrolig spent for det som kommer\u00bb, skriver artist og programleder Ulrikke Brandstorp (30) og viser frem bilder av seg og ektemannen Oscar Nordberg (30) \u2013 begge if\u00f8rt festkl\u00e6r.<\/p>\n<p class=\"_paragraph_o9xde_4 _paragraph_xtcu6_10 layout-component text-serif-m layout-normal text-serif-m layout-padded\">Brandstorp har nettopp avrundet lang juleturn\u00e9.<\/p>\n<p class=\"_paragraph_o9xde_4 _paragraph_xtcu6_10 layout-component text-serif-m layout-normal text-serif-m layout-padded\">Influencer og TV-profil Vita Mashadi (33) legger ikke skjul p\u00e5 at fjor\u00e5ret var tungt. Hun har tidligere v\u00e6rt \u00e5pen i sosiale medier om at hun hadde m\u00f8tt veggen og slet med sorg.<\/p>\n<p class=\"_paragraph_o9xde_4 _paragraph_xtcu6_10 layout-component text-serif-m layout-normal text-serif-m layout-padded\">\u00abEndelig er livets verste \u00e5r over. Har gr\u00e5tt meg tom, s\u00e5 t\u00e5rene har jeg lagt igjen i 2025, men heldigvis g\u00e5r jeg inn i det nye \u00e5ret med mennesker som har betydd ekstra mye i \u00e5r\u00bb, skriver hun.<\/p>\n<p class=\"_paragraph_o9xde_4 _paragraph_xtcu6_10 layout-component text-serif-m layout-normal text-serif-m layout-padded\">\u00abJeg lover \u00e5 komme sterkere tilbake, morsommere, blidere, penere og lykkeligere i 2026\u00bb, legger hun til.<\/p>\n<p class=\"_paragraph_o9xde_4 _paragraph_xtcu6_10 layout-component text-serif-m layout-normal text-serif-m layout-padded\">\u00abPOV: Det er nytt\u00e5rsaften, men du er tom for fyrverkeri\u00bb, skriver influencer \u00abGutta\u00bb-kjendis Henrik Viken (25).<\/p>\n<p class=\"_paragraph_o9xde_4 _paragraph_xtcu6_10 layout-component text-serif-m layout-normal text-serif-m layout-padded\">\u00abSiste \u00e5r som Dynamitt Harry\u00bb, skriver han under en video av at han sitter med en fyrstikkeske.<\/p>\n<p class=\"_paragraph_o9xde_4 _paragraph_xtcu6_10 layout-component text-serif-m layout-normal text-serif-m layout-padded\">TV-profil og forfatter Lili Bendriss (79) \u00f8nsker alle f\u00f8lgere, venner og bekjente et godt nytt \u00e5r.<\/p>\n<p class=\"_paragraph_o9xde_4 _paragraph_xtcu6_10 layout-component text-serif-m layout-normal text-serif-m layout-padded\">\u00abI en utrygg verden la oss skape et rom i oss selv som alltid er trygt uansett om det stormer rundt oss. Ta vare p\u00e5 hverandre\u00bb, oppfordrer hun og deler dette bildet av seg selv:<\/p>\n<p class=\"_paragraph_o9xde_4 _paragraph_xtcu6_10 layout-component text-serif-m layout-normal text-serif-m layout-padded\">Influencer og programleder Sebastian Solberg (34) har lagt turen til Dubai, der han blant annet festet med influencer Isabel Raad (31), som bildeserien viser. <\/p>\n<p class=\"_paragraph_o9xde_4 _paragraph_xtcu6_10 layout-component text-serif-m layout-normal text-serif-m layout-padded\">Raad tilbrakte julen i Norge, men har returnert til Dubai, der hun har bosatt seg.<\/p>\n<p class=\"_paragraph_o9xde_4 _paragraph_xtcu6_10 layout-component text-serif-m layout-normal text-serif-m layout-padded\">\u00abHabibi come to Dubai. Beste avgj\u00f8relsen i \u00e5r tok jeg for to dager siden! Stikke hit!\u00bb, skriver han foran et utsiktsbilde.<\/p>\n<p class=\"_paragraph_o9xde_4 _paragraph_xtcu6_10 layout-component text-serif-m layout-normal text-serif-m layout-padded\">Influencer og TV-profil Isabelle Eriksen (29) er ordknapp i sin nytt\u00e5rshilsen, men \u00f8nsker f\u00f8lgerne godt nytt\u00e5r.<\/p>\n<p class=\"_paragraph_o9xde_4 _paragraph_xtcu6_10 layout-component text-serif-m layout-normal text-serif-m layout-padded\">Hun deler bilder av seg selv if\u00f8rt hvit blondekjole.<\/p>\n<p class=\"_paragraph_o9xde_4 _paragraph_xtcu6_10 layout-component text-serif-m layout-normal text-serif-m layout-padded\">Programleder Victor Sotberg (34) feiret nytt\u00e5rsaften i Oslo med kj\u00e6resten Kenneth Karijord (34).<\/p>\n<p class=\"_paragraph_o9xde_4 _paragraph_xtcu6_10 layout-component text-serif-m layout-normal text-serif-m layout-padded\">\u00abGodt nytt\u00e5r babies!!!\u00bb, skriver Sotberg under et bilde av de to med stjerneskudd i hendene.<\/p>\n<p class=\"_paragraph_o9xde_4 _paragraph_xtcu6_10 layout-component text-serif-m layout-normal text-serif-m layout-padded\">Influencer Helle Nordby (30)  deler festbilde av seg og TV-profil Alexandra Joner (35). <\/p>\n<p class=\"_paragraph_o9xde_4 _paragraph_xtcu6_10 layout-component text-serif-m layout-normal text-serif-m layout-padded\">\u00abDet ser ut som jeg har stukket fra mann og barn for \u00e5 feire nytt\u00e5r med Alex, men de er her! Lover\u00bb, skriver Nordby og \u00f8nsker alle et godt nytt \u00e5r. <\/p>\n<p class=\"_paragraph_o9xde_4 _paragraph_xtcu6_10 layout-component text-serif-m layout-normal text-serif-m layout-padded\">Hun ble mamma for f\u00f8rste gang i sommer.<\/p>\n<p class=\"_paragraph_o9xde_4 _paragraph_xtcu6_10 layout-component text-serif-m layout-normal text-serif-m layout-padded\">\u00abSiste dag i 25\u2019!!!\u00bb, skriver influencer og TV-profil Malin Nesvoll (36) under et bilde av seg selv p\u00e5 en gigantisk solseng.<\/p>\n<p class=\"_paragraph_o9xde_4 _paragraph_xtcu6_10 layout-component text-serif-m layout-normal text-serif-m layout-padded\">Bildet er stedstagget Nusa Penido, en \u00f8y n\u00e6r Bali. Nesvoll flyttet nylig dit etter et lengre opphold i Los Angeles.<\/p>\n<p class=\"_paragraph_o9xde_4 _paragraph_xtcu6_10 layout-component text-serif-m layout-normal text-serif-m layout-padded\">\u00abWouldn\u2019t have it any other way assa!!!\u00bb, skriver hun \u2013 if\u00f8rt solkjole og blomst i h\u00e5ret.<\/p>\n<p class=\"_paragraph_o9xde_4 _paragraph_xtcu6_10 layout-component text-serif-m layout-normal text-serif-m layout-padded\">Artist Alexander Rybak (39) har v\u00e6rt p\u00e5 veiene med \u00abV\u00e5r Jul\u00bb i flere uker. N\u00e5 \u00f8nsker han godt nytt\u00e5r med \u00e5 r\u00f8pe at han i 2026 slipper nytt album i januar.<\/p>\n<p class=\"_paragraph_o9xde_4 _paragraph_xtcu6_10 layout-component text-serif-m layout-normal text-serif-m layout-padded\">\u00abThank you 2025. Get ready 2026\u00bb, skriver han under en video p\u00e5 <a href=\"https:\/\/www.instagram.com\/p\/DS795R9jKFg\/?hl=en\" class=\"_link_o9xde_39\" rel=\"nofollow noopener\" target=\"_blank\">Instagram<\/a>, der han takker fansen for st\u00f8tte.<\/p>\n<p><img alt=\"Alexander Rybak.  Foto: Rybaks Instagram\" class=\"_image_qp4xg_65 layout-component layout-normal\" data-fullscreen- data-track-element-type=\"Article image fullscreen\" data-track-name=\"ImageFullscreen\" decoding=\"async\" loading=\"lazy\" height=\"969\" itemprop=\"image\"  src=\"https:\/\/www.europesays.com\/no\/wp-content\/uploads\/2026\/01\/845dc8f8-d93a-4dc1-82f0-d628b3860e92.jpeg\"  style=\"object-position:0% 0%\" width=\"1178\"\/>Alexander Rybak.  Foto: Rybaks Instagram<\/p>\n<p class=\"_paragraph_o9xde_4 _paragraph_xtcu6_10 layout-component text-serif-m layout-normal text-serif-m layout-padded\">Skuespiller, danser og programleder Henriette Lien (56) har dype refleksjoner p\u00e5 nytt\u00e5rsaften.<\/p>\n<p class=\"_paragraph_o9xde_4 _paragraph_xtcu6_10 layout-component text-serif-m layout-normal text-serif-m layout-padded\">\u00abJeg undrer meg litt: Hvem har egentlig bestemt at dette er tidspunktet for ny start?\u00bb, skriver hun i et langt innlegg.<\/p>\n<p class=\"_paragraph_o9xde_4 _paragraph_xtcu6_10 layout-component text-serif-m layout-normal text-serif-m layout-padded\">\u00abFor ser vi bort fra kalendere og klokker et \u00f8yeblikk, og bare ser p\u00e5 det vi faktisk er en del av, s\u00e5 er dette naturens mest stille tid. M\u00f8rkest. Tyngst. Lavest energi. En tid for hvile, ikke for vekst.\u00bb<\/p>\n<p class=\"_paragraph_o9xde_4 _paragraph_xtcu6_10 layout-component text-serif-m layout-normal text-serif-m layout-padded\">Lien, som straks dukker opp p\u00e5 TV i \u00abFarmen kjendis\u00bb, innr\u00f8mmer at hun kjenner p\u00e5 et lite stikk av tristhet over at vi trenger \u00e9n bestemt dag, kollektivt definert, for \u00e5 begynne p\u00e5 nytt.<\/p>\n<p class=\"_paragraph_o9xde_4 _paragraph_xtcu6_10 layout-component text-serif-m layout-normal text-serif-m layout-padded\">Skuespiller og serieskaper Henriette Steenstrup (51) skriver under ete bilde av seg selv p\u00e5 tennisbanen, der hun ramser opp \u00e5rets h\u00f8ydepunkter:<\/p>\n<p class=\"_paragraph_o9xde_4 _paragraph_xtcu6_10 layout-component text-serif-m layout-normal text-serif-m layout-padded\">\u00abFarvel 2025, tennis, ski, sesong 5 og hele P\u00f8rni p\u00e5 Netflix, mention i NYT- h\u00f8ydare, jobbjobbjobb, mer tennis og Cannes, venner, Hvasser, England med mann, enda mer tennis med familie p\u00e5 tur, tennisturnering, nepobaby, hilste p\u00e5 Alan Ball, Nepobaby-pepperkake, og hjemmedreiet keramikk med sel som tema.\u00bb<\/p>\n<p class=\"_paragraph_o9xde_4 _paragraph_xtcu6_10 layout-component text-serif-m layout-normal text-serif-m layout-padded\">Hun skriver at hun \u00f8nsker \u00abmer av alt dette i 26 og mindre annet\u00bb.<\/p>\n<p class=\"_paragraph_o9xde_4 _paragraph_xtcu6_10 layout-component text-serif-m layout-normal text-serif-m layout-padded\">Artist Alan Walker (28) deler bilde fra Vietnam.<\/p>\n<p class=\"_paragraph_o9xde_4 _paragraph_xtcu6_10 layout-component text-serif-m layout-normal text-serif-m layout-padded\">\u00ab2025 is officially wrapped up .I can\u2019t believe how quick it went\u00bb, skriver han.<\/p>\n<p class=\"_paragraph_o9xde_4 _paragraph_xtcu6_10 layout-component text-serif-m layout-normal text-serif-m layout-padded\">\u00abI hope everyone had a wonderful year and an awesome New Years Eve. Bring it on, 2026.\u00bb<\/p>\n<p class=\"_paragraph_o9xde_4 _paragraph_xtcu6_10 layout-component text-serif-m layout-normal text-serif-m layout-padded\">Godt nytt\u00e5r \u00f8nsker ogs\u00e5 influencer og artist Royane Harkati (33). <\/p>\n<p class=\"_paragraph_o9xde_4 _paragraph_xtcu6_10 layout-component text-serif-m layout-normal text-serif-m layout-padded\">Hun poserer i paljetter foran pianoet.<\/p>\n<p>Les ogs\u00e5<br \/>\n    <script async src=\"\/\/www.instagram.com\/embed.js\"><\/script><\/p>\n","protected":false},"excerpt":{"rendered":"\u00abTakk for 2025 skal komme med en s\u00e5nn recap-post, men er jo s\u00e5 heldig \u00e5 ha et s\u00e5&hellip;\n","protected":false},"author":2,"featured_media":126165,"comment_status":"","ping_status":"","sticky":false,"template":"","format":"standard","meta":{"footnotes":""},"categories":[58],"tags":[71,30,28,29,13381,3222,72],"class_list":{"0":"post-126164","1":"post","2":"type-post","3":"status-publish","4":"format-standard","5":"has-post-thumbnail","7":"category-underholdning","8":"tag-entertainment","9":"tag-no","10":"tag-norge","11":"tag-norway","12":"tag-nyttarsaften","13":"tag-sosiale-medier","14":"tag-underholdning"},"share_on_mastodon":{"url":"https:\/\/pubeurope.com\/@no\/115819641737392158","error":""},"_links":{"self":[{"href":"https:\/\/www.europesays.com\/no\/wp-json\/wp\/v2\/posts\/126164","targetHints":{"allow":["GET"]}}],"collection":[{"href":"https:\/\/www.europesays.com\/no\/wp-json\/wp\/v2\/posts"}],"about":[{"href":"https:\/\/www.europesays.com\/no\/wp-json\/wp\/v2\/types\/post"}],"author":[{"embeddable":true,"href":"https:\/\/www.europesays.com\/no\/wp-json\/wp\/v2\/users\/2"}],"replies":[{"embeddable":true,"href":"https:\/\/www.europesays.com\/no\/wp-json\/wp\/v2\/comments?post=126164"}],"version-history":[{"count":0,"href":"https:\/\/www.europesays.com\/no\/wp-json\/wp\/v2\/posts\/126164\/revisions"}],"wp:featuredmedia":[{"embeddable":true,"href":"https:\/\/www.europesays.com\/no\/wp-json\/wp\/v2\/media\/126165"}],"wp:attachment":[{"href":"https:\/\/www.europesays.com\/no\/wp-json\/wp\/v2\/media?parent=126164"}],"wp:term":[{"taxonomy":"category","embeddable":true,"href":"https:\/\/www.europesays.com\/no\/wp-json\/wp\/v2\/categories?post=126164"},{"taxonomy":"post_tag","embeddable":true,"href":"https:\/\/www.europesays.com\/no\/wp-json\/wp\/v2\/tags?post=126164"}],"curies":[{"name":"wp","href":"https:\/\/api.w.org\/{rel}","templated":true}]}}