{"id":126177,"date":"2026-01-01T11:47:08","date_gmt":"2026-01-01T11:47:08","guid":{"rendered":"https:\/\/www.europesays.com\/no\/126177\/"},"modified":"2026-01-01T11:47:08","modified_gmt":"2026-01-01T11:47:08","slug":"karmoy-nyheter-brukte-gass-for-a-pagripe-siktet-mann-pa-karmoy","status":"publish","type":"post","link":"https:\/\/www.europesays.com\/no\/126177\/","title":{"rendered":"Karm\u00f8y, Nyheter | Brukte gass for \u00e5 p\u00e5gripe siktet mann p\u00e5 Karm\u00f8y"},"content":{"rendered":"\n<p><b>KARM\u00d8Y: <\/b>\u2013 Vi har f\u00e5tt denne informasjonen fra en tredjeperson. Oppdateres n\u00e5r vi har mer info, skrev operasjonsleder Victor Fenne-Jensen i politiloggen klokken 09.31. <\/p>\n<p>Fire minutter senere kom han med en oppdatering.<\/p>\n<p><b>\u2013 Politiet er i kontakt med sj\u00e5f\u00f8ren. Han framst\u00e5r fysisk uskadd. Mistenkte er ikke p\u00e5 stedet, og det p\u00e5g\u00e5r s\u00f8k etter ham.<\/b><\/p>\n<p>Fenne-Jensen opplyser til Haugesunds Avis at det p\u00e5g\u00e5r s\u00f8k etter mulig mistenkt p\u00e5 ulike adresser. <\/p>\n<p>I 11-tiden var politiet utenfor en adresse et annet sted p\u00e5 Karm\u00f8y.<\/p>\n<p><b>\u2013 Vi er i dialog med mistenkte i saken. En forhandler fra politiet er koblet p\u00e5. Adressen er isolert, og det er ikke fare for allmennheten, sier operasjonslederen. <\/b><\/p>\n<p>Klokken 12.12 opplyses det at den siktede mannen er p\u00e5grepet.<\/p>\n<p><b>\u2013 Dialog\/forhandling f\u00f8rte ikke fram, og politiet benyttet derfor CS-gass (en form for t\u00e5regass) inn i rommet hvor siktede forskanset seg. Gassen hadde effekt, og siktede overga seg, sier Fenne-Jensen. <\/b><\/p>\n","protected":false},"excerpt":{"rendered":"KARM\u00d8Y: \u2013 Vi har f\u00e5tt denne informasjonen fra en tredjeperson. Oppdateres n\u00e5r vi har mer info, skrev operasjonsleder&hellip;\n","protected":false},"author":2,"featured_media":23205,"comment_status":"","ping_status":"","sticky":false,"template":"","format":"standard","meta":{"footnotes":""},"categories":[10],"tags":[36,20,21,24,25,15,1761,22,23,13,30,28,29,14,16,1510,26,27,4713],"class_list":{"0":"post-126177","1":"post","2":"type-post","3":"status-publish","4":"format-standard","5":"has-post-thumbnail","7":"category-norge","8":"tag-art","9":"tag-breaking-news","10":"tag-breakingnews","11":"tag-featured-news","12":"tag-featurednews","13":"tag-headlines","14":"tag-karmoy","15":"tag-latest-news","16":"tag-latestnews","17":"tag-news","18":"tag-no","19":"tag-norge","20":"tag-norway","21":"tag-nyheter","22":"tag-overskrifter","23":"tag-story","24":"tag-top-stories","25":"tag-topstories","26":"tag-trussel"},"share_on_mastodon":{"url":"https:\/\/pubeurope.com\/@no\/115819684998237432","error":""},"_links":{"self":[{"href":"https:\/\/www.europesays.com\/no\/wp-json\/wp\/v2\/posts\/126177","targetHints":{"allow":["GET"]}}],"collection":[{"href":"https:\/\/www.europesays.com\/no\/wp-json\/wp\/v2\/posts"}],"about":[{"href":"https:\/\/www.europesays.com\/no\/wp-json\/wp\/v2\/types\/post"}],"author":[{"embeddable":true,"href":"https:\/\/www.europesays.com\/no\/wp-json\/wp\/v2\/users\/2"}],"replies":[{"embeddable":true,"href":"https:\/\/www.europesays.com\/no\/wp-json\/wp\/v2\/comments?post=126177"}],"version-history":[{"count":0,"href":"https:\/\/www.europesays.com\/no\/wp-json\/wp\/v2\/posts\/126177\/revisions"}],"wp:featuredmedia":[{"embeddable":true,"href":"https:\/\/www.europesays.com\/no\/wp-json\/wp\/v2\/media\/23205"}],"wp:attachment":[{"href":"https:\/\/www.europesays.com\/no\/wp-json\/wp\/v2\/media?parent=126177"}],"wp:term":[{"taxonomy":"category","embeddable":true,"href":"https:\/\/www.europesays.com\/no\/wp-json\/wp\/v2\/categories?post=126177"},{"taxonomy":"post_tag","embeddable":true,"href":"https:\/\/www.europesays.com\/no\/wp-json\/wp\/v2\/tags?post=126177"}],"curies":[{"name":"wp","href":"https:\/\/api.w.org\/{rel}","templated":true}]}}