{"id":126181,"date":"2026-01-01T11:54:15","date_gmt":"2026-01-01T11:54:15","guid":{"rendered":"https:\/\/www.europesays.com\/no\/126181\/"},"modified":"2026-01-01T11:54:15","modified_gmt":"2026-01-01T11:54:15","slug":"nyttar-nyttarsbarn-her-er-arets-nyttarsbarn-det-var-spennende","status":"publish","type":"post","link":"https:\/\/www.europesays.com\/no\/126181\/","title":{"rendered":"Nytt\u00e5r, Nytt\u00e5rsbarn | Her er \u00e5rets nytt\u00e5rsbarn: \u2013 Det var spennende"},"content":{"rendered":"\n<p>Sn\u00f8en laver ned over Byfjellene og sentrum.<\/p>\n<p>I de tusen hjem ligger bergensere og slikker s\u00e5rene etter nattens feiring.<\/p>\n<p><b>Og p\u00e5 rom 26 i 3. etasje i Glasblokkene ligger Frida Dahl Birkeland med sin nyf\u00f8dte datter i armene. Datteren gurgler mens hun ser opp p\u00e5 sin far \u00d8yvind Garnes Loftheim.<\/b><\/p>\n<p>Egentlig hadde de planlagt en rolig nytt\u00e5rsaften. Men i l\u00f8pet av dagen merket de at noe var p\u00e5 gang.<\/p>\n<p>Klokken 22 ankom de Haukeland.<\/p>\n<p>Og allerede ti minutter over midnatt var datteren f\u00f8dt. Det ble \u00e5rets nytt\u00e5rsbarn i Bergen.<\/p>\n<p>\u2013 Det var spennende om det ble i 2025 eller 2026. Det var en ekstra dimensjon i forhold til om hun ble f\u00f8dt i juni, sier Loftheim.<\/p>\n<p>Men det ble ikke \u00e5rets nytt\u00e5rsbarn i Norge. Mmasi Violet ble nemlig f\u00f8dt p\u00e5 S\u00f8rlandet sykehus fire minutter tidligere.<\/p>\n<p>\u2013 Er det bittert?<\/p>\n<p>\u2013 Det er helt greit. Da slipper vi \u00e5 havne i VG, ler Loftheim.<\/p>\n<p>\u2013 En fantastisk f\u00f8lelse<\/p>\n<p>Forel\u00f8pig har ikke foreldrene bestemt navn p\u00e5 datteren. Men f\u00f8dselen gikk bra.<\/p>\n<p>\u2013 Vi er veldig stolt og glad, sier mor.<\/p>\n<p>\u2013 Og lettet. Det er en fantastisk f\u00f8lelse, samstemmer far.<\/p>\n<p>N\u00e5 skal de gjennomf\u00f8re noen tester p\u00e5 Haukeland. Og snart skal den nyf\u00f8dte datteren f\u00e5 m\u00f8te sin stores\u00f8ster p\u00e5 snart to \u00e5r.<\/p>\n<p>Loftheim \u00f8nsker \u00e5 si noe da BA er i ferd med \u00e5 forlate rom 26.<\/p>\n<p>\u2013 Vi har f\u00e5tt utrolig god hjelp! Det er fantastiske folk som jobber her. Det er fint at de bruker nytt\u00e5rsaften p\u00e5 \u00e5 hjelpe oss!<\/p>\n<p><b>Til sammen var det 4578 f\u00f8dsler ved KK i 2025.<\/b><\/p>\n<p>   <img decoding=\"async\" width=\"8256\" height=\"5504\" fetchpriority=\"low\"  loading=\"lazy\"  src=\"https:\/\/www.europesays.com\/no\/wp-content\/uploads\/2026\/01\/1560.jpg\" alt=\"Frida Dahl Birkeland og \u00d8yvind Garnes Loftheim er stolte foreldre til \u00e5rets Nytt\u00e5rsbarn i Bergen f\u00f8dt ti minutter over midnatt\" class=\"brick-c-cFOWSL\" style=\"--brick-image-ratio: 8256 \/ 5504;\"\/><\/p>\n<p>      Foreldrene hadde et lite \u00f8nske om at datteren skulle bli f\u00f8dt i januar. S\u00e5 kan hun v\u00e6re eldst i klassen i stedet for yngst.<br \/>\n      Foto: Emil Weatherhead Breistein\n    <\/p>\n","protected":false},"excerpt":{"rendered":"Sn\u00f8en laver ned over Byfjellene og sentrum. I de tusen hjem ligger bergensere og slikker s\u00e5rene etter nattens&hellip;\n","protected":false},"author":2,"featured_media":126182,"comment_status":"","ping_status":"","sticky":false,"template":"","format":"standard","meta":{"footnotes":""},"categories":[10],"tags":[36,444,20,21,24,25,3953,15,22,23,13,30,28,29,14,14090,14828,16,1510,26,27],"class_list":{"0":"post-126181","1":"post","2":"type-post","3":"status-publish","4":"format-standard","5":"has-post-thumbnail","7":"category-norge","8":"tag-art","9":"tag-bergen","10":"tag-breaking-news","11":"tag-breakingnews","12":"tag-featured-news","13":"tag-featurednews","14":"tag-haukeland-sykehus","15":"tag-headlines","16":"tag-latest-news","17":"tag-latestnews","18":"tag-news","19":"tag-no","20":"tag-norge","21":"tag-norway","22":"tag-nyheter","23":"tag-nyttar","24":"tag-nyttarsbarn","25":"tag-overskrifter","26":"tag-story","27":"tag-top-stories","28":"tag-topstories"},"share_on_mastodon":{"url":"https:\/\/pubeurope.com\/@no\/115819712506121520","error":""},"_links":{"self":[{"href":"https:\/\/www.europesays.com\/no\/wp-json\/wp\/v2\/posts\/126181","targetHints":{"allow":["GET"]}}],"collection":[{"href":"https:\/\/www.europesays.com\/no\/wp-json\/wp\/v2\/posts"}],"about":[{"href":"https:\/\/www.europesays.com\/no\/wp-json\/wp\/v2\/types\/post"}],"author":[{"embeddable":true,"href":"https:\/\/www.europesays.com\/no\/wp-json\/wp\/v2\/users\/2"}],"replies":[{"embeddable":true,"href":"https:\/\/www.europesays.com\/no\/wp-json\/wp\/v2\/comments?post=126181"}],"version-history":[{"count":0,"href":"https:\/\/www.europesays.com\/no\/wp-json\/wp\/v2\/posts\/126181\/revisions"}],"wp:featuredmedia":[{"embeddable":true,"href":"https:\/\/www.europesays.com\/no\/wp-json\/wp\/v2\/media\/126182"}],"wp:attachment":[{"href":"https:\/\/www.europesays.com\/no\/wp-json\/wp\/v2\/media?parent=126181"}],"wp:term":[{"taxonomy":"category","embeddable":true,"href":"https:\/\/www.europesays.com\/no\/wp-json\/wp\/v2\/categories?post=126181"},{"taxonomy":"post_tag","embeddable":true,"href":"https:\/\/www.europesays.com\/no\/wp-json\/wp\/v2\/tags?post=126181"}],"curies":[{"name":"wp","href":"https:\/\/api.w.org\/{rel}","templated":true}]}}