{"id":126183,"date":"2026-01-01T11:56:39","date_gmt":"2026-01-01T11:56:39","guid":{"rendered":"https:\/\/www.europesays.com\/no\/126183\/"},"modified":"2026-01-01T11:56:39","modified_gmt":"2026-01-01T11:56:39","slug":"haaland-onsker-nytt-pass","status":"publish","type":"post","link":"https:\/\/www.europesays.com\/no\/126183\/","title":{"rendered":"Haaland \u00f8nsker nytt pass"},"content":{"rendered":"<p>  Erling Braut Haaland og foreldrene Alfie og Gry Marita har et sterkt forhold til England. Manchester City-stjernen r\u00f8per n\u00e5 at han har veldig lyst p\u00e5 engelsk pass.<\/p>\n<p>\n    Erling Haaland trives sv\u00e6rt godt i England, der han ble f\u00f8dt i \u00e5r 2000. Foto: Kin Cheung \/ AP \/ NTB\n  <\/p>\n<p>Det er i et st\u00f8rre\u00a0<a href=\"https:\/\/www.mancity.com\/features\/citymag\/jan2026\/\" target=\"_blank\" rel=\"nofollow noopener\">intervju<\/a>\u00a0i januarversjonen av Manchester Citys klubbmagasin at den norske superspissen snakker om landet han er f\u00f8dt i.<\/p>\n<p>25-\u00e5ringen ble f\u00f8dt i England ettersom faren spilte for Leeds p\u00e5 den tiden. I intervjuet blir Haaland spurt om det noen gang var aktuelt \u00e5 spille for det engelske landslaget.<\/p>\n<p>\u2013 Det var aldri noe snakk om det, siden jeg var i Norge, og det ikke var mulig \u00e5 f\u00e5 (det engelske) passet da. Jeg kan f\u00e5 passet n\u00e5. Jeg hadde elsket \u00e5 f\u00e5 det engelske passet. Hvorfor ikke? Men nei, det var aldri en diskusjon, lyder svaret.<\/p>\n<p>        ULYKKE: Den britiske boksestjerna Anthony Joshua var involvert i en d\u00f8dsulykke da han bes\u00f8kte Nigeria. Video: Twitter\/X, S\u00f8r\u00f8 Olsen\/Dagbladet TV-sporten<\/p>\n<p>Istedenfor ble det en karriere som norsk landslagsspiller som har g\u00e5tt over all forventning.<\/p>\n<p>Haaland er allerede tidenes toppscorer for Norge med 55 m\u00e5l p\u00e5 48 landskamper s\u00e5 langt. 16 av dem kom i VM-kvalifiseringen, der Norge endelig klarte \u00e5 ta seg til et stort mesterskap igjen.<\/p>\n<p>\u2013 Jeg har jobbet mot det en stund n\u00e5, og endelig klarte vi \u00e5 gj\u00f8re det. Det var fantastisk, og forh\u00e5pentligvis er det starten p\u00e5 noe helt spesielt, for vi har en fantastisk generasjon, med mange unge spillere. Vi bygger noe sammen som kan bli utrolig, sier Haaland.<\/p>\n<p>        INTIME SP\u00d8RSM\u00c5L: Reporterne i \u00abA-laget\u00bb overrasker programleder Leo Ajkic med sp\u00f8rsm\u00e5l om b\u00e5de hans egen, og kj\u00e6restens, bakdel. Video: \u00abA-laget\u00bb\/ NRK TV\/ Sanne Holt\/ R\u00f8d L\u00f8per<\/p>\n<p>25-\u00e5ringen har ogs\u00e5 begynt \u00e5 bygge seg en base i England sammen med kj\u00e6resten Isabel Haugseng Johansen.<\/p>\n<p>I sommer fikk paret en s\u00f8nn, som i likhet med faren er f\u00f8dt i England.<\/p>\n<p>Der kan familien fort bli v\u00e6rende en stund, ettersom Norges toppscorer gjennom tidene for et \u00e5r siden signerte kontrakt med Manchester City fram til 2034.<\/p>\n","protected":false},"excerpt":{"rendered":"Erling Braut Haaland og foreldrene Alfie og Gry Marita har et sterkt forhold til England. Manchester City-stjernen r\u00f8per&hellip;\n","protected":false},"author":2,"featured_media":126184,"comment_status":"","ping_status":"","sticky":false,"template":"","format":"standard","meta":{"footnotes":""},"categories":[59],"tags":[4835,810,92,671,30,28,29,14,83,82],"class_list":{"0":"post-126183","1":"post","2":"type-post","3":"status-publish","4":"format-standard","5":"has-post-thumbnail","7":"category-sport","8":"tag-england","9":"tag-erling-braut-haaland","10":"tag-fotball","11":"tag-manchester-city","12":"tag-no","13":"tag-norge","14":"tag-norway","15":"tag-nyheter","16":"tag-sport","17":"tag-sports"},"share_on_mastodon":{"url":"https:\/\/pubeurope.com\/@no\/115819720959666874","error":""},"_links":{"self":[{"href":"https:\/\/www.europesays.com\/no\/wp-json\/wp\/v2\/posts\/126183","targetHints":{"allow":["GET"]}}],"collection":[{"href":"https:\/\/www.europesays.com\/no\/wp-json\/wp\/v2\/posts"}],"about":[{"href":"https:\/\/www.europesays.com\/no\/wp-json\/wp\/v2\/types\/post"}],"author":[{"embeddable":true,"href":"https:\/\/www.europesays.com\/no\/wp-json\/wp\/v2\/users\/2"}],"replies":[{"embeddable":true,"href":"https:\/\/www.europesays.com\/no\/wp-json\/wp\/v2\/comments?post=126183"}],"version-history":[{"count":0,"href":"https:\/\/www.europesays.com\/no\/wp-json\/wp\/v2\/posts\/126183\/revisions"}],"wp:featuredmedia":[{"embeddable":true,"href":"https:\/\/www.europesays.com\/no\/wp-json\/wp\/v2\/media\/126184"}],"wp:attachment":[{"href":"https:\/\/www.europesays.com\/no\/wp-json\/wp\/v2\/media?parent=126183"}],"wp:term":[{"taxonomy":"category","embeddable":true,"href":"https:\/\/www.europesays.com\/no\/wp-json\/wp\/v2\/categories?post=126183"},{"taxonomy":"post_tag","embeddable":true,"href":"https:\/\/www.europesays.com\/no\/wp-json\/wp\/v2\/tags?post=126183"}],"curies":[{"name":"wp","href":"https:\/\/api.w.org\/{rel}","templated":true}]}}