{"id":126186,"date":"2026-01-01T12:01:16","date_gmt":"2026-01-01T12:01:16","guid":{"rendered":"https:\/\/www.europesays.com\/no\/126186\/"},"modified":"2026-01-01T12:01:16","modified_gmt":"2026-01-01T12:01:16","slug":"haugesund-nyheter-en-vakner-i-arresten-det-har-gatt-fint-for-seg","status":"publish","type":"post","link":"https:\/\/www.europesays.com\/no\/126186\/","title":{"rendered":"Haugesund, Nyheter | \u00c9n v\u00e5kner i arresten: \u2013 Det har g\u00e5tt fint for seg"},"content":{"rendered":"\n<p><b>HAUGESUND: <\/b>Politiet har riktignok meldt om noen hendelser. Blant annet var det brann utenfor en bolig i Kvalsvik.<\/p>\n<p><b>\u2013 En mindre brann, som ble raskt slukket, sier vaktsjefen p\u00e5 Haugesund politistasjon. <\/b><\/p>\n<p>  <a href=\"https:\/\/www.h-avis.no\/5-62-1971102\" class=\"related-teaser default-story-teaser article--c-eRUmMG article--c-eRUmMG-jKCPdD-design-default article--c-eRUmMG-kpKLOW-cv\" rel=\"nofollow noopener\" target=\"_blank\"><\/p>\n<p>\n            Les ogs\u00e5<\/p>\n<p>              Brann utenfor bolig i Kvalsvik\n        <\/p>\n<p>  <\/a><\/p>\n<p>Han har \u00e9n mann i arresten morgenkvisten 1. nytt\u00e5rsdag.<\/p>\n<p><b>\u2013 \u00c9n ung mann som var blitt fors\u00f8kt bortvist flere ganger fra Haugesund uten hell. Han var beruset, kverulerende og u\u00f8nsket p\u00e5 stedet. Mannen ble innbrakt i arrest og politiet oppretter sak, sier han.<\/b><\/p>\n<p>Hendelsen skjedde i 00.30-tiden.<\/p>\n<p>Melding om slagsm\u00e5l<\/p>\n<p>I Kopervik fikk politiet melding om slagsm\u00e5l hvor flere var involvert.<\/p>\n<p><b>\u2013 Politiet kom i kontakt med en person som bl\u00f8dde fra nese\/ansiktet, han \u00f8nsket ikke \u00e5 anmelde forholdet. Ingen sak, sier Helen Rygg Ims, som var operasjonsleder i natt. <\/b><\/p>\n<p>I Karmsundgata stanset politiet et kj\u00f8ret\u00f8y.<\/p>\n<p><b>\u2013 Patruljen mistenkte at f\u00f8rer var ruset, og det slo ogs\u00e5 ut p\u00e5 de innledende pr\u00f8vene som ble tatt. F\u00f8rer framstilt for blodpr\u00f8ve og sak opprettes, sier Rygg Ims. <\/b><\/p>\n<p>Vaktsjef Eileraas forteller ellers om et tilfelle av en overstadig beruset mindre\u00e5rig som ble kj\u00f8rt hjem til mor, og en ung kvinne som ble tatt med falsk legitimasjon da hun ville inn p\u00e5 et utested.<\/p>\n<p>Vaktsjefen oppsummerer natten slik.<\/p>\n<p><b>\u2013 Folk har stort sett oppf\u00f8rt seg fint. Vi g\u00e5r inn i det nye \u00e5ret med relativt lite dramatikk. <\/b><\/p>\n","protected":false},"excerpt":{"rendered":"HAUGESUND: Politiet har riktignok meldt om noen hendelser. Blant annet var det brann utenfor en bolig i Kvalsvik.&hellip;\n","protected":false},"author":2,"featured_media":23205,"comment_status":"","ping_status":"","sticky":false,"template":"","format":"standard","meta":{"footnotes":""},"categories":[10],"tags":[36,20,21,24,25,1337,15,22,23,13,30,28,29,14,16,254,1510,26,27],"class_list":{"0":"post-126186","1":"post","2":"type-post","3":"status-publish","4":"format-standard","5":"has-post-thumbnail","7":"category-norge","8":"tag-art","9":"tag-breaking-news","10":"tag-breakingnews","11":"tag-featured-news","12":"tag-featurednews","13":"tag-haugesund","14":"tag-headlines","15":"tag-latest-news","16":"tag-latestnews","17":"tag-news","18":"tag-no","19":"tag-norge","20":"tag-norway","21":"tag-nyheter","22":"tag-overskrifter","23":"tag-politi","24":"tag-story","25":"tag-top-stories","26":"tag-topstories"},"share_on_mastodon":{"url":"https:\/\/pubeurope.com\/@no\/115819740321196305","error":""},"_links":{"self":[{"href":"https:\/\/www.europesays.com\/no\/wp-json\/wp\/v2\/posts\/126186","targetHints":{"allow":["GET"]}}],"collection":[{"href":"https:\/\/www.europesays.com\/no\/wp-json\/wp\/v2\/posts"}],"about":[{"href":"https:\/\/www.europesays.com\/no\/wp-json\/wp\/v2\/types\/post"}],"author":[{"embeddable":true,"href":"https:\/\/www.europesays.com\/no\/wp-json\/wp\/v2\/users\/2"}],"replies":[{"embeddable":true,"href":"https:\/\/www.europesays.com\/no\/wp-json\/wp\/v2\/comments?post=126186"}],"version-history":[{"count":0,"href":"https:\/\/www.europesays.com\/no\/wp-json\/wp\/v2\/posts\/126186\/revisions"}],"wp:featuredmedia":[{"embeddable":true,"href":"https:\/\/www.europesays.com\/no\/wp-json\/wp\/v2\/media\/23205"}],"wp:attachment":[{"href":"https:\/\/www.europesays.com\/no\/wp-json\/wp\/v2\/media?parent=126186"}],"wp:term":[{"taxonomy":"category","embeddable":true,"href":"https:\/\/www.europesays.com\/no\/wp-json\/wp\/v2\/categories?post=126186"},{"taxonomy":"post_tag","embeddable":true,"href":"https:\/\/www.europesays.com\/no\/wp-json\/wp\/v2\/tags?post=126186"}],"curies":[{"name":"wp","href":"https:\/\/api.w.org\/{rel}","templated":true}]}}