{"id":126187,"date":"2026-01-01T12:02:10","date_gmt":"2026-01-01T12:02:10","guid":{"rendered":"https:\/\/www.europesays.com\/no\/126187\/"},"modified":"2026-01-01T12:02:10","modified_gmt":"2026-01-01T12:02:10","slug":"flere-titalls-dode-etter-eksplosjon-og-brann-ved-skisted-i-sveits","status":"publish","type":"post","link":"https:\/\/www.europesays.com\/no\/126187\/","title":{"rendered":"Flere titalls d\u00f8de etter eksplosjon og brann ved skisted i Sveits"},"content":{"rendered":"\n<ul class=\"_list_o9xde_3 _list_64s2r_85 _unordered_o9xde_106 text-sans-m\">\n<li class=\"_item_o9xde_30\">En eksplosjon i en bar i Crans-Montana har f\u00f8rt til et titalls antatt d\u00f8de d\u00f8de og skadede.<\/li>\n<li class=\"_item_o9xde_30\">Brann\u00e5rsaken var ikke et bevisst angrep, og etterforskning p\u00e5g\u00e5r.<\/li>\n<li class=\"_item_o9xde_30\">Ingen nordmenn er rapportert blant ofrene.<\/li>\n<\/ul>\n<p>Vis mer <\/p>\n<p class=\"_paragraph_o9xde_4 _paragraph_xtcu6_10 layout-component text-serif-m layout-normal text-serif-m layout-padded\">\u2013 Jeg kan ikke skjule for dere at vi er lamsl\u00e5tt over det som skjedde i natt.<\/p>\n<p class=\"_paragraph_o9xde_4 _paragraph_xtcu6_10 layout-component text-serif-m layout-normal text-serif-m layout-padded\">Det sier sveitsisk politi dagen etter den voldsomme d\u00f8dsbrannen i skistedet Crans-Montana i Alpene.<\/p>\n<p class=\"_paragraph_o9xde_4 _paragraph_xtcu6_10 layout-component text-serif-m layout-normal text-serif-m layout-padded\">Et stort antall mennesker var til stede i baren Le Constellation for \u00e5 feire ny\u00e5ret, da en eksplosiv brann br\u00f8t ut klokken 01.30 natt til torsdag.<\/p>\n<p class=\"_paragraph_o9xde_4 _paragraph_xtcu6_10 layout-component text-serif-m layout-normal text-serif-m layout-padded\"><strong class=\"_strong_o9xde_25\">Antallet omkomne og skadede er stort: Politiet melder om flere titalls d\u00f8de, og hundre skadede, mange med alvorlige brannskader.<\/strong><\/p>\n<p class=\"_paragraph_o9xde_4 _paragraph_xtcu6_10 layout-component text-serif-m layout-normal text-serif-m layout-padded\">\u2013 Flere dusin mennesker antas \u00e5 ha omkommet, sa Fr\u00e9d\u00e9ric Gisler, kommandant for det lokale politiet i kantonenkantonenNavn for sveitsisk delstat. Valais i <a href=\"https:\/\/www.vg.no\/tag\/sveits?utm_source=vg-article&amp;utm_medium=auto-tagger&amp;utm_campaign=xrPpER\" class=\"_link_o9xde_39\" rel=\"nofollow noopener\" target=\"_blank\">Sveits<\/a> under pressekonferansen torsdag formiddag.<\/p>\n<p class=\"_paragraph_o9xde_4 _paragraph_xtcu6_10 layout-component text-serif-m layout-normal text-serif-m layout-padded\"><strong class=\"_strong_o9xde_25\">Utestedet skal ha v\u00e6rt spesielt popul\u00e6rt blant ten\u00e5ringer og unge folk, forteller vitner.<\/strong><\/p>\n<p class=\"_paragraph_o9xde_4 _paragraph_xtcu6_10 layout-component text-serif-m layout-normal text-serif-m layout-padded\">\u2013 Det var fullstendig panikk, alle skrek, forteller de to franske kvinnene Emma og Albane til <a href=\"https:\/\/www.bfmtv.com\/international\/europe\/suisse\/tout-le-plafond-etait-en-feu-deux-francaises-racontent-la-panique-lors-de-l-incendie-mortel-a-crans-montana_AV-202601010284.html\" class=\"_link_o9xde_39\" rel=\"nofollow noopener\" target=\"_blank\">BFM<\/a>.<\/p>\n<p class=\"_paragraph_o9xde_4 _paragraph_xtcu6_10 layout-component text-serif-m layout-normal text-serif-m layout-padded\">De antar at omkring 200 mennesker var inne i baren, flere i alderen 15 til 20 \u00e5r. Da det begynte \u00e5 brenne i taket oppsto det panikk. De klarte \u00e5 komme seg ut gjennom et knust vindu.<\/p>\n<p class=\"_paragraph_o9xde_4 _paragraph_xtcu6_10 layout-component text-serif-m layout-normal text-serif-m layout-padded\">\u2013 Vi hadde flammer noen meter unna oss. Hadde vi ikke l\u00f8pt hadde vi ogs\u00e5 blitt skadet, sier en av dem. <\/p>\n<p>   <img decoding=\"async\" alt=\"Tips oss illustrasjon\" src=\"https:\/\/www.europesays.com\/no\/wp-content\/uploads\/2025\/10\/pssst-small.webp.webp\"\/>    <\/p>\n<p class=\"title-serif-s\">Har du tips?<\/p>\n<p class=\"text-sans-m\">Send oss informasjon, bilder eller video.<\/p>\n<p>  <a href=\"https:\/\/www.vg.no\/tips-oss\" rel=\"nofollow noopener\" target=\"_blank\"> Tips oss <\/a>   <\/p>\n<p class=\"_paragraph_o9xde_4 _paragraph_xtcu6_10 layout-component text-serif-m layout-normal text-serif-m layout-padded\">En sveitsisk avis skriver at de har kildeopplysninger om at det skal v\u00e6re omkring 40 d\u00f8de.<\/p>\n<p class=\"_paragraph_o9xde_4 _paragraph_xtcu6_10 layout-component text-serif-m layout-normal text-serif-m layout-padded\">Slektninger og p\u00e5r\u00f8rende som ikke har h\u00f8rt fra sine n\u00e6re, flokker til det lokale krisesenteret formiddagen 1. januar, skriver <a href=\"https:\/\/www.24heures.ch\/un-incendie-dans-un-bar-a-crans-montana-fait-plusieurs-morts-539833393508#event-list\" class=\"_link_o9xde_39\" rel=\"nofollow noopener\" target=\"_blank\">24heures<\/a>.<\/p>\n<p class=\"_paragraph_o9xde_4 _paragraph_xtcu6_10 layout-component text-serif-m layout-normal text-serif-m layout-padded\"><strong class=\"_strong_o9xde_25\">\u2013 Han er ikke noe sted. Ingen vet hvor han er, utbryter en gr\u00e5tende kvinne om sin s\u00f8nn.<\/strong><\/p>\n<p class=\"_paragraph_o9xde_4 _paragraph_xtcu6_10 layout-component text-serif-m layout-normal text-serif-m layout-padded\">Sytten \u00e5r gamle Ana\u00efs skulle p\u00e5 \u00abLa Constellation\u00bb i natt, slik hun har jevnlig gjort de siste to \u00e5rene. I stedet dro vennegjengen et annet sted, og m\u00f8tte katastrofen p\u00e5 vei hjem.<\/p>\n<p class=\"_paragraph_o9xde_4 _paragraph_xtcu6_10 layout-component text-serif-m layout-normal text-serif-m layout-padded\"><strong class=\"_strong_o9xde_25\">\u2013 Det var full panikk. Traumatiserte mennesker som gr\u00e5t og vandret omkring i gaten. Jeg er enn\u00e5 i sjokk, sier hun til den sveitsiske nettavisen.<\/strong><\/p>\n<p><img alt=\"Foto: MAXIME SCHMID \/ AFP \/ NTB\" class=\"_image_qp4xg_65 layout-component layout-normal\" data-fullscreen- data-track-element-type=\"Article image fullscreen\" data-track-name=\"ImageFullscreen\" decoding=\"async\" loading=\"lazy\" height=\"4391\" itemprop=\"image\"  src=\"https:\/\/www.europesays.com\/no\/wp-content\/uploads\/2026\/01\/baffedad-553d-4915-9b01-35e23b347ee7.png\"  style=\"object-position:0% 0%\" width=\"6587\"\/>Foto: MAXIME SCHMID \/ AFP \/ NTB<\/p>\n<p class=\"_paragraph_o9xde_4 _paragraph_xtcu6_10 layout-component text-serif-m layout-normal text-serif-m layout-padded\">Politiet avviser at brannen var resultat av et bevisst angrep.<\/p>\n<p class=\"_paragraph_o9xde_4 _paragraph_xtcu6_10 layout-component text-serif-m layout-normal text-serif-m layout-padded\">\u2013 Det var ikke en eksplosiv enhet som for\u00e5rsaket brannen. Eksplosjonen var en konsekvens av brannen og ikke den andre veien, sa det lokale politiet under pressekonferansen.<\/p>\n<p class=\"_paragraph_o9xde_4 _paragraph_xtcu6_10 layout-component text-serif-m layout-normal text-serif-m layout-padded\">De vil imidlertid ikke kommentere hvorvidt pyroteknikk eller fyrverkeri startet brannen.<\/p>\n<p class=\"_paragraph_o9xde_4 _paragraph_xtcu6_10 layout-component text-serif-m layout-normal text-serif-m layout-padded\"><strong class=\"_strong_o9xde_25\">Vitner forteller til nettavisen 24heures at fyrverkeri ble plassert i flasker p\u00e5 bord inne i nattklubben, som antente taket.<\/strong><\/p>\n<p><img alt=\"Foto: Alessandro Della valle \/ AP \/ NTB\" class=\"_image_qp4xg_65 layout-component layout-normal\" data-fullscreen- data-track-element-type=\"Article image fullscreen\" data-track-name=\"ImageFullscreen\" decoding=\"async\" loading=\"lazy\" height=\"2904\" itemprop=\"image\"  src=\"https:\/\/www.europesays.com\/no\/wp-content\/uploads\/2026\/01\/15a60653-2b43-4ab1-9cc1-1cdb17565ee8.png\"  style=\"object-position:0% 0%\" width=\"4356\"\/>Foto: Alessandro Della valle \/ AP \/ NTB<\/p>\n<p class=\"_paragraph_o9xde_4 _paragraph_xtcu6_10 layout-component text-serif-m layout-normal text-serif-m layout-padded\">Noen av ofrene er fra andre land, if\u00f8lge politiets pressekonferanse. Det er imidlertid ingen indikasjoner p\u00e5 at nordmenn skal v\u00e6re rammet i brannen, melder utenriksdepartementet til <a href=\"https:\/\/www.aftenposten.no\/verden\/i\/QJo204\/plutselig-ble-den-overfylte-baren-rammet-av-en-eksplosjon-ti-er-funnet-doede\" class=\"_link_o9xde_39\" rel=\"nofollow noopener\" target=\"_blank\">Aftenposten<\/a>.<\/p>\n<p class=\"_paragraph_o9xde_4 _paragraph_xtcu6_10 layout-component text-serif-m layout-normal text-serif-m layout-padded\">B\u00e5de sveitsiske og italienske ambulansehelikoptre har torsdag bidratt i \u00e5 sende skadede til sykehus over hele regionen.<\/p>\n<p class=\"_paragraph_o9xde_4 _paragraph_xtcu6_10 layout-component text-serif-m layout-normal text-serif-m layout-padded\">\u2013 Vi har hundre skadede, mange av dem med alvorlige branns\u00e5r. Ti helikoptre, 40 ambulanser og 140 n\u00f8dpersonell har bidratt i aksjonen, sier lederen for kantonregjeringen i Valais, Mathias Reynard, under formiddagens pressekonferanse.<\/p>\n<p><img alt=\"PRESSEKONFERANSE: Lederen for kantonregjeringen i Valais, Mathias Reynard (t.v.).  Foto: Alessandro della Valle \/ AP \/ NTB\" class=\"_image_qp4xg_65 layout-component layout-normal\" data-fullscreen- data-track-element-type=\"Article image fullscreen\" data-track-name=\"ImageFullscreen\" decoding=\"async\" loading=\"lazy\" height=\"5350\" itemprop=\"image\"  src=\"https:\/\/www.europesays.com\/no\/wp-content\/uploads\/2026\/01\/476540bf-de31-4e9d-8fbd-0528a2754345.png\"  style=\"object-position:0% 0%\" width=\"8025\"\/>PRESSEKONFERANSE: Lederen for kantonregjeringen i Valais, Mathias Reynard (t.v.).  Foto: Alessandro della Valle \/ AP \/ NTB<\/p>\n<p class=\"_paragraph_o9xde_4 _paragraph_xtcu6_10 layout-component text-serif-m layout-normal text-serif-m layout-padded\">En lokal helsearbeider har fortalt til nyhetsmediet <a href=\"https:\/\/www.rts.ch\/info\/regions\/valais\/2026\/minute-par-minute\/29104815.html\" class=\"_link_o9xde_39\" rel=\"nofollow noopener\" target=\"_blank\">RTS<\/a> at sykehusene i det fransktalende Sveits er overbelastet med brannskadeofre.<\/p>\n<p class=\"_paragraph_o9xde_4 _paragraph_xtcu6_10 layout-component text-serif-m layout-normal text-serif-m layout-padded\">\u2013 Vis solidaritet ved \u00e5 unng\u00e5 risikofylte aktiviteter denne 1. januar, skal helsearbeideren ha sagt.<\/p>\n<p><img alt=\"EKSPLOSIV BRANN: Et stort antall mennesker er d\u00f8de etter nattens brann i en nattklubb i Crans Montana i Sveits natt til f\u00f8rste nytt\u00e5rsdag. Bildet viser en lokal politibil.  Foto: Police cantonale valaisanne\" class=\"_image_qp4xg_65 layout-component layout-normal\" data-fullscreen- data-track-element-type=\"Article image fullscreen\" data-track-name=\"ImageFullscreen\" decoding=\"async\" loading=\"lazy\" height=\"1200\" itemprop=\"image\"  src=\"https:\/\/www.europesays.com\/no\/wp-content\/uploads\/2026\/01\/9947e549-9459-4cec-96af-64e857094b93.jpeg\"  style=\"object-position:0% 0%\" width=\"1600\"\/>EKSPLOSIV BRANN: Et stort antall mennesker er d\u00f8de etter nattens brann i en nattklubb i Crans Montana i Sveits natt til f\u00f8rste nytt\u00e5rsdag. Bildet viser en lokal politibil.  Foto: Police cantonale valaisanne<\/p>\n<p class=\"_paragraph_o9xde_4 _paragraph_xtcu6_10 layout-component text-serif-m layout-normal text-serif-m layout-padded\">Crans-Montana ligger i kantonenkantonenNavn for sveitsisk delstat. Valais i Sveits, og er et popul\u00e6rt feriested i de sveitsiske alpene.<\/p>\n<p class=\"_paragraph_o9xde_4 _paragraph_xtcu6_10 layout-component text-serif-m layout-normal text-serif-m layout-padded\">\u2013 Denne kvelden skulle v\u00e6rt en feiring i fellesskap. I stedet ble det til et mareritt markert av en tragisk hendelse som skadet mange og kostet flere livet. Vi vil ogs\u00e5 sende v\u00e5re tanker til de som er skadet, sa Mathias Reynard.<\/p>\n<p><img alt=\"Foto: Alessandro Della valle \/ AP \/ NTB\" class=\"_image_qp4xg_65 layout-component layout-normal\" data-fullscreen- data-track-element-type=\"Article image fullscreen\" data-track-name=\"ImageFullscreen\" decoding=\"async\" loading=\"lazy\" height=\"4339\" itemprop=\"image\"  src=\"https:\/\/www.europesays.com\/no\/wp-content\/uploads\/2026\/01\/6e830da2-3c5b-4f56-9ad9-7b326a963f55.png\"  style=\"object-position:0% 0%\" width=\"6509\"\/>Foto: Alessandro Della valle \/ AP \/ NTB<\/p>\n<p class=\"_paragraph_o9xde_4 _paragraph_xtcu6_10 layout-component text-serif-m layout-normal text-serif-m layout-padded\">Den eksplosive brannen skal ha startet inne p\u00e5 utestedet bare kort tid inne i det nye \u00e5ret. <\/p>\n<p class=\"_paragraph_o9xde_4 _paragraph_xtcu6_10 layout-component text-serif-m layout-normal text-serif-m layout-padded\">Det er enn\u00e5 uvisst hvor mange som var inne i baren som hadde plass til omkring 300 personer. <\/p>\n<p class=\"_paragraph_o9xde_4 _paragraph_xtcu6_10 layout-component text-serif-m layout-normal text-serif-m layout-padded\">Baren \u00abLe Constellation\u00bb skal ha v\u00e6rt i drift i 40 \u00e5r, og anses \u00e5 v\u00e6re en lokal institusjon p\u00e5 det sveitsiske skistedet, if\u00f8lge BBCs reporter p\u00e5 stedet. Reporteren beskriver det som en bar som ikke er like luksuri\u00f8s som andre p\u00e5 skistedet, men snarere et sted hvor folk gikk for \u00e5 se fotballkamper.<\/p>\n<p class=\"_paragraph_o9xde_4 _paragraph_xtcu6_10 layout-component text-serif-m layout-normal text-serif-m layout-padded\">Baren skal ligge i en kjeller. En tidligere bes\u00f8kende til baren har fortalt Blick at den skal ha kun \u00e9n r\u00f8mningsvei.<\/p>\n<p class=\"_paragraph_o9xde_4 _paragraph_xtcu6_10 layout-component text-serif-m layout-normal text-serif-m layout-padded\"><strong class=\"_strong_o9xde_25\">Bare kort tid f\u00f8r baren normalt stenger, begynte det \u00e5 brenne.<\/strong><\/p>\n<p class=\"_paragraph_o9xde_4 _paragraph_xtcu6_10 layout-component text-serif-m layout-normal text-serif-m layout-padded\">\u2013 Rundt klokken 01.30 skjedde det en hendelse i Crans-Montana. Flere skadede personer blir behandlet. Jeg kan bekrefte at det er flere omkomne, sa en talsperson fra politiet til radiokanalen <a href=\"https:\/\/www.rhonefm.ch\/valais\/des-morts-lors-d-une-explosion-a-crans-montana-le-soir-du-nouvel-an--une-helpline-pour-les-familles-1336361\" class=\"_link_o9xde_39\" rel=\"nofollow noopener\" target=\"_blank\">Rh\u00f4ne FM.<\/a><\/p>\n<p><img alt=\"Foto: MAXIME SCHMID \/ AFP \/ NTB\" class=\"_image_qp4xg_65 layout-component layout-normal\" data-fullscreen- data-track-element-type=\"Article image fullscreen\" data-track-name=\"ImageFullscreen\" decoding=\"async\" loading=\"lazy\" height=\"4835\" itemprop=\"image\"  src=\"https:\/\/www.europesays.com\/no\/wp-content\/uploads\/2026\/01\/a4ae7dbc-b8a7-48f7-882f-d03ca5913a75.png\"  style=\"object-position:0% 0%\" width=\"7253\"\/>Foto: MAXIME SCHMID \/ AFP \/ NTB<\/p>\n<p class=\"_paragraph_o9xde_4 _paragraph_xtcu6_10 layout-component text-serif-m layout-normal text-serif-m layout-padded\">Et vitne forklarte til radiokanalen at det hadde observert \u00abutallige\u00bb ambulanser p\u00e5 vei til stedet.<\/p>\n<p class=\"_paragraph_o9xde_4 _paragraph_xtcu6_10 layout-component text-serif-m layout-normal text-serif-m layout-padded\">Blick skriver at brannen kan ha blitt for\u00e5rsaket av pyroteknikk under en konsert, men saken etterforskes av politiet, og grunnen til eksplosjonen er fortsatt ikke bekreftet.<\/p>\n<p class=\"_paragraph_o9xde_4 _paragraph_xtcu6_10 layout-component text-serif-m layout-normal text-serif-m layout-padded\">Den sveitsiske presidenten, Guy Parmelin, har utsatt den tradisjonelle nytt\u00e5rstalen av respekt for de etterlatte og skadede. <\/p>\n<p>Aktiver kart<\/p>\n","protected":false},"excerpt":{"rendered":"En eksplosjon i en bar i Crans-Montana har f\u00f8rt til et titalls antatt d\u00f8de d\u00f8de og skadede. Brann\u00e5rsaken&hellip;\n","protected":false},"author":2,"featured_media":126188,"comment_status":"","ping_status":"","sticky":false,"template":"","format":"standard","meta":{"footnotes":""},"categories":[5],"tags":[5847,20,21,24,25,15,19,22,23,17,18,13,30,28,29,14,16,209,26,27],"class_list":{"0":"post-126187","1":"post","2":"type-post","3":"status-publish","4":"format-standard","5":"has-post-thumbnail","7":"category-overskrifter","8":"tag-branner","9":"tag-breaking-news","10":"tag-breakingnews","11":"tag-featured-news","12":"tag-featurednews","13":"tag-headlines","14":"tag-hovedoppslag","15":"tag-latest-news","16":"tag-latestnews","17":"tag-main-news","18":"tag-mainnews","19":"tag-news","20":"tag-no","21":"tag-norge","22":"tag-norway","23":"tag-nyheter","24":"tag-overskrifter","25":"tag-sveits","26":"tag-top-stories","27":"tag-topstories"},"share_on_mastodon":{"url":"https:\/\/pubeurope.com\/@no\/115819744039875725","error":""},"_links":{"self":[{"href":"https:\/\/www.europesays.com\/no\/wp-json\/wp\/v2\/posts\/126187","targetHints":{"allow":["GET"]}}],"collection":[{"href":"https:\/\/www.europesays.com\/no\/wp-json\/wp\/v2\/posts"}],"about":[{"href":"https:\/\/www.europesays.com\/no\/wp-json\/wp\/v2\/types\/post"}],"author":[{"embeddable":true,"href":"https:\/\/www.europesays.com\/no\/wp-json\/wp\/v2\/users\/2"}],"replies":[{"embeddable":true,"href":"https:\/\/www.europesays.com\/no\/wp-json\/wp\/v2\/comments?post=126187"}],"version-history":[{"count":0,"href":"https:\/\/www.europesays.com\/no\/wp-json\/wp\/v2\/posts\/126187\/revisions"}],"wp:featuredmedia":[{"embeddable":true,"href":"https:\/\/www.europesays.com\/no\/wp-json\/wp\/v2\/media\/126188"}],"wp:attachment":[{"href":"https:\/\/www.europesays.com\/no\/wp-json\/wp\/v2\/media?parent=126187"}],"wp:term":[{"taxonomy":"category","embeddable":true,"href":"https:\/\/www.europesays.com\/no\/wp-json\/wp\/v2\/categories?post=126187"},{"taxonomy":"post_tag","embeddable":true,"href":"https:\/\/www.europesays.com\/no\/wp-json\/wp\/v2\/tags?post=126187"}],"curies":[{"name":"wp","href":"https:\/\/api.w.org\/{rel}","templated":true}]}}