{"id":126198,"date":"2026-01-01T12:17:25","date_gmt":"2026-01-01T12:17:25","guid":{"rendered":"https:\/\/www.europesays.com\/no\/126198\/"},"modified":"2026-01-01T12:17:25","modified_gmt":"2026-01-01T12:17:25","slug":"full-splid-om-ny-ovelse-etter-amerikansk-seier-ser-ikke-poenget","status":"publish","type":"post","link":"https:\/\/www.europesays.com\/no\/126198\/","title":{"rendered":"Full splid om ny \u00f8velse etter amerikansk seier: \u2013 Ser ikke poenget"},"content":{"rendered":"\n<ul class=\"_list_o9xde_3 _list_64s2r_85 _unordered_o9xde_106 text-sans-m\">\n<li class=\"_item_o9xde_30\">USAs Gus Schumacher stoppet Norges dominans ved \u00e5 vinne 5 km sk\u00f8yting i Tour de Ski.<\/li>\n<li class=\"_item_o9xde_30\">Schumacher vant med tiden 9:34, foran Benjamin Moser og Lars Heggen.<\/li>\n<li class=\"_item_o9xde_30\">Johannes H\u00f8sflot Kl\u00e6bo ble nummer 12, men leder touren sammenlagt fortsatt.<\/li>\n<li class=\"_item_o9xde_30\">Det er mange ulike meninger om den nye \u00f8velsen. <\/li>\n<\/ul>\n<p>Vis mer <\/p>\n<p class=\"_paragraph_o9xde_4 _paragraph_xtcu6_10 layout-component text-serif-m layout-normal text-serif-m layout-padded\">For f\u00f8rste gang skulle fem kilometer sk\u00f8yting med fire heat med 20\u201325 l\u00f8pere pr\u00f8ves ut som \u00f8velse i verdenscupen. Den som leverte den beste sluttiden vant rennet. <\/p>\n<p class=\"_paragraph_o9xde_4 _paragraph_xtcu6_10 layout-component text-serif-m layout-normal text-serif-m layout-padded\">Amerikanske Gus Schumacher vant til slutt den tredje etappen i Tour de Ski med tiden 9.34. Bak fulgte \u00f8sterrikske Benjamin Moser og norske Lars Heggen. Trioen gikk alle i heat to.<\/p>\n<p><img alt=\"Benjamin Moser, Gus Schumacher og Lars Heggen.  Foto: Terje Pedersen \/ NTB\" class=\"_image_qp4xg_65 layout-component layout-normal\" data-fullscreen- data-track-element-type=\"Article image fullscreen\" data-track-name=\"ImageFullscreen\" decoding=\"async\" loading=\"lazy\" height=\"3205\" itemprop=\"image\"  src=\"https:\/\/www.europesays.com\/no\/wp-content\/uploads\/2026\/01\/3fc01d0d-b8e5-494c-a9d3-7f4fe58a3efa.png\"  style=\"object-position:0% 0%\" width=\"4808\"\/>Benjamin Moser, Gus Schumacher og Lars Heggen.  Foto: Terje Pedersen \/ NTB<\/p>\n<p class=\"_paragraph_o9xde_4 _paragraph_xtcu6_10 layout-component text-serif-m layout-normal text-serif-m layout-padded\">\u2013 Samarbeidet til Heggen, Schumacher og Moser den siste kilometeren luktet det svidd av, sier Viaplays ekspert Niklas Dyrhaug. <\/p>\n<p>Resultater 5 km sk\u00f8yting i Toblach<\/p>\n<ol class=\"_list_o9xde_3 _list_xtcu6_9 _list_16v91_9 _ordered_o9xde_79 layout-component text-serif-m layout-normal text-sans-m layout-padded\">\n<li class=\"_item_o9xde_30\">Gus Schumacher<\/li>\n<li class=\"_item_o9xde_30\">Benjamin Moser<\/li>\n<li class=\"_item_o9xde_30\">Lars Heggen<\/li>\n<li class=\"_item_o9xde_30\">Jules Chappaz<\/li>\n<li class=\"_item_o9xde_30\">James Clugnet<\/li>\n<li class=\"_item_o9xde_30\">Michal Novak<\/li>\n<li class=\"_item_o9xde_30\">Niio Moilanen<\/li>\n<li class=\"_item_o9xde_30\">Emil Iversen<\/li>\n<li class=\"_item_o9xde_30\">Andreas Fjorden Ree<\/li>\n<li class=\"_item_o9xde_30\">Richard Jouve<\/li>\n<li class=\"_item_o9xde_30\">Antoine Cyr<\/li>\n<li class=\"_item_o9xde_30\">Johannes H\u00f8sflot Kl\u00e6bo<\/li>\n<li class=\"_item_o9xde_30\">Xavier Mckveer<\/li>\n<li class=\"_item_o9xde_30\">Max Hollmann<\/li>\n<li class=\"_item_o9xde_30\">Mattis Stenshagen<\/li>\n<li class=\"_item_o9xde_30\">Federico Pellegrino<\/li>\n<li class=\"_item_o9xde_30\">Harald \u00d8stberg Amundsen<\/li>\n<li class=\"_item_o9xde_30\">Tobias Ganger<\/li>\n<li class=\"_item_o9xde_30\">Elia Barp<\/li>\n<li class=\"_item_o9xde_30\">Ben Ogden<\/li>\n<\/ol>\n<p>Vis mer<\/p>\n<p class=\"_paragraph_o9xde_4 _paragraph_xtcu6_10 layout-component text-serif-m layout-normal text-serif-m layout-padded\">Nest beste norske ble Emil Iversen p\u00e5 8. plass.<\/p>\n<p class=\"_paragraph_o9xde_4 _paragraph_xtcu6_10 layout-component text-serif-m layout-normal text-serif-m layout-padded\">\u2013 Det er en skrell. Vi m\u00e5 g\u00e5 i oss selv. Oppvaskm\u00f8te i kveld, sier Iversen litt ironisk og med et glimt i \u00f8yet til VG om den norske innsatsen. <\/p>\n<p class=\"_paragraph_o9xde_4 _paragraph_xtcu6_10 layout-component text-serif-m layout-normal text-serif-m layout-padded\">Storfavoritt Johannes H\u00f8sflot Kl\u00e6bo vant sitt heat, men ble bare nummer 12. <\/p>\n<p class=\"_paragraph_o9xde_4 _paragraph_xtcu6_10 layout-component text-serif-m layout-normal text-serif-m layout-padded\">Seieren er Schumachers andre verdenscupseier. Den f\u00f8rste kom p\u00e5 10 kilometer sk\u00f8yting i USA i 2024. <\/p>\n<p class=\"_paragraph_o9xde_4 _paragraph_xtcu6_10 layout-component text-serif-m layout-normal text-serif-m layout-padded\">Triumfen stopper ogs\u00e5 den norske dominansen. Norge hadde tidligere tatt 16 av 18 pallplasser p\u00e5 distanse hittil i vinter. <\/p>\n<p class=\"_paragraph_o9xde_4 _paragraph_xtcu6_10 layout-component text-serif-m layout-normal text-serif-m layout-padded\">Det er nesten elleve m\u00e5neder siden sist noen utenfor Norge vinner distansel\u00f8p (Iivo Niskanen 10 km i Falun). <\/p>\n<p class=\"_paragraph_o9xde_4 _paragraph_xtcu6_10 layout-component text-serif-m layout-normal text-serif-m layout-padded\">\u2013 Det er vel veldig bra for sporten. De som skal satse i fremtiden m\u00e5 trene p\u00e5 5 kilometer, sier Iversen, som snudde etter at han dagen f\u00f8r rennet var mer kritisk. Da sa han dette om \u00f8velsen:<\/p>\n<p class=\"_paragraph_o9xde_4 _paragraph_xtcu6_10 layout-component text-serif-m layout-normal text-serif-m layout-padded\">\u00abKjedelig \u00e5 bruke en tour-etappe p\u00e5 et pr\u00f8veprosjekt, som overhodet ikke fungerte i ToppidrettsvekaToppidrettsvekaSommerkonkurranse p\u00e5 rulleski.. Det er urettferdig hvem man havner i heat med, og det er i hvert fall umulig \u00e5 skj\u00f8nne for publikum.\u00bb<\/p>\n<p class=\"_paragraph_o9xde_4 _paragraph_xtcu6_10 layout-component text-serif-m layout-normal text-serif-m layout-padded\">\u2013 Dette formatet blir nok st\u00e5ende n\u00e5. Det er bare \u00e5 trene p\u00e5 dette, sier Kl\u00e6bo om at den norske dominansen fikk seg en knekk. <\/p>\n<p><img alt=\"Lars Heggen ble Norges beste.   Foto: MAXIM THORE \/ Bildbyr\u00e5n\" class=\"_image_qp4xg_65 layout-component layout-normal\" data-fullscreen- data-track-element-type=\"Article image fullscreen\" data-track-name=\"ImageFullscreen\" decoding=\"async\" loading=\"lazy\" height=\"2493\" itemprop=\"image\"  src=\"https:\/\/www.europesays.com\/no\/wp-content\/uploads\/2026\/01\/cedde130-9c1b-4adf-b068-6136e3a30daa.png\"  style=\"object-position:0% 0%\" width=\"3739\"\/>Lars Heggen ble Norges beste.   Foto: MAXIM THORE \/ Bildbyr\u00e5n<\/p>\n<p class=\"_paragraph_o9xde_4 _paragraph_xtcu6_10 layout-component text-serif-m layout-normal text-serif-m layout-padded\">Schumacher var meget forn\u00f8yd etter den nye \u00f8velsen. <\/p>\n<p class=\"_paragraph_o9xde_4 _paragraph_xtcu6_10 layout-component text-serif-m layout-normal text-serif-m layout-padded\">\u2013 Det er morsomt. Det g\u00e5r raskt, men man g\u00e5r avslappet. Og det er g\u00f8y \u00e5 samarbeide med ut\u00f8vere som ikke er mine lagkamerater, sier Schumacher til VG. <\/p>\n<p class=\"_paragraph_o9xde_4 _paragraph_xtcu6_10 layout-component text-serif-m layout-normal text-serif-m layout-padded\">Etter m\u00e5lgang klemte Schumacher og Moser, og Heggen fikk flere klapp p\u00e5 brystet av amerikaneren. <\/p>\n<p class=\"_paragraph_o9xde_4 _paragraph_xtcu6_10 layout-component text-serif-m layout-normal text-serif-m layout-padded\">\u2013 Jeg synes det var dritg\u00f8y og spennende, sier Marte Kristoffersen i Viaplays studio. <\/p>\n<p class=\"_paragraph_o9xde_4 _paragraph_xtcu6_10 layout-component text-serif-m layout-normal text-serif-m layout-padded\">En som ikke var like forn\u00f8yd, var finske Iivo Niskanen som gikk i \u00e5pningsheatet. Han m\u00f8tte VG og svarte i en sarkastisk tone om hva han synes om \u00f8velsen. <\/p>\n<p class=\"_paragraph_o9xde_4 _paragraph_xtcu6_10 layout-component text-serif-m layout-normal text-serif-m layout-padded\">\u2013 Det var et ekstremt flott renn. Jeg tror vi m\u00e5 ta \u00f8velsen inn i OL og ta bort 5-mila, sier Iivo Niskanen &#8230;<\/p>\n<p><img alt=\"Foto: Terje Pedersen \/ NTB\" class=\"_image_qp4xg_65 layout-component layout-normal\" data-fullscreen- data-track-element-type=\"Article image fullscreen\" data-track-name=\"ImageFullscreen\" decoding=\"async\" loading=\"lazy\" height=\"2923\" itemprop=\"image\"  src=\"https:\/\/www.europesays.com\/no\/wp-content\/uploads\/2026\/01\/4bc92bfa-d91b-4812-9917-3fc13d2aa654.png\"  style=\"object-position:0% 0%\" width=\"4385\"\/>Foto: Terje Pedersen \/ NTB<\/p>\n<p class=\"_paragraph_o9xde_4 _paragraph_xtcu6_10 layout-component text-serif-m layout-normal text-serif-m layout-padded\">Han mente det var urettferdig at det gikk 56 minutter mellom f\u00f8rste og siste heat, da det har v\u00e6rt kalde forhold i Toblach fra morgenen av f\u00f8r solen begynte \u00e5 ta mer. I natt viste gradestokken 17 minus. <\/p>\n<p class=\"_paragraph_o9xde_4 _paragraph_xtcu6_10 layout-component text-serif-m layout-normal text-serif-m layout-padded\">\u2013 Mener du at forholdene er urettferdige?<\/p>\n<p class=\"_paragraph_o9xde_4 _paragraph_xtcu6_10 layout-component text-serif-m layout-normal text-serif-m layout-padded\">\u2013 Det har kanskje ikke s\u00e5 mye \u00e5 si, kanskje 15 sekunder, og det har heller ikke s\u00e5 mye \u00e5 si for touren sammenlagt. Men jeg ser ikke poenget med dette. Alle vet at denne \u00f8velsen ikke er noe bra, sier Niskanen. <\/p>\n<p><img alt=\"Foto: MAXIM THORE \/ Bildbyr\u00e5n\" class=\"_image_qp4xg_65 layout-component layout-normal\" data-fullscreen- data-track-element-type=\"Article image fullscreen\" data-track-name=\"ImageFullscreen\" decoding=\"async\" loading=\"lazy\" height=\"4000\" itemprop=\"image\"  src=\"https:\/\/www.europesays.com\/no\/wp-content\/uploads\/2026\/01\/445dd633-b347-40fd-ba48-d2a57c0bdbd9.jpeg\"  style=\"object-position:0% 0%\" width=\"6000\"\/>Foto: MAXIM THORE \/ Bildbyr\u00e5n<\/p>\n<p class=\"_paragraph_o9xde_4 _paragraph_xtcu6_10 layout-component text-serif-m layout-normal text-serif-m layout-padded\">Vinner Schumacher er ikke enig i Niskanens resonnement. <\/p>\n<p class=\"_paragraph_o9xde_4 _paragraph_xtcu6_10 layout-component text-serif-m layout-normal text-serif-m layout-padded\">\u2013 Sn\u00f8en endrer seg alltid underveis i et l\u00f8p. P\u00e5 intervallstart er det ogs\u00e5 en time mellom f\u00f8rste og siste ut\u00f8ver, sier han. <\/p>\n<p class=\"_paragraph_o9xde_4 _paragraph_xtcu6_10 layout-component text-serif-m layout-normal text-serif-m layout-padded\">\u2013 Er det urettferdig? <\/p>\n<p class=\"_paragraph_o9xde_4 _paragraph_xtcu6_10 layout-component text-serif-m layout-normal text-serif-m layout-padded\">\u2013 Det er aldri rettferdig. Man f\u00e5r det man f\u00e5r og man m\u00e5 gj\u00f8re det beste ut av det. <\/p>\n<p class=\"_paragraph_o9xde_4 _paragraph_xtcu6_10 layout-component text-serif-m layout-normal text-serif-m layout-padded\">\u2013 Hva vil du si til kritikerne? <\/p>\n<p class=\"_paragraph_o9xde_4 _paragraph_xtcu6_10 layout-component text-serif-m layout-normal text-serif-m layout-padded\">\u2013 Ikke v\u00e6r redd for noe nytt, sier Schumacher.<\/p>\n<p class=\"_paragraph_o9xde_4 _paragraph_xtcu6_10 layout-component text-serif-m layout-normal text-serif-m layout-padded\">Svenske Anton Grahn var blant de positive til 5-kilometeren.<\/p>\n<p class=\"_paragraph_o9xde_4 _paragraph_xtcu6_10 layout-component text-serif-m layout-normal text-serif-m layout-padded\">\u2013 Jeg synes det gikk fint og at det er et morsomt konsept. Men det er klart at jeg ikke er med og kjemper for en god sluttplassering i touren, s\u00e5 jeg kan skj\u00f8nne om det kan bli avgj\u00f8rende. Men samtidig tror jeg ikke det kommer til \u00e5 gi s\u00e5 store utslag, sier Grahn til VG. <\/p>\n<p class=\"_paragraph_o9xde_4 _paragraph_xtcu6_10 layout-component text-serif-m layout-normal text-serif-m layout-padded\">I forkant av etappen var <a href=\"https:\/\/www.vg.no\/sport\/i\/Okp0xq\/de-norske-slakter-ny-oevelse-i-tour-de-ski-det-er-joker-nord\" data-track-element-type=\"Link\" data-track-id=\"link:Okp0xq\" class=\"_link_o9xde_39\" rel=\"nofollow noopener\" target=\"_blank\">motstanden gigantisk i den norske troppen.<\/a> Erik Valnes var sv\u00e6rt forn\u00f8yd etter \u00e5 ha testet det ut.<\/p>\n<p class=\"_paragraph_o9xde_4 _paragraph_xtcu6_10 layout-component text-serif-m layout-normal text-serif-m layout-padded\">Han mener det blir for mye tilfeldigheter, f\u00e5 samarbeid og man blir for avhengig av andre ut\u00f8vere uten norsk pass for \u00e5 drive opp farten.<\/p>\n<p class=\"_paragraph_o9xde_4 _paragraph_xtcu6_10 layout-component text-serif-m layout-normal text-serif-m layout-padded\">\u2013 Har denne \u00f8velsen kommet for \u00e5 bli?<\/p>\n<p class=\"_paragraph_o9xde_4 _paragraph_xtcu6_10 layout-component text-serif-m layout-normal text-serif-m layout-padded\">\u2013 Nei, sier Valnes.<\/p>\n<p class=\"_paragraph_o9xde_4 _paragraph_xtcu6_10 layout-component text-serif-m layout-normal text-serif-m layout-padded\">\u2013 Men Norge stemte for denne \u00f8velsen, hva har du \u00e5 si til norske ski-politikere?<\/p>\n<p class=\"_paragraph_o9xde_4 _paragraph_xtcu6_10 layout-component text-serif-m layout-normal text-serif-m layout-padded\">\u2013 Stem imot neste gang. N\u00e5 har vi pr\u00f8vd det ut, men det var jo lite nordmenn oppi der. S\u00e5 da er sikkert FIS forn\u00f8yd, sier Valnes.<\/p>\n<p class=\"_paragraph_o9xde_4 _paragraph_xtcu6_10 layout-component text-serif-m layout-normal text-serif-m layout-padded\">Viaplays ekspert Niklas Dyrhaug sammenligner \u00f8velsen det heftigste bilsporten har \u00e5 by p\u00e5.<\/p>\n<p class=\"_paragraph_o9xde_4 _paragraph_xtcu6_10 layout-component text-serif-m layout-normal text-serif-m layout-padded\">\u2013 Det er en ordentlig Formel 1-\u00f8velse, dette her, sier Dyrhaug.<\/p>\n<p class=\"_paragraph_o9xde_4 _paragraph_xtcu6_10 layout-component text-serif-m layout-normal text-serif-m layout-padded\">Da passet det fint at Schumacher vant. <\/p>\n<p class=\"_paragraph_o9xde_4 _paragraph_xtcu6_10 layout-component text-serif-m layout-normal text-serif-m layout-padded\">Kl\u00e6bo leder touren sammenlagt, 45 sekunder ned til Lars Heggen og 57 sekunder til Harald \u00d8stberg Amundsen.\u00a0<\/p>\n","protected":false},"excerpt":{"rendered":"USAs Gus Schumacher stoppet Norges dominans ved \u00e5 vinne 5 km sk\u00f8yting i Tour de Ski. Schumacher vant&hellip;\n","protected":false},"author":2,"featured_media":126199,"comment_status":"","ping_status":"","sticky":false,"template":"","format":"standard","meta":{"footnotes":""},"categories":[5],"tags":[20,21,24,25,15,19,398,22,23,17,18,13,30,28,29,14,16,26,27],"class_list":{"0":"post-126198","1":"post","2":"type-post","3":"status-publish","4":"format-standard","5":"has-post-thumbnail","7":"category-overskrifter","8":"tag-breaking-news","9":"tag-breakingnews","10":"tag-featured-news","11":"tag-featurednews","12":"tag-headlines","13":"tag-hovedoppslag","14":"tag-langrenn","15":"tag-latest-news","16":"tag-latestnews","17":"tag-main-news","18":"tag-mainnews","19":"tag-news","20":"tag-no","21":"tag-norge","22":"tag-norway","23":"tag-nyheter","24":"tag-overskrifter","25":"tag-top-stories","26":"tag-topstories"},"share_on_mastodon":{"url":"https:\/\/pubeurope.com\/@no\/115819802998012438","error":""},"_links":{"self":[{"href":"https:\/\/www.europesays.com\/no\/wp-json\/wp\/v2\/posts\/126198","targetHints":{"allow":["GET"]}}],"collection":[{"href":"https:\/\/www.europesays.com\/no\/wp-json\/wp\/v2\/posts"}],"about":[{"href":"https:\/\/www.europesays.com\/no\/wp-json\/wp\/v2\/types\/post"}],"author":[{"embeddable":true,"href":"https:\/\/www.europesays.com\/no\/wp-json\/wp\/v2\/users\/2"}],"replies":[{"embeddable":true,"href":"https:\/\/www.europesays.com\/no\/wp-json\/wp\/v2\/comments?post=126198"}],"version-history":[{"count":0,"href":"https:\/\/www.europesays.com\/no\/wp-json\/wp\/v2\/posts\/126198\/revisions"}],"wp:featuredmedia":[{"embeddable":true,"href":"https:\/\/www.europesays.com\/no\/wp-json\/wp\/v2\/media\/126199"}],"wp:attachment":[{"href":"https:\/\/www.europesays.com\/no\/wp-json\/wp\/v2\/media?parent=126198"}],"wp:term":[{"taxonomy":"category","embeddable":true,"href":"https:\/\/www.europesays.com\/no\/wp-json\/wp\/v2\/categories?post=126198"},{"taxonomy":"post_tag","embeddable":true,"href":"https:\/\/www.europesays.com\/no\/wp-json\/wp\/v2\/tags?post=126198"}],"curies":[{"name":"wp","href":"https:\/\/api.w.org\/{rel}","templated":true}]}}