{"id":126200,"date":"2026-01-01T12:23:20","date_gmt":"2026-01-01T12:23:20","guid":{"rendered":"https:\/\/www.europesays.com\/no\/126200\/"},"modified":"2026-01-01T12:23:20","modified_gmt":"2026-01-01T12:23:20","slug":"finnsnes-forsokte-a-sla-til-flere-pa-utested-folkebladet-no","status":"publish","type":"post","link":"https:\/\/www.europesays.com\/no\/126200\/","title":{"rendered":"(+) Finnsnes: Fors\u00f8kte \u00e5 sl\u00e5 til flere p\u00e5 utested &#8211; folkebladet.no"},"content":{"rendered":"<ol>\n<li><a href=\"https:\/\/news.google.com\/rss\/articles\/CBMilwFBVV95cUxPSVdrTHVtS283Zzh3bWcwcXZ5bDV1dkdGS1ROa1Z6aW4wSGhkbnUtUWNDNTVfcmVSWnBnODV0TlF1MDd1R2c2X25zMDNPeWpTVF8tblY2Zl9hRHVMams3WkFpRjVtTW55eHRfMHNlNFFYVFBEX2oyT0lZdlM0SFV2a2ZKVXhYMWJXbW9MaTYzWmI3eU9QX2R3?oc=5\" target=\"_blank\" rel=\"nofollow noopener\">(+) Finnsnes: Fors\u00f8kte \u00e5 sl\u00e5 til flere p\u00e5 utested<\/a>&nbsp;&nbsp;folkebladet.no<\/li>\n<li><a href=\"https:\/\/news.google.com\/rss\/articles\/CBMiqwFBVV95cUxPel9HdG5OVHhyd2pJMk1jUG93SW5iWnRBWENfa185TUh4M1R6NDE1b0RvbXlsRENVQmg3NVl6ZXM4ZnlUcTVLWmxFcmd2QWJ4Umx0TFhwVUJiTVR6WnlzUWp3TEhNUE9wTE5zb1gzaDlVcU5LdUlwRWxnWDJqaG56SzRvZG9pUi1XMkdLMTRqaXJIb1pPWGRhTXc3dU04ZFlqbFhPTlV6ZTJxdkE?oc=5\" target=\"_blank\" rel=\"nofollow noopener\">V\u00e6ret, Meteorologisk institutt | Meteorologen varsler: F\u00f8rst sprengkulde, s\u00e5 kraftige byger langs kysten<\/a>&nbsp;&nbsp;Nordlys<\/li>\n<li><a href=\"https:\/\/news.google.com\/rss\/articles\/CBMiggFBVV95cUxPSndNTC13eFRaZk0yWDlVSkZDWWVrX2doVnlGcmVEUThTUkZVSWdxQmxteUdLTk94ZEEwVFRHMTl6R1ZqbnE0eXpUaTlCVWRHWE9YZHlMR2hPR3B1WnVKUGV2XzdGaUtwNTAtOVN6aW9MeWNxc1hTZkM5cm1acS11amNB?oc=5\" target=\"_blank\" rel=\"nofollow noopener\">Varsler polart lavtrykk i nord<\/a>&nbsp;&nbsp;NRK<\/li>\n<li><a href=\"https:\/\/news.google.com\/rss\/articles\/CBMijgFBVV95cUxPYkNXNmdnVXBsTldJTUkwcjBxbjBZancwcFBqNllQak5fUHJCLTI5R2Y2MGVYM0g0SVItcE96cTJsRzJQYkZwQlY4V2oydmxZOWdsNkowdkRLOE1hOVMxb2ZvOG5aSXk0OWxBWDFoT3R3N3kxSFZ1N0piTG1VWjAxUW93X0huRkx2LVhsMlJ3?oc=5\" target=\"_blank\" rel=\"nofollow noopener\">(+) Opprettholder skredfaren og kulingvarselet<\/a>&nbsp;&nbsp;altaposten.no<\/li>\n<li><a href=\"https:\/\/news.google.com\/rss\/articles\/CBMingFBVV95cUxOTHRpaTBSbXF3YWdaMnA2Uk14YXlaUGFKUVRkVFBYei1nR2REQ1hnZWNEblh1VTRSbnNNOVc0Q3hrdzlwT0hWZFZSTkpZbFhuNFU2TF9uTENEcmpmaFBnRUItb0t1V2xhV3RHT2stVklHSjFQdE9WSkxkWWJSNnA4SVpsSWdxSk9qQUVaMUEwU2t6anhENkhHXzFhZHpaZw?oc=5\" target=\"_blank\" rel=\"nofollow noopener\">V\u00e6r, Polart lavtrykk | Forvent store sn\u00f8mengder n\u00e5r denne stormen treffer Vest-Finnmark<\/a>&nbsp;&nbsp;Kronstadposten<\/li>\n<\/ol>\n","protected":false},"excerpt":{"rendered":"(+) Finnsnes: Fors\u00f8kte \u00e5 sl\u00e5 til flere p\u00e5 utested&nbsp;&nbsp;folkebladet.no V\u00e6ret, Meteorologisk institutt | Meteorologen varsler: F\u00f8rst sprengkulde, s\u00e5&hellip;\n","protected":false},"author":2,"featured_media":126201,"comment_status":"","ping_status":"","sticky":false,"template":"","format":"standard","meta":{"footnotes":""},"categories":[10],"tags":[20,21,24,25,15,22,23,13,30,28,29,14,16,26,27],"class_list":{"0":"post-126200","1":"post","2":"type-post","3":"status-publish","4":"format-standard","5":"has-post-thumbnail","7":"category-norge","8":"tag-breaking-news","9":"tag-breakingnews","10":"tag-featured-news","11":"tag-featurednews","12":"tag-headlines","13":"tag-latest-news","14":"tag-latestnews","15":"tag-news","16":"tag-no","17":"tag-norge","18":"tag-norway","19":"tag-nyheter","20":"tag-overskrifter","21":"tag-top-stories","22":"tag-topstories"},"share_on_mastodon":{"url":"https:\/\/pubeurope.com\/@no\/115819826652273226","error":""},"_links":{"self":[{"href":"https:\/\/www.europesays.com\/no\/wp-json\/wp\/v2\/posts\/126200","targetHints":{"allow":["GET"]}}],"collection":[{"href":"https:\/\/www.europesays.com\/no\/wp-json\/wp\/v2\/posts"}],"about":[{"href":"https:\/\/www.europesays.com\/no\/wp-json\/wp\/v2\/types\/post"}],"author":[{"embeddable":true,"href":"https:\/\/www.europesays.com\/no\/wp-json\/wp\/v2\/users\/2"}],"replies":[{"embeddable":true,"href":"https:\/\/www.europesays.com\/no\/wp-json\/wp\/v2\/comments?post=126200"}],"version-history":[{"count":0,"href":"https:\/\/www.europesays.com\/no\/wp-json\/wp\/v2\/posts\/126200\/revisions"}],"wp:featuredmedia":[{"embeddable":true,"href":"https:\/\/www.europesays.com\/no\/wp-json\/wp\/v2\/media\/126201"}],"wp:attachment":[{"href":"https:\/\/www.europesays.com\/no\/wp-json\/wp\/v2\/media?parent=126200"}],"wp:term":[{"taxonomy":"category","embeddable":true,"href":"https:\/\/www.europesays.com\/no\/wp-json\/wp\/v2\/categories?post=126200"},{"taxonomy":"post_tag","embeddable":true,"href":"https:\/\/www.europesays.com\/no\/wp-json\/wp\/v2\/tags?post=126200"}],"curies":[{"name":"wp","href":"https:\/\/api.w.org\/{rel}","templated":true}]}}