{"id":126206,"date":"2026-01-01T12:30:20","date_gmt":"2026-01-01T12:30:20","guid":{"rendered":"https:\/\/www.europesays.com\/no\/126206\/"},"modified":"2026-01-01T12:30:20","modified_gmt":"2026-01-01T12:30:20","slug":"politi-helgeland-rolig-nyttarsnatt-pa-helgeland-meldt-om-kun-en-hendelse","status":"publish","type":"post","link":"https:\/\/www.europesays.com\/no\/126206\/","title":{"rendered":"Politi, Helgeland | Rolig nytt\u00e5rsnatt p\u00e5 Helgeland \u2013 meldt om kun \u00e9n hendelse"},"content":{"rendered":"\n<p>Natt til f\u00f8rste nytt\u00e5rsdag har politiet i Nordland kun meldt om \u00e9n hendelse p\u00e5 Helgeland og fem hendelser i hele fylket. <\/p>\n<p>I Rana p\u00e5grep politiet en mann etter tips fra publikum om mulig promillekj\u00f8ring. Mannen erkjente \u00e5 kj\u00f8re i beruset tilstand. Han fikk f\u00f8rerkortet beslaglagt og saken blir etterforsket.<\/p>\n<p>Overfor<a href=\"https:\/\/www.ranablad.no\/fikk-tips-fra-publikum-stanset-fyllekjorer-i-mo-i-rana-i-natt\/s\/5-42-1539206\" rel=\"Follow nofollow noopener\" target=\"_blank\"> Rana Blad<\/a> opplyser politiet at den p\u00e5grepne er en mann i midten av 20-\u00e5rene. <\/p>\n<p>\u2013 Vi fikk tips om at mannen hadde stukket av med en bil og fikk fanget ham opp i det som var hans egen bil. Han var ganske beruset, opplyser operasjonslederen til avisa. Han legger til at det har v\u00e6rt en grei nytt\u00e5rsaften med litt fyll og spetakkel, men ikke mer enn det som er normalt p\u00e5 en vanlig natt til s\u00f8ndag.<\/p>\n<p>I l\u00f8pet av de sene nattestimene bortviste politiet en beruset mann fra et utested i Bod\u00f8, etter at han slo en vekter. Politiet melder at vekteren anmelder forholdet.<\/p>\n<p>De \u00f8vrige tre hendelsene var i Narvik og V\u00e5gan og dreide seg om mistanke om rusp\u00e5virket kj\u00f8ring, en mann p\u00e5 en pub i Svolv\u00e6r som var overstadig beruset og gjenstridig og nektet \u00e5 f\u00f8lge politiets p\u00e5legg om \u00e5 forlate stedet og en fort\u00f8yd fiskeb\u00e5t som hadde f\u00e5tt slagside og m\u00e5tte berges. <\/p>\n","protected":false},"excerpt":{"rendered":"Natt til f\u00f8rste nytt\u00e5rsdag har politiet i Nordland kun meldt om \u00e9n hendelse p\u00e5 Helgeland og fem hendelser&hellip;\n","protected":false},"author":2,"featured_media":4133,"comment_status":"","ping_status":"","sticky":false,"template":"","format":"standard","meta":{"footnotes":""},"categories":[10],"tags":[36,20,21,24,25,15,2551,22,23,13,30,28,29,14,14090,16,254,1510,26,27],"class_list":{"0":"post-126206","1":"post","2":"type-post","3":"status-publish","4":"format-standard","5":"has-post-thumbnail","7":"category-norge","8":"tag-art","9":"tag-breaking-news","10":"tag-breakingnews","11":"tag-featured-news","12":"tag-featurednews","13":"tag-headlines","14":"tag-helgeland","15":"tag-latest-news","16":"tag-latestnews","17":"tag-news","18":"tag-no","19":"tag-norge","20":"tag-norway","21":"tag-nyheter","22":"tag-nyttar","23":"tag-overskrifter","24":"tag-politi","25":"tag-story","26":"tag-top-stories","27":"tag-topstories"},"share_on_mastodon":{"url":"https:\/\/pubeurope.com\/@no\/115819854055290990","error":""},"_links":{"self":[{"href":"https:\/\/www.europesays.com\/no\/wp-json\/wp\/v2\/posts\/126206","targetHints":{"allow":["GET"]}}],"collection":[{"href":"https:\/\/www.europesays.com\/no\/wp-json\/wp\/v2\/posts"}],"about":[{"href":"https:\/\/www.europesays.com\/no\/wp-json\/wp\/v2\/types\/post"}],"author":[{"embeddable":true,"href":"https:\/\/www.europesays.com\/no\/wp-json\/wp\/v2\/users\/2"}],"replies":[{"embeddable":true,"href":"https:\/\/www.europesays.com\/no\/wp-json\/wp\/v2\/comments?post=126206"}],"version-history":[{"count":0,"href":"https:\/\/www.europesays.com\/no\/wp-json\/wp\/v2\/posts\/126206\/revisions"}],"wp:featuredmedia":[{"embeddable":true,"href":"https:\/\/www.europesays.com\/no\/wp-json\/wp\/v2\/media\/4133"}],"wp:attachment":[{"href":"https:\/\/www.europesays.com\/no\/wp-json\/wp\/v2\/media?parent=126206"}],"wp:term":[{"taxonomy":"category","embeddable":true,"href":"https:\/\/www.europesays.com\/no\/wp-json\/wp\/v2\/categories?post=126206"},{"taxonomy":"post_tag","embeddable":true,"href":"https:\/\/www.europesays.com\/no\/wp-json\/wp\/v2\/tags?post=126206"}],"curies":[{"name":"wp","href":"https:\/\/api.w.org\/{rel}","templated":true}]}}