{"id":126211,"date":"2026-01-01T12:44:15","date_gmt":"2026-01-01T12:44:15","guid":{"rendered":"https:\/\/www.europesays.com\/no\/126211\/"},"modified":"2026-01-01T12:44:15","modified_gmt":"2026-01-01T12:44:15","slug":"lager-film-om-sorlandsnyhetene-tror-flere-kan-kjenne-seg-igjen","status":"publish","type":"post","link":"https:\/\/www.europesays.com\/no\/126211\/","title":{"rendered":"Lager film om S\u00f8rlands\u00adnyhe\u00adtene. Tror flere kan kjenne seg igjen."},"content":{"rendered":"<p class=\"extendedContent hyperion-css-eyn926\" data-test-tag=\"lead-text\">Dan Korneli og Kristian Landmark mener tidspunktet er riktig, og har f\u00e5tt med flere sentrale akt\u00f8rer i sin nye dokumentarfilm om S\u00f8rlandsnyhetene. Men \u00e9n person sa nei.<\/p>\n<p><img decoding=\"async\" class=\"image-asset hyperion-css-u06ts1\" data-test-tag=\"image-asset\" src=\"https:\/\/www.europesays.com\/no\/wp-content\/uploads\/2026\/01\/6999a684-d066-4ed1-bf56-e88e985aa849.jpeg\"  alt=\"I kj\u00f8lvannet av S\u00f8rlandsnyhetene dukket det opp flere kunstverk rundt om i Kristiansand. Bildene f\u00f8rte til stor diskusjon. Tronn Hansen har siden st\u00e5tt frem som kunstneren bak.\"  loading=\"eager\" fetchpriority=\"high\" style=\"aspect-ratio:2048 \/ 1093\"\/>I kj\u00f8lvannet av S\u00f8rlandsnyhetene dukket det opp flere kunstverk rundt om i Kristiansand. Bildene f\u00f8rte til stor diskusjon. Tronn Hansen har siden st\u00e5tt frem som kunstneren bak. Foto: Skjermdump<\/p>\n<p>Publisert: 01.01.2026 12:30<\/p>\n<p class=\"paywall hyperion-css-1j42uic\"><strong>(F\u00e6drelandsvennen): <\/strong>\u2013 Vi h\u00e5per at man kan l\u00e6re noe av denne historien, og tror det er en historie som engasjerer, sier Kristian Landmark til FVN.<\/p>\n<p class=\"paywall hyperion-css-1j42uic\">Han er produsent for en ny film som kommer til v\u00e5ren. \u00abM\u00f8rke skyer\u00bb er en dokumentarisk spillefilm som tar for seg det som skjedde da nettsiden S\u00f8rlandsnyhetene vokste frem i Kristiansand f\u00f8r lokalvalget i 2019.<\/p>\n<p class=\"hyperion-css-1qm9e9t\">Les hele saken med abonnement<\/p>\n<p>Allerede abonnent? Logg inn<\/p>\n","protected":false},"excerpt":{"rendered":"Dan Korneli og Kristian Landmark mener tidspunktet er riktig, og har f\u00e5tt med flere sentrale akt\u00f8rer i sin&hellip;\n","protected":false},"author":2,"featured_media":126212,"comment_status":"","ping_status":"","sticky":false,"template":"","format":"standard","meta":{"footnotes":""},"categories":[10],"tags":[20,21,24,25,15,22,23,13,30,28,29,14,16,26,27],"class_list":{"0":"post-126211","1":"post","2":"type-post","3":"status-publish","4":"format-standard","5":"has-post-thumbnail","7":"category-norge","8":"tag-breaking-news","9":"tag-breakingnews","10":"tag-featured-news","11":"tag-featurednews","12":"tag-headlines","13":"tag-latest-news","14":"tag-latestnews","15":"tag-news","16":"tag-no","17":"tag-norge","18":"tag-norway","19":"tag-nyheter","20":"tag-overskrifter","21":"tag-top-stories","22":"tag-topstories"},"share_on_mastodon":{"url":"https:\/\/pubeurope.com\/@no\/115819909382743861","error":""},"_links":{"self":[{"href":"https:\/\/www.europesays.com\/no\/wp-json\/wp\/v2\/posts\/126211","targetHints":{"allow":["GET"]}}],"collection":[{"href":"https:\/\/www.europesays.com\/no\/wp-json\/wp\/v2\/posts"}],"about":[{"href":"https:\/\/www.europesays.com\/no\/wp-json\/wp\/v2\/types\/post"}],"author":[{"embeddable":true,"href":"https:\/\/www.europesays.com\/no\/wp-json\/wp\/v2\/users\/2"}],"replies":[{"embeddable":true,"href":"https:\/\/www.europesays.com\/no\/wp-json\/wp\/v2\/comments?post=126211"}],"version-history":[{"count":0,"href":"https:\/\/www.europesays.com\/no\/wp-json\/wp\/v2\/posts\/126211\/revisions"}],"wp:featuredmedia":[{"embeddable":true,"href":"https:\/\/www.europesays.com\/no\/wp-json\/wp\/v2\/media\/126212"}],"wp:attachment":[{"href":"https:\/\/www.europesays.com\/no\/wp-json\/wp\/v2\/media?parent=126211"}],"wp:term":[{"taxonomy":"category","embeddable":true,"href":"https:\/\/www.europesays.com\/no\/wp-json\/wp\/v2\/categories?post=126211"},{"taxonomy":"post_tag","embeddable":true,"href":"https:\/\/www.europesays.com\/no\/wp-json\/wp\/v2\/tags?post=126211"}],"curies":[{"name":"wp","href":"https:\/\/api.w.org\/{rel}","templated":true}]}}